{"id":499109,"date":"2021-08-14T12:28:54","date_gmt":"2021-08-14T16:28:54","guid":{"rendered":"https:\/\/diarioelpopular.com\/?p=499109"},"modified":"2021-08-14T12:28:54","modified_gmt":"2021-08-14T16:28:54","slug":"canadienses-divididos-sobre-un-tema-clave-antes-de-una-posible-convocatoria-electoral","status":"publish","type":"post","link":"https:\/\/diarioelpopular.com\/index.php\/2021\/08\/14\/canadienses-divididos-sobre-un-tema-clave-antes-de-una-posible-convocatoria-electoral\/","title":{"rendered":"Canadienses divididos sobre un tema clave antes de una posible convocatoria electoral"},"content":{"rendered":"<p><img loading=\"lazy\" decoding=\"async\" class=\"alignnone size-custom-full-size wp-image-499110\" src=\"https:\/\/diarioelpopular.com\/wp-content\/uploads\/2021\/08\/CPT12425742-636x424.jpg\" alt=\"\" width=\"636\" height=\"424\" srcset=\"https:\/\/diarioelpopular.com\/wp-content\/uploads\/2021\/08\/CPT12425742-636x424.jpg 636w, https:\/\/diarioelpopular.com\/wp-content\/uploads\/2021\/08\/CPT12425742-300x200.jpg 300w, https:\/\/diarioelpopular.com\/wp-content\/uploads\/2021\/08\/CPT12425742-768x512.jpg 768w, https:\/\/diarioelpopular.com\/wp-content\/uploads\/2021\/08\/CPT12425742-109x73.jpg 109w, https:\/\/diarioelpopular.com\/wp-content\/uploads\/2021\/08\/CPT12425742.jpg 1024w\" sizes=\"auto, (max-width: 636px) 100vw, 636px\" \/><\/p>\n<h4><em><strong>&#8211; Una nueva encuesta encuentra que ning\u00fan tema de pol\u00edtica es una prioridad para los canadienses antes de una posible convocatoria de elecciones federales este fin de semana.<\/strong><\/em><\/h4>\n<h4><em><strong>&#8211; Cerca de 600 nuevos casos reportados este s\u00e1bado<\/strong><\/em><\/h4>\n<p><em><strong>OTTAWA.-<\/strong> <\/em>La encuesta de Opini\u00f3n P\u00fablica de Maru encontr\u00f3 que de los temas de pol\u00edticas probados, uno de cada cinco canadienses identific\u00f3 el empleo y la econom\u00eda, el sistema de atenci\u00f3n m\u00e9dica o los impuestos y el gasto p\u00fablico como el tema principal.<\/p>\n<p>Solo el 10 por ciento dijo que la respuesta del gobierno a la pandemia de COVID-19 era el tema m\u00e1s importante.<\/p>\n<p>Se espera que el primer ministro Justin Trudeau convoque elecciones anticipadas en alg\u00fan momento durante el fin de semana, probablemente el 20 de septiembre.<\/p>\n<p>La encuesta tambi\u00e9n encontr\u00f3 que la mayor\u00eda de los canadienses, m\u00e1s del 65 por ciento, desear\u00eda que hubiera otra parte que entendiera mejor los problemas que les preocupaban.<\/p>\n<p>Debido a eso, cuatro de cada 10 votantes considerar\u00edan cambiar su voto por otro partido del que prefieren actualmente.<\/p>\n<p>La encuesta de 3,019 adultos canadienses seleccionados al azar que son Maru Voice Canada en l\u00ednea se realiz\u00f3 del 7 al 10 de agosto con un margen de error de +\/- 1.8 por ciento, 19 de 20 veces.<\/p>\n<h4><em><strong>Cerca de 600 nuevos casos reportados este s\u00e1bado<\/strong><\/em><\/h4>\n<p><em>Actualizado s\u00e1bado 14 de agosto de 2021 12:20 p.m.<\/em><\/p>\n<h4><em><strong>El gobierno de Ontario informa 578 nuevos casos de COVID-19 y dos muertes m\u00e1s relacionadas con el virus.<\/strong><\/em><\/h4>\n<p><em><strong>TORONTO.-<\/strong> <\/em>El recuento de casos de este s\u00e1bado es m\u00e1s alto que el del viernes, en el que se informaron 510 nuevas infecciones.<\/p>\n<p>Los funcionarios provinciales notaron que dos personas m\u00e1s murieron el viernes, lo que eleva el n\u00famero total de personas muertas a 9.418.<\/p>\n<p>Actualmente hay 136 pacientes con COVID-19 en las salas del hospital general. Hay 111 personas en las unidades de cuidados intensivos y 72 de esos pacientes de la UCI est\u00e1n conectados a ventiladores.<\/p>\n<p>El gobierno de Ontario comenz\u00f3 recientemente a incluir el estado de vacunaci\u00f3n de los hospitalizados debido a COVID-19 como parte de sus informes de datos diarios.<\/p>\n<p>Los funcionarios se\u00f1alaron que el nuevo conjunto de datos crecer\u00e1 y mejorar\u00e1 con el tiempo a medida que se recopile m\u00e1s informaci\u00f3n. Sin embargo, los datos m\u00e1s recientes publicados el viernes mostraron que 11 personas en las salas del hospital general debido a COVID-19 estaban completamente vacunadas, mientras que 74 no estaban vacunadas o estaban parcialmente vacunadas. Para aquellos en UCI, uno estaba completamente vacunado mientras que 57 no estaban vacunados o estaban parcialmente vacunados.<\/p>\n<p>El viernes, se realizaron 23,468 pruebas de COVID-19 y el 2.4 por ciento de esas pruebas dieron positivo.<\/p>\n<p>Seg\u00fan el \u00faltimo informe de datos provinciales, se registraron 153 nuevos casos en Toronto, 67 en la regi\u00f3n de Peel, 64 en la regi\u00f3n de York, 57 en Hamilton y 42 en Windsor-Essex, 23 en la regi\u00f3n del Ni\u00e1gara, 21 en la regi\u00f3n de Halton, 20 en Durham. Region y 20 en Middlesex-London. El resto de las unidades de salud p\u00fablica ten\u00edan menos de 20 casos nuevos cada una.<\/p>\n<p>Tambi\u00e9n se inform\u00f3 que 260 casos se consideraron resueltos el viernes. Hasta la fecha, 542,206 de las 555,050 personas en Ontario que dieron positivo por coronavirus han tenido sus casos clasificados como resueltos.<\/p>\n<p>El gobierno inform\u00f3 a \u00faltima hora del viernes que el 81,40 por ciento de los residentes de Ontario de 12 a\u00f1os o m\u00e1s hab\u00edan recibido al menos una de las dos dosis de la vacuna COVID-19 Pfizer-BioNTech, Moderna u Oxford-AstraZeneca, mientras que el 73,10 por ciento recibi\u00f3 dos dosis.<\/p>\n","protected":false},"excerpt":{"rendered":"<p>&#8211; Una nueva encuesta encuentra que ning\u00fan tema de pol\u00edtica es una prioridad para los canadienses antes de una posible convocatoria de elecciones federales este&hellip;<\/p>\n","protected":false},"author":99,"featured_media":499110,"comment_status":"open","ping_status":"open","sticky":false,"template":"","format":"standard","meta":{"footnotes":""},"categories":[21,11191],"tags":[],"class_list":["post-499109","post","type-post","status-publish","format-standard","has-post-thumbnail","hentry","category-canada","category-top-news"],"_links":{"self":[{"href":"https:\/\/diarioelpopular.com\/index.php\/wp-json\/wp\/v2\/posts\/499109","targetHints":{"allow":["GET"]}}],"collection":[{"href":"https:\/\/diarioelpopular.com\/index.php\/wp-json\/wp\/v2\/posts"}],"about":[{"href":"https:\/\/diarioelpopular.com\/index.php\/wp-json\/wp\/v2\/types\/post"}],"author":[{"embeddable":true,"href":"https:\/\/diarioelpopular.com\/index.php\/wp-json\/wp\/v2\/users\/99"}],"replies":[{"embeddable":true,"href":"https:\/\/diarioelpopular.com\/index.php\/wp-json\/wp\/v2\/comments?post=499109"}],"version-history":[{"count":1,"href":"https:\/\/diarioelpopular.com\/index.php\/wp-json\/wp\/v2\/posts\/499109\/revisions"}],"predecessor-version":[{"id":499111,"href":"https:\/\/diarioelpopular.com\/index.php\/wp-json\/wp\/v2\/posts\/499109\/revisions\/499111"}],"wp:featuredmedia":[{"embeddable":true,"href":"https:\/\/diarioelpopular.com\/index.php\/wp-json\/wp\/v2\/media\/499110"}],"wp:attachment":[{"href":"https:\/\/diarioelpopular.com\/index.php\/wp-json\/wp\/v2\/media?parent=499109"}],"wp:term":[{"taxonomy":"category","embeddable":true,"href":"https:\/\/diarioelpopular.com\/index.php\/wp-json\/wp\/v2\/categories?post=499109"},{"taxonomy":"post_tag","embeddable":true,"href":"https:\/\/diarioelpopular.com\/index.php\/wp-json\/wp\/v2\/tags?post=499109"}],"curies":[{"name":"wp","href":"https:\/\/api.w.org\/{rel}","templated":true}]}}