{"id":499112,"date":"2021-08-14T12:33:50","date_gmt":"2021-08-14T16:33:50","guid":{"rendered":"https:\/\/diarioelpopular.com\/?p=499112"},"modified":"2021-08-14T12:33:50","modified_gmt":"2021-08-14T16:33:50","slug":"colombia-ivan-duque-sigue-en-caida","status":"publish","type":"post","link":"https:\/\/diarioelpopular.com\/index.php\/2021\/08\/14\/colombia-ivan-duque-sigue-en-caida\/","title":{"rendered":"Colombia: Iv\u00e1n Duque sigue en ca\u00edda"},"content":{"rendered":"<div id=\"attachment_499113\" style=\"width: 646px\" class=\"wp-caption alignnone\"><img loading=\"lazy\" decoding=\"async\" aria-describedby=\"caption-attachment-499113\" class=\"size-custom-full-size wp-image-499113\" src=\"https:\/\/diarioelpopular.com\/wp-content\/uploads\/2021\/08\/3c6c1d7197a43e9abba0bab8285db5fa-636x425.jpg\" alt=\"\" width=\"636\" height=\"425\" srcset=\"https:\/\/diarioelpopular.com\/wp-content\/uploads\/2021\/08\/3c6c1d7197a43e9abba0bab8285db5fa-636x425.jpg 636w, https:\/\/diarioelpopular.com\/wp-content\/uploads\/2021\/08\/3c6c1d7197a43e9abba0bab8285db5fa-300x200.jpg 300w, https:\/\/diarioelpopular.com\/wp-content\/uploads\/2021\/08\/3c6c1d7197a43e9abba0bab8285db5fa-768x513.jpg 768w, https:\/\/diarioelpopular.com\/wp-content\/uploads\/2021\/08\/3c6c1d7197a43e9abba0bab8285db5fa-109x73.jpg 109w, https:\/\/diarioelpopular.com\/wp-content\/uploads\/2021\/08\/3c6c1d7197a43e9abba0bab8285db5fa.jpg 945w\" sizes=\"auto, (max-width: 636px) 100vw, 636px\" \/><p id=\"caption-attachment-499113\" class=\"wp-caption-text\"><em>La imagen de la gesti\u00f3n de Iv\u00e1n Duque, cada vez m\u00e1s deteriorada<\/em><\/p><\/div>\n<h4><em><strong>El pa\u00eds sigue pesimista y ya piensa en reemplazo del Presidente<\/strong><\/em><\/h4>\n<p><em><strong>BOGOTA 14 AGO &#8211;<\/strong><\/em> La imagen del presidente colombiano, Iv\u00e1n Duque, se sigue deteriorando, de acuerdo a una encuesta revelada este viernes que se\u00f1al\u00f3 que el 67,6% de los entrevistados desaprobaba su gesti\u00f3n, frente al 29,3% que la apoyaba.<br \/>\nLa cifra es reveladora, dado que en la medici\u00f3n anterior, en abril cuando se iniciaron las protestas sociales que se extendieron hasta junio y que golpearon la imagen de Duque y su gobierno, la desaprobaci\u00f3n a la labor del jefe de Estado era del 63,2%, mientas que el 33,1% avalaba su gesti\u00f3n.<br \/>\nLa encuesta, elaborada por la firma Invamer para dos medios de prensa local, mostr\u00f3 que en todos los rangos de edad, en todos los estratos sociales y en todas las tendencias pol\u00edticas, incluida la derecha a la que pertenece, Duque es mal calificado.<br \/>\nA quien tambi\u00e9n la imagen se le desmorona es al ex presidente y ex senador de derecha, Alvaro Uribe, mentor pol\u00edtico de Duque, cuya opini\u00f3n desfavorable aument\u00f3 al pasar de 55,7% en abril al 59,8% en la actual medici\u00f3n en la que el 36,4% dijo tener una imagen favorable del dirigente pol\u00edtico.<br \/>\nEl pesimismo tambi\u00e9n sigue reinando en Colombia, dado que el 76,6% de los consultados opin\u00f3 que el pa\u00eds va por &#8220;mal camino&#8221; y solo el 20,1% se manifest\u00f3 optimista.<br \/>\nPese al grado de malestar generalizado, la cifra es levemente menor respecto de la medici\u00f3n anterior (abril) cuando el 77,5% era pesimista y solo el 18,6% cre\u00eda que el pa\u00eds marchaba por buen rumbo.<br \/>\nFrente a lo que le preocupa en estos momentos a los colombianos hay tres asuntos que consideran han empeorado: la corrupci\u00f3n con el 93%, el costo de vida con el 91% y la inseguridad con el 90,3%.<br \/>\nSalvo la iglesia cat\u00f3lica (55,8%), las fuerza militares (54,3%) y los empresarios (48,7%) que cuentan con una opini\u00f3n favorable, otras instituciones como los partidos pol\u00edticos (81,3%), el Congreso (76,7%) y el sistema judicial (72,3%) tienen una imagen desfavorable entre los colombianos, de acuerdo al sondeo.<br \/>\nLa encuesta, hecha a 1008 personas en cerca de 50 ciudades, entre capitales y peque\u00f1as poblaciones en gran parte del pa\u00eds y con un margen de confiabilidad del 95%, tambi\u00e9n consult\u00f3 sobre las elecciones presidenciales de mayo del pr\u00f3ximo a\u00f1o.<br \/>\nA nueve meses de esa votaci\u00f3n, el senador izquierdista Gustavo Petro tiene una intenci\u00f3n de voto del 30,2%, 8,1 puntos porcentuales menos que en abril pasado, pero se mantiene en la cabeza de las preferencias.<br \/>\nMedido con los dem\u00e1s posibles aspirantes, Petro los derrota a todos con mayores y menores m\u00e1rgenes, resalt\u00f3 el sondeo.<br \/>\n&#8220;En todos los escenarios con Fajardo, con Gaviria, con el que ponga Uribe, seg\u00fan la encuesta Invamer, ganamos la Presidencia de la Rep\u00fablica. A redoblar esfuerzos&#8221;, escribi\u00f3 en Twitter el legislador, quien perdi\u00f3 el balotaje con Duque en las elecciones de 2018.<\/p>\n","protected":false},"excerpt":{"rendered":"<p>El pa\u00eds sigue pesimista y ya piensa en reemplazo del Presidente BOGOTA 14 AGO &#8211; La imagen del presidente colombiano, Iv\u00e1n Duque, se sigue deteriorando,&hellip;<\/p>\n","protected":false},"author":99,"featured_media":499113,"comment_status":"open","ping_status":"open","sticky":false,"template":"","format":"standard","meta":{"footnotes":""},"categories":[23],"tags":[],"class_list":["post-499112","post","type-post","status-publish","format-standard","has-post-thumbnail","hentry","category-latinoamerica"],"_links":{"self":[{"href":"https:\/\/diarioelpopular.com\/index.php\/wp-json\/wp\/v2\/posts\/499112","targetHints":{"allow":["GET"]}}],"collection":[{"href":"https:\/\/diarioelpopular.com\/index.php\/wp-json\/wp\/v2\/posts"}],"about":[{"href":"https:\/\/diarioelpopular.com\/index.php\/wp-json\/wp\/v2\/types\/post"}],"author":[{"embeddable":true,"href":"https:\/\/diarioelpopular.com\/index.php\/wp-json\/wp\/v2\/users\/99"}],"replies":[{"embeddable":true,"href":"https:\/\/diarioelpopular.com\/index.php\/wp-json\/wp\/v2\/comments?post=499112"}],"version-history":[{"count":1,"href":"https:\/\/diarioelpopular.com\/index.php\/wp-json\/wp\/v2\/posts\/499112\/revisions"}],"predecessor-version":[{"id":499114,"href":"https:\/\/diarioelpopular.com\/index.php\/wp-json\/wp\/v2\/posts\/499112\/revisions\/499114"}],"wp:featuredmedia":[{"embeddable":true,"href":"https:\/\/diarioelpopular.com\/index.php\/wp-json\/wp\/v2\/media\/499113"}],"wp:attachment":[{"href":"https:\/\/diarioelpopular.com\/index.php\/wp-json\/wp\/v2\/media?parent=499112"}],"wp:term":[{"taxonomy":"category","embeddable":true,"href":"https:\/\/diarioelpopular.com\/index.php\/wp-json\/wp\/v2\/categories?post=499112"},{"taxonomy":"post_tag","embeddable":true,"href":"https:\/\/diarioelpopular.com\/index.php\/wp-json\/wp\/v2\/tags?post=499112"}],"curies":[{"name":"wp","href":"https:\/\/api.w.org\/{rel}","templated":true}]}}