{"id":499118,"date":"2021-08-14T12:38:50","date_gmt":"2021-08-14T16:38:50","guid":{"rendered":"https:\/\/diarioelpopular.com\/?p=499118"},"modified":"2021-08-14T12:38:50","modified_gmt":"2021-08-14T16:38:50","slug":"agitan-un-juicio-politico-contra-evo-morales","status":"publish","type":"post","link":"https:\/\/diarioelpopular.com\/index.php\/2021\/08\/14\/agitan-un-juicio-politico-contra-evo-morales\/","title":{"rendered":"Agitan un juicio pol\u00edtico contra Evo Morales"},"content":{"rendered":"<div id=\"attachment_499119\" style=\"width: 646px\" class=\"wp-caption alignnone\"><img loading=\"lazy\" decoding=\"async\" aria-describedby=\"caption-attachment-499119\" class=\"size-custom-full-size wp-image-499119\" src=\"https:\/\/diarioelpopular.com\/wp-content\/uploads\/2021\/08\/e190a13e6b845d8afe65277e341890b4-636x423.jpg\" alt=\"\" width=\"636\" height=\"423\" srcset=\"https:\/\/diarioelpopular.com\/wp-content\/uploads\/2021\/08\/e190a13e6b845d8afe65277e341890b4-636x423.jpg 636w, https:\/\/diarioelpopular.com\/wp-content\/uploads\/2021\/08\/e190a13e6b845d8afe65277e341890b4-300x200.jpg 300w, https:\/\/diarioelpopular.com\/wp-content\/uploads\/2021\/08\/e190a13e6b845d8afe65277e341890b4-768x511.jpg 768w, https:\/\/diarioelpopular.com\/wp-content\/uploads\/2021\/08\/e190a13e6b845d8afe65277e341890b4-110x73.jpg 110w, https:\/\/diarioelpopular.com\/wp-content\/uploads\/2021\/08\/e190a13e6b845d8afe65277e341890b4.jpg 945w\" sizes=\"auto, (max-width: 636px) 100vw, 636px\" \/><p id=\"caption-attachment-499119\" class=\"wp-caption-text\"><em>Evo Morales, expresidente de Bolivia<\/em><\/p><\/div>\n<h4><em><strong>Por su intento de reelecci\u00f3n indefinida, tras fallo de la CIDH<\/strong><\/em><\/h4>\n<p><em><strong>LA PAZ 14 AGO &#8211;<\/strong><\/em> Un grupo de pol\u00edticos bolivianos, entre ellos varios expresidentes, est\u00e1n impulsando la concreci\u00f3n de un juicio pol\u00edtico contra el exmandatario Evo Morales por su intenci\u00f3n de plasmar una reelecci\u00f3n indefinida a ese cargo, lo que acaba de ser duramente objetado por la Comisi\u00f3n Interamericana de Derechos Humanos (CIDH).<br \/>\nLos expresidentes, Jorge Tuto Quiroga y Carlos Mesa pidieron por separado un juicio contra los ex magistrados del Tribunal Constitucional Plurinacional (TCP), contra Evo Morales, los ex vocales del Tribunal Supremo Electoral (TSE) y los 12 legisladores del Movimiento al Socialismo (MAS), el partido del l\u00edder ind\u00edgena, inform\u00f3 hoy el diario El Deber.<br \/>\nLos mencionados presentaron el recurso para permitir la re-postulaci\u00f3n de Morales por cuarta vez en 2019.<br \/>\n&#8220;Qui\u00e9nes deben responder son los sicarios de la democracia, que son los ex magistrados del Tribunal Constitucional, los parlamentarios que presentaron el pedido, los vocales del Tribunal Supremo Electoral y el propio Evo Morales que deben responder y reponer el gasto que se realiz\u00f3 en las elecciones&#8221;, dijo Quiroga en conferencia de prensa.<br \/>\nMesa tambi\u00e9n se pronunci\u00f3 y dijo que el fallo puso en evidencia las violaciones contra la democracia en Bolivia y al igual que su antecesor pidi\u00f3 procesar a Morales y quienes apoyaron la re-reelecci\u00f3n porque &#8220;en su ambici\u00f3n usaron tal falacia para violar la CPE (la Constituci\u00f3n, NDR) y burlar la decisi\u00f3n del pueblo&#8221;.<br \/>\nEn las \u00faltimas horas, la CIDH hizo p\u00fablico el fallo de sus magistrados y determin\u00f3 que la reelecci\u00f3n presidencial, que hab\u00eda invocado el MAS, &#8220;no es un derecho humano&#8221; y que &#8220;atenta contra la democracia&#8221;.<br \/>\nEl dictamen se conoci\u00f3 cuatro a\u00f1os despu\u00e9s que fuera planteada la consulta.<br \/>\nPara el Gobierno actual de Bolivia, encabezado por Luis Arce, tambi\u00e9n del MAS, este fallo solo puede regir para futuras elecciones, ya que la demanda era para las elecciones de 2019.<br \/>\nEl ministro de Justicia Iv\u00e1n Lima, mediante su cuenta personal en Twitter, asegur\u00f3 que Bolivia cumple los preceptos de la opini\u00f3n consultiva que fue publicada por la CIDH.<br \/>\nLa situaci\u00f3n podr\u00eda derivar hacia Colombia y Ecuador, gobernados hoy por Iv\u00e1n Duque y Jair Bolsonaro, ideol\u00f3gicamente en la vereda contraria a las posiciones del partido que gobierna hoy Bolivia.<br \/>\nEs que Brasil y Colombia son los pa\u00edses de la nueva Constituci\u00f3n Pol\u00edtica del Estado (CPE) que fue trabajada en el parlamento en 2009 y bajo ese rol podr\u00edan hacer un reclamo ante foros internacionales, ante la presunta violaci\u00f3n de la Carta Magna con el intento de reelecci\u00f3n indefinida.<br \/>\n&#8220;Recurrimos a los garantes Brasil y Colombia que estuvieron sentados en el Congreso en 2009 como garantes de la Constituci\u00f3n que mandaba una sola reelecci\u00f3n. Cuando alguien rompe un acuerdo hay que recurrir a los garantes&#8221;, bram\u00f3 Quiroga, reproducido por El Deber.<br \/>\nDe hecho fue Duque -junto al secretario general de la Organizaci\u00f3n de estados Americanos (OEA), Luis Almagro- quien plante\u00f3 hace cuatro a\u00f1os la cuesti\u00f3n ante la CIDH, que reci\u00e9n ahora se expidi\u00f3 en favor de ese reclamo contra Morales y lo consider\u00f3 un &#8220;atentado a la democracia&#8221;.<br \/>\nEl diario P\u00e1gina Siete dijo hoy que &#8220;Evo queda solo en su defensa de la reelecci\u00f3n indefinida&#8221;.<br \/>\nNi el presidente Luis Arce ni el vicepresidente David Choquehuanca ni el canciller Rogelio Mayta se pronunciaron oficialmente sobre la opini\u00f3n consultiva, remartc\u00f3 el peri\u00f3dico.<br \/>\nS\u00f3lo el ministro de Justicia Lima confirm\u00f3 mediante un mensaje en Twitter que el gobierno fue notificado de su contenido. Asegur\u00f3 que Bolivia cumple con los alcances de este pronunciamiento y que este &#8220;es un tema cerrado para el pa\u00eds&#8221;.<br \/>\nMorales decidi\u00f3 postularse a la reelecci\u00f3n indefinida violando la Constituci\u00f3n Pol\u00edtica del Estado que \u00e9l mismo dise\u00f1\u00f3 y aprob\u00f3 e ignorando la negativa de la ciudadan\u00eda expresada en el plebiscito del 21 de febrero de 2016, que consult\u00f3 la posibilidad de modificar la Carta Magna para dicho efecto.<br \/>\nEl argumento del l\u00edder cocalero -respaldado por el Tribunal Constitucional Purinacional- para postularse a un nuevo mandato de todas maneras, fue que era su &#8220;derecho humano&#8221;, algo refutado ahora por la CIDH.<\/p>\n","protected":false},"excerpt":{"rendered":"<p>Por su intento de reelecci\u00f3n indefinida, tras fallo de la CIDH LA PAZ 14 AGO &#8211; Un grupo de pol\u00edticos bolivianos, entre ellos varios expresidentes,&hellip;<\/p>\n","protected":false},"author":99,"featured_media":499119,"comment_status":"open","ping_status":"open","sticky":false,"template":"","format":"standard","meta":{"footnotes":""},"categories":[23],"tags":[],"class_list":["post-499118","post","type-post","status-publish","format-standard","has-post-thumbnail","hentry","category-latinoamerica"],"_links":{"self":[{"href":"https:\/\/diarioelpopular.com\/index.php\/wp-json\/wp\/v2\/posts\/499118","targetHints":{"allow":["GET"]}}],"collection":[{"href":"https:\/\/diarioelpopular.com\/index.php\/wp-json\/wp\/v2\/posts"}],"about":[{"href":"https:\/\/diarioelpopular.com\/index.php\/wp-json\/wp\/v2\/types\/post"}],"author":[{"embeddable":true,"href":"https:\/\/diarioelpopular.com\/index.php\/wp-json\/wp\/v2\/users\/99"}],"replies":[{"embeddable":true,"href":"https:\/\/diarioelpopular.com\/index.php\/wp-json\/wp\/v2\/comments?post=499118"}],"version-history":[{"count":1,"href":"https:\/\/diarioelpopular.com\/index.php\/wp-json\/wp\/v2\/posts\/499118\/revisions"}],"predecessor-version":[{"id":499120,"href":"https:\/\/diarioelpopular.com\/index.php\/wp-json\/wp\/v2\/posts\/499118\/revisions\/499120"}],"wp:featuredmedia":[{"embeddable":true,"href":"https:\/\/diarioelpopular.com\/index.php\/wp-json\/wp\/v2\/media\/499119"}],"wp:attachment":[{"href":"https:\/\/diarioelpopular.com\/index.php\/wp-json\/wp\/v2\/media?parent=499118"}],"wp:term":[{"taxonomy":"category","embeddable":true,"href":"https:\/\/diarioelpopular.com\/index.php\/wp-json\/wp\/v2\/categories?post=499118"},{"taxonomy":"post_tag","embeddable":true,"href":"https:\/\/diarioelpopular.com\/index.php\/wp-json\/wp\/v2\/tags?post=499118"}],"curies":[{"name":"wp","href":"https:\/\/api.w.org\/{rel}","templated":true}]}}