{"id":499121,"date":"2021-08-14T12:41:13","date_gmt":"2021-08-14T16:41:13","guid":{"rendered":"https:\/\/diarioelpopular.com\/?p=499121"},"modified":"2021-08-14T12:41:13","modified_gmt":"2021-08-14T16:41:13","slug":"nace-otra-crisis-en-la-frontera-entre-mexico-y-eeuu","status":"publish","type":"post","link":"https:\/\/diarioelpopular.com\/index.php\/2021\/08\/14\/nace-otra-crisis-en-la-frontera-entre-mexico-y-eeuu\/","title":{"rendered":"Nace otra crisis en la frontera entre M\u00e9xico y EEUU"},"content":{"rendered":"<div id=\"attachment_499122\" style=\"width: 646px\" class=\"wp-caption alignnone\"><img loading=\"lazy\" decoding=\"async\" aria-describedby=\"caption-attachment-499122\" class=\"size-custom-full-size wp-image-499122\" src=\"https:\/\/diarioelpopular.com\/wp-content\/uploads\/2021\/08\/b00de72cecc1a113c792c18e22566065-636x423.jpg\" alt=\"\" width=\"636\" height=\"423\" srcset=\"https:\/\/diarioelpopular.com\/wp-content\/uploads\/2021\/08\/b00de72cecc1a113c792c18e22566065-636x423.jpg 636w, https:\/\/diarioelpopular.com\/wp-content\/uploads\/2021\/08\/b00de72cecc1a113c792c18e22566065-300x200.jpg 300w, https:\/\/diarioelpopular.com\/wp-content\/uploads\/2021\/08\/b00de72cecc1a113c792c18e22566065-768x511.jpg 768w, https:\/\/diarioelpopular.com\/wp-content\/uploads\/2021\/08\/b00de72cecc1a113c792c18e22566065-110x73.jpg 110w, https:\/\/diarioelpopular.com\/wp-content\/uploads\/2021\/08\/b00de72cecc1a113c792c18e22566065.jpg 945w\" sizes=\"auto, (max-width: 636px) 100vw, 636px\" \/><p id=\"caption-attachment-499122\" class=\"wp-caption-text\"><em>Las caras de los deportados pintadas en el muro entre M\u00e9xico y EEUU en Tijuana<\/em><\/p><\/div>\n<h4><em><strong>Empresarios y ONGS protestan por repatriaciones al sur de M\u00e9xico<\/strong><\/em><\/h4>\n<p><em><strong>CIUDAD DE MEXICO, 14 AGO &#8211;<\/strong> <\/em>Organizaciones humanitarias y empresarios protestaron por la nueva pol\u00edtica de Washington de repatriar al sureste de M\u00e9xico a grandes cantidades de migrantes irregulares de Centroam\u00e9rica, que convirtieron a ciudades como Tapachula en el &#8220;nuevo muro&#8221; de Estados Unidos.<br \/>\nEste &#8220;operativo conjunto de devoluci\u00f3n&#8221; de personas &#8220;contraviene el derecho internacional y los principios humanitarios&#8221;, se\u00f1alaron las entidades civiles y agencias de la Organizaci\u00f3n de Naciones Unidas (ONU).<br \/>\n&#8220;Est\u00e1n haciendo de Tapachula&#8221;, estado de Chiapas, cerca de la frontera con Guatemala, y otras ciudades del sureste mexicano &#8220;una ola de presi\u00f3n que est\u00e1 a punto de reventar&#8221;, alert\u00f3 el l\u00edder empresarial Pascual Necochea.<br \/>\n&#8220;Tapachula se convirti\u00f3 en el muro migratorio de Norteam\u00e9rica. Los muros ya no son de concreto ni de acero, el muro es una ciudad que se llama Tapachula&#8221;, se\u00f1al\u00f3 Necochea, presidente de la Confederaci\u00f3n Patronal de la Rep\u00fablica Mexicana en la zona.<br \/>\nEl Colectivo de Observaci\u00f3n y Monitoreo de Derechos Humanos en el Sureste Mexicano constat\u00f3 que un nuevo vuelo diario procedente de McAllen, Texas, colindante con M\u00e9xico, con personas sin documentos de Centroam\u00e9rica, est\u00e1 llegando a Tapachula y otros a Villahermosa, estado sure\u00f1o de Tabasco.<br \/>\nLos migrantes expulsados son luego transportados en pullmans del Instituto Nacional de Migraci\u00f3n (INM) hacia ciudades de la frontera con Guatemala, custodiados por patrullas de Guardia Nacional.<br \/>\nPor su parte, la Agencia de la ONU para los Refugiados (ACNUR) manifest\u00f3 su preocupaci\u00f3n por este traslado en masa, y estim\u00f3 que &#8220;constituye una nueva y preocupante dimensi\u00f3n en la aplicaci\u00f3n de la orden de salud p\u00fablica relacionada con el Covid-19, conocida como &#8220;T\u00edtulo 42&#8221;.<br \/>\nAdem\u00e1s, alert\u00f3 sobre el peligro de que se consolide un modelo de &#8220;devoluci\u00f3n en cadena&#8221; de migrantes de otros pa\u00edses sin acuerdos oficiales de por medio y sin las &#8220;debidas garant\u00edas legales&#8221;.<br \/>\nEste esquema ir\u00eda en contra del &#8220;derecho internacional y los principios humanitarios y de la convenci\u00f3n sobre el Estatuto de los Refugiados de 1951, seg\u00fan la ACNUR.<br \/>\nDirigentes empresariales en Chiapas estimaron que entre 70.000 y 120.000 extranjeros est\u00e1n varados, lo que representa hasta 30% de los habitantes de Tapachula, provocando que los servicios p\u00fablicos se saturen, el comercio informal se multiplique y se generen problemas como la mendicidad.<br \/>\n&#8220;Por todos lados se ven personas pidiendo limosna y hay reportes de hechos violentos entre migrantes y residentes&#8221;, dijeron los hombres de negocios, preocupados por la posibilidad de que se &#8220;agrave la crisis sanitaria por la pandemia de Covid, debido a que no se cumplen con las medidas sanitarias&#8221;.<br \/>\n&#8220;No hay palabras para expresar la indignaci\u00f3n que sentimos&#8221; por el env\u00edo en masa de los migrantes desde Estados Unidos y el norte de M\u00e9xico&#8221;, se\u00f1al\u00f3 Necochea, quien pidi\u00f3 que los for\u00e1neos sean trasladados a otras ciudades del pa\u00eds &#8220;para descongestionar la frontera sur mientras se resuelven sus pedidos de asilo&#8221;.<br \/>\nEn junio pasado, la ONG Amnist\u00eda Internacional (AI) denunci\u00f3 que los gobiernos de M\u00e9xico y Estados Unidos est\u00e1n colaborando en la devoluci\u00f3n a sus pa\u00edses de origen de miles de ni\u00f1os y ni\u00f1as, exponi\u00e9ndolos a &#8220;situaciones de peligro&#8221;.<br \/>\nEstos \u00faltimos &#8220;buscan seguridad a los pa\u00edses de los que acaban de huir&#8221; y ahora son regresados &#8220;sin un proceso de selecci\u00f3n adecuado y sin brindarles protecci\u00f3n frente a los peligros a los que se pueden enfrentar a su regreso&#8221;, se\u00f1al\u00f3 la organizaci\u00f3n.<br \/>\nEl presidente, Andr\u00e9s Manuel L\u00f3pez Obrador, y la vicepresidenta estadounidense, Kamala Harris, se reunieron en junio pasado en Ciudad de M\u00e9xico y se comprometieron a aumentar la coordinaci\u00f3n para el control de la inmigraci\u00f3n.<br \/>\n&#8220;En realidad, eso se traduce en ampliar la interceptaci\u00f3n y devoluci\u00f3n de miles de ni\u00f1os y ni\u00f1as no acompa\u00f1ados a un peligro potencial en sus pa\u00edses de origen&#8221;, de acuerdo con el reporte de AI.<br \/>\n&#8220;La administraci\u00f3n Biden est\u00e1 devolviendo de forma sumaria a pr\u00e1cticamente todos los ni\u00f1os y ni\u00f1as mexicanos no acompa\u00f1ados tan s\u00f3lo unas horas despu\u00e9s de que busquen protecci\u00f3n, en muchos casos sin considerar los peligros a los que podr\u00edan enfrentarse a su regreso&#8221;, insisti\u00f3 Erika Guevara, directora para las Am\u00e9ricas.<\/p>\n","protected":false},"excerpt":{"rendered":"<p>Empresarios y ONGS protestan por repatriaciones al sur de M\u00e9xico CIUDAD DE MEXICO, 14 AGO &#8211; Organizaciones humanitarias y empresarios protestaron por la nueva pol\u00edtica&hellip;<\/p>\n","protected":false},"author":99,"featured_media":499122,"comment_status":"open","ping_status":"open","sticky":false,"template":"","format":"standard","meta":{"footnotes":""},"categories":[23],"tags":[],"class_list":["post-499121","post","type-post","status-publish","format-standard","has-post-thumbnail","hentry","category-latinoamerica"],"_links":{"self":[{"href":"https:\/\/diarioelpopular.com\/index.php\/wp-json\/wp\/v2\/posts\/499121","targetHints":{"allow":["GET"]}}],"collection":[{"href":"https:\/\/diarioelpopular.com\/index.php\/wp-json\/wp\/v2\/posts"}],"about":[{"href":"https:\/\/diarioelpopular.com\/index.php\/wp-json\/wp\/v2\/types\/post"}],"author":[{"embeddable":true,"href":"https:\/\/diarioelpopular.com\/index.php\/wp-json\/wp\/v2\/users\/99"}],"replies":[{"embeddable":true,"href":"https:\/\/diarioelpopular.com\/index.php\/wp-json\/wp\/v2\/comments?post=499121"}],"version-history":[{"count":1,"href":"https:\/\/diarioelpopular.com\/index.php\/wp-json\/wp\/v2\/posts\/499121\/revisions"}],"predecessor-version":[{"id":499123,"href":"https:\/\/diarioelpopular.com\/index.php\/wp-json\/wp\/v2\/posts\/499121\/revisions\/499123"}],"wp:featuredmedia":[{"embeddable":true,"href":"https:\/\/diarioelpopular.com\/index.php\/wp-json\/wp\/v2\/media\/499122"}],"wp:attachment":[{"href":"https:\/\/diarioelpopular.com\/index.php\/wp-json\/wp\/v2\/media?parent=499121"}],"wp:term":[{"taxonomy":"category","embeddable":true,"href":"https:\/\/diarioelpopular.com\/index.php\/wp-json\/wp\/v2\/categories?post=499121"},{"taxonomy":"post_tag","embeddable":true,"href":"https:\/\/diarioelpopular.com\/index.php\/wp-json\/wp\/v2\/tags?post=499121"}],"curies":[{"name":"wp","href":"https:\/\/api.w.org\/{rel}","templated":true}]}}