{"id":499174,"date":"2021-08-20T18:35:47","date_gmt":"2021-08-20T22:35:47","guid":{"rendered":"https:\/\/diarioelpopular.com\/?p=499174"},"modified":"2021-08-20T18:35:47","modified_gmt":"2021-08-20T22:35:47","slug":"aumentan-los-suicidios-entre-los-ninos-mexicanos","status":"publish","type":"post","link":"https:\/\/diarioelpopular.com\/index.php\/2021\/08\/20\/aumentan-los-suicidios-entre-los-ninos-mexicanos\/","title":{"rendered":"Aumentan los suicidios entre los ni\u00f1os mexicanos"},"content":{"rendered":"<div id=\"attachment_499175\" style=\"width: 646px\" class=\"wp-caption alignnone\"><img loading=\"lazy\" decoding=\"async\" aria-describedby=\"caption-attachment-499175\" class=\"size-custom-full-size wp-image-499175\" src=\"https:\/\/diarioelpopular.com\/wp-content\/uploads\/2021\/08\/c78cb0bc9e0802afa09f75a1a18ab97d-636x339.jpg\" alt=\"\" width=\"636\" height=\"339\" srcset=\"https:\/\/diarioelpopular.com\/wp-content\/uploads\/2021\/08\/c78cb0bc9e0802afa09f75a1a18ab97d-636x339.jpg 636w, https:\/\/diarioelpopular.com\/wp-content\/uploads\/2021\/08\/c78cb0bc9e0802afa09f75a1a18ab97d-300x160.jpg 300w, https:\/\/diarioelpopular.com\/wp-content\/uploads\/2021\/08\/c78cb0bc9e0802afa09f75a1a18ab97d-768x410.jpg 768w, https:\/\/diarioelpopular.com\/wp-content\/uploads\/2021\/08\/c78cb0bc9e0802afa09f75a1a18ab97d-137x73.jpg 137w, https:\/\/diarioelpopular.com\/wp-content\/uploads\/2021\/08\/c78cb0bc9e0802afa09f75a1a18ab97d.jpg 945w\" sizes=\"auto, (max-width: 636px) 100vw, 636px\" \/><p id=\"caption-attachment-499175\" class=\"wp-caption-text\"><em>Efecto colateral de la pandemia, aumento de los suicidios en menores en M\u00e9xico<\/em><\/p><\/div>\n<h4><em><strong>Seg\u00fan informe, fen\u00f3meno es m\u00e1s grave entre menores de 10 a 14<\/strong><\/em><\/h4>\n<p><em><strong>CIUDAD DE MEXICO, 20 AGO &#8211;<\/strong><\/em> Los suicidios infantiles aumentaron hasta 35% a consecuencia del confinamiento por la pandemia de Covid-19 en M\u00e9xico, revel\u00f3 un informe dado a conocer por el viceministro de Derechos Humanos, Alejandro Encinas.<br \/>\nEn t\u00e9rminos generales, hubo 1.150 suicidios en 2020, una cifra r\u00e9cord que represent\u00f3 un incremento del 12% respecto al a\u00f1o anterior, pero la situaci\u00f3n fue m\u00e1s dram\u00e1tica entre ni\u00f1os de 10 a 14 a\u00f1os, donde el aumento fue de 37%, de acuerdo con el funcionario.<br \/>\nEl problema se vio a acompa\u00f1ado con un crecimiento del 24% en las denuncias por violencia familiar en 2020.<br \/>\nAdem\u00e1s, s\u00f3lo en el primer trimestre de este a\u00f1o, los suicidios en este segmento demogr\u00e1fico aumentaron 24%.<br \/>\nEl reporte fue divulgado a unos d\u00edas de que se reanuden las actividades escolares en forma presencial, luego de m\u00e1s de un a\u00f1o de suspensi\u00f3n, que ha sido fatal para una gran parte de la poblaci\u00f3n infantil.<br \/>\nEs necesario que los ni\u00f1os &#8220;regresen de manera segura a clases con el objetivo de que recuperen sus espacios de convivencia&#8221;, dijo el viceministro.<br \/>\nLa decisi\u00f3n de retornar a las aulas ha dividido al poderoso sindicato de docentes y las organizaciones de padres de familia, pero es defendida por especialistas y por organizaciones internacionales.<br \/>\nFernando Carrera, representante en M\u00e9xico del Fondo de las Naciones Unidas para la Infancia (Unicef), respaldo esta medida bajo el argumento de que &#8220;no solo es necesario recuperar los aprendizajes perdidos, sino tambi\u00e9n la salud mental de ni\u00f1as y ni\u00f1os&#8221;.<br \/>\n&#8220;Las voces de las ni\u00f1as y ni\u00f1os son claras, este es un periodo que para todos ha sido de estr\u00e9s, desaf\u00edos, para ellos ha sido terriblemente cortante en su desarrollo personal afectivo, por eso queremos retornar con una visi\u00f3n de acompa\u00f1amiento efectivo&#8221;, afirm\u00f3.<br \/>\nLas autoridades educativas afirman que m\u00e1s de 5 millones de ni\u00f1os y adolescentes, de un universo de m\u00e1s de 25 millones, es decir, la quinta parte, desertaron de las escuelas debido a la pandemia.<br \/>\nExpertos se\u00f1alan que una gran cantidad de estudiantes no pueden seguir las clases a distancia por no tener una conexi\u00f3n de internet o un dispositivo electr\u00f3nico o porque deben ayudar a sus padres a trabajar, pero adem\u00e1s est\u00e1n expuestos a un ambiente de violencia constante.<br \/>\nEl viceministro Encinas se\u00f1al\u00f3 que el pensamiento suicida en adolescentes aument\u00f3 de 5,1 a 6,9% de 2018 a 2020.<br \/>\nEl a\u00f1o pasado, adicionalmente, el homicidio fue la tercera causa de defunci\u00f3n en ni\u00f1os y la sexta en ni\u00f1as de entre los 1 y 14 a\u00f1os, mientras que se convirti\u00f3 en la primera en adolescentes hombres de entre 15 y 17 a\u00f1os.<br \/>\nUna encuesta realizada por la Comisi\u00f3n de Derechos Humanos de la Ciudad de M\u00e9xico arroj\u00f3 que &#8220;los ni\u00f1os a\u00f1oran regresar a las aulas&#8221; pues les pesan 18 meses de pandemia y no soportan m\u00e1s el encierro, que ha repercutido en su estado an\u00edmico y mental.<br \/>\nSeg\u00fan el sondeo, siete de cada 10 ni\u00f1os consultados confesaron que lo que m\u00e1s les pone m\u00e1s contentos de retornar a las actividades escolares es volver a ver a sus amigos, entender mejor lo que se les ense\u00f1an y ver a sus maestros en persona.<br \/>\n&#8220;Lo que les hace feliz tan simple y llanamente es salir de casa&#8221;, indic\u00f3 Ram\u00edrez.<br \/>\nEn abril pasado, se dio a conocer la muerte de un ni\u00f1o de 12 a\u00f1os llamado Jos\u00e9 Angel, en el poblado de Tula, estado norte\u00f1o de Tamaulipas, que se colg\u00f3 en su casa con una soga, despu\u00e9s de que hab\u00eda revelado a sus abuelos su preocupaci\u00f3n de que iba mal en sus clases en l\u00ednea.<br \/>\nDe hecho, en una carta p\u00f3stuma, pidi\u00f3 perd\u00f3n a sus padres y abuelos por ser un ni\u00f1o &#8220;de bajo rendimiento&#8221;.<\/p>\n","protected":false},"excerpt":{"rendered":"<p>Seg\u00fan informe, fen\u00f3meno es m\u00e1s grave entre menores de 10 a 14 CIUDAD DE MEXICO, 20 AGO &#8211; Los suicidios infantiles aumentaron hasta 35% a&hellip;<\/p>\n","protected":false},"author":99,"featured_media":499175,"comment_status":"open","ping_status":"open","sticky":false,"template":"","format":"standard","meta":{"footnotes":""},"categories":[23],"tags":[],"class_list":["post-499174","post","type-post","status-publish","format-standard","has-post-thumbnail","hentry","category-latinoamerica"],"_links":{"self":[{"href":"https:\/\/diarioelpopular.com\/index.php\/wp-json\/wp\/v2\/posts\/499174","targetHints":{"allow":["GET"]}}],"collection":[{"href":"https:\/\/diarioelpopular.com\/index.php\/wp-json\/wp\/v2\/posts"}],"about":[{"href":"https:\/\/diarioelpopular.com\/index.php\/wp-json\/wp\/v2\/types\/post"}],"author":[{"embeddable":true,"href":"https:\/\/diarioelpopular.com\/index.php\/wp-json\/wp\/v2\/users\/99"}],"replies":[{"embeddable":true,"href":"https:\/\/diarioelpopular.com\/index.php\/wp-json\/wp\/v2\/comments?post=499174"}],"version-history":[{"count":1,"href":"https:\/\/diarioelpopular.com\/index.php\/wp-json\/wp\/v2\/posts\/499174\/revisions"}],"predecessor-version":[{"id":499176,"href":"https:\/\/diarioelpopular.com\/index.php\/wp-json\/wp\/v2\/posts\/499174\/revisions\/499176"}],"wp:featuredmedia":[{"embeddable":true,"href":"https:\/\/diarioelpopular.com\/index.php\/wp-json\/wp\/v2\/media\/499175"}],"wp:attachment":[{"href":"https:\/\/diarioelpopular.com\/index.php\/wp-json\/wp\/v2\/media?parent=499174"}],"wp:term":[{"taxonomy":"category","embeddable":true,"href":"https:\/\/diarioelpopular.com\/index.php\/wp-json\/wp\/v2\/categories?post=499174"},{"taxonomy":"post_tag","embeddable":true,"href":"https:\/\/diarioelpopular.com\/index.php\/wp-json\/wp\/v2\/tags?post=499174"}],"curies":[{"name":"wp","href":"https:\/\/api.w.org\/{rel}","templated":true}]}}