{"id":499177,"date":"2021-08-21T10:20:01","date_gmt":"2021-08-21T14:20:01","guid":{"rendered":"https:\/\/diarioelpopular.com\/?p=499177"},"modified":"2021-08-21T10:20:01","modified_gmt":"2021-08-21T14:20:01","slug":"mientras-los-liberales-se-amontonan-sobre-la-postura-del-aborto-de-los-conservadores-que-han-hecho-ellos","status":"publish","type":"post","link":"https:\/\/diarioelpopular.com\/index.php\/2021\/08\/21\/mientras-los-liberales-se-amontonan-sobre-la-postura-del-aborto-de-los-conservadores-que-han-hecho-ellos\/","title":{"rendered":"Mientras los liberales se amontonan sobre la postura del aborto de los conservadores, \u00bfqu\u00e9 han hecho ellos?"},"content":{"rendered":"<p><img loading=\"lazy\" decoding=\"async\" class=\"alignnone size-custom-full-size wp-image-499178\" src=\"https:\/\/diarioelpopular.com\/wp-content\/uploads\/2021\/08\/Screen-Shot-2021-08-21-at-10.18.13-AM-636x316.png\" alt=\"\" width=\"636\" height=\"316\" srcset=\"https:\/\/diarioelpopular.com\/wp-content\/uploads\/2021\/08\/Screen-Shot-2021-08-21-at-10.18.13-AM-636x316.png 636w, https:\/\/diarioelpopular.com\/wp-content\/uploads\/2021\/08\/Screen-Shot-2021-08-21-at-10.18.13-AM-300x149.png 300w, https:\/\/diarioelpopular.com\/wp-content\/uploads\/2021\/08\/Screen-Shot-2021-08-21-at-10.18.13-AM-768x381.png 768w, https:\/\/diarioelpopular.com\/wp-content\/uploads\/2021\/08\/Screen-Shot-2021-08-21-at-10.18.13-AM-146x73.png 146w, https:\/\/diarioelpopular.com\/wp-content\/uploads\/2021\/08\/Screen-Shot-2021-08-21-at-10.18.13-AM.png 846w\" sizes=\"auto, (max-width: 636px) 100vw, 636px\" \/><\/p>\n<h4><em><strong>&#8211; Funcion\u00f3 como un reloj: el l\u00edder conservador Erin O&#8217;Toole pronunci\u00f3 su apoyo al derecho al aborto y los liberales se apresuraron a se\u00f1alar el historial de su partido de hacer lo contrario.<\/strong><\/em><\/h4>\n<p>Pero sobre los \u00faltimos seis a\u00f1os en el gobierno del l\u00edder liberal Justin Trudeau, uno que \u00e9l dice ser feminista, \u00bfqu\u00e9 ha hecho para apoyar o mejorar los servicios de aborto en Canad\u00e1?<\/p>\n<p>Seg\u00fan la Coalici\u00f3n por los Derechos del Aborto de Canad\u00e1, podr\u00eda haber hecho mucho m\u00e1s.<\/p>\n<p>&#8220;Las brechas que exist\u00edan hace seis a\u00f1os, desafortunadamente, muchas de ellas todav\u00eda existen&#8221;, dijo Joyce Arthur, directora ejecutiva del grupo de defensa.<\/p>\n<p>Uno de los mayores, dice, es la falta de acceso a servicios de aborto fuera de las grandes ciudades. Quienes viven en \u00e1reas rurales tienen que viajar muchas horas en algunos casos porque no tienen m\u00e9dicos o instalaciones que brinden abortos quir\u00fargicos o m\u00e9dicos en sus comunidades.<\/p>\n<p>En agosto de 2019, un mes antes de la convocatoria de las \u00faltimas elecciones generales, siete de las 13 provincias y territorios no ten\u00edan un proveedor de servicios de aborto rural, seg\u00fan una lista compilada por Action Canada for Sexual Health and Rights.<\/p>\n<p>Frederique Chabot, directora de promoci\u00f3n de la salud de la organizaci\u00f3n, dice que la cifra es dif\u00edcil de rastrear dado que se ha vuelto m\u00e1s f\u00e1cil recetar Mifegymiso, conocida como la p\u00edldora abortiva, que ha ayudado a quienes viven fuera de las ciudades.<\/p>\n<p>Aunque el presupuesto federal de este mes de abril no fue el primero de los liberales, fue el primero en contener la palabra &#8220;aborto&#8221;, se\u00f1al\u00f3.<\/p>\n<p>El presupuesto tambi\u00e9n prometi\u00f3 $ 45 millones en fondos para organizaciones como la suya para servicios de salud sexual, que incluir\u00edan ayudas para viajes para quienes viven donde no se practican abortos. Todo qued\u00f3 en promesas.<\/p>\n<p>Es probable que ese dinero no fluya hasta el oto\u00f1o, despu\u00e9s de las elecciones del 20 de septiembre, agreg\u00f3.<\/p>\n<p>Bajo el mandato liberal, Chabot dice que ha observado un &#8220;descongelamiento&#8221; de los departamentos federales hacia el aborto, pero cree que Ottawa podr\u00eda hacer m\u00e1s usando sus poderes bajo la Ley de Salud de Canad\u00e1, una ley federal que gobierna la atenci\u00f3n m\u00e9dica financiada con fondos p\u00fablicos, para garantizar que las provincias realmente mejoren los servicios de aborto. ya que cae bajo su jurisdicci\u00f3n.<\/p>\n<p>&#8220;Si seguimos diciendo, &#8216;No reabriremos el debate&#8217;, o decimos, &#8216;Este es el derecho de una persona a elegir&#8217;, y eso es todo lo que protegemos, entonces estamos perdiendo el objetivo&#8221;, dijo.<\/p>\n<p>\u201cEn realidad, no aborda el statu quo, que es problem\u00e1tico. Hemos despenalizado el aborto hace 30 a\u00f1os en el pa\u00eds y a\u00fan as\u00ed, existen inmensas desigualdades en t\u00e9rminos de acceso en todo el pa\u00eds &#8220;.<\/p>\n<p>El gobierno liberal us\u00f3 su autoridad bajo la Ley de Salud de Canad\u00e1 en New Brunswick para retener parte del dinero de la transferencia de salud por la decisi\u00f3n de la provincia de no proporcionar fondos a la Cl\u00ednica 554 en Fredericton debido a una ley provincial de aborto que le proh\u00edbe pagar por el servicio fuera de sus tres hospitales aprobados.<\/p>\n<p>Trudeau hab\u00eda amenazado inicialmente con que millones dejar\u00edan de fluir a New Brunswick por la disputa, pero en realidad, equival\u00eda a una reducci\u00f3n de $ 140,216.<\/p>\n<p>Arthur aplaudi\u00f3 la medida, sin embargo, se\u00f1al\u00f3 que Trudeau esper\u00f3 hasta entrar en la campa\u00f1a electoral de 2019 para comprometerse a defender el derecho al aborto en la provincia a pesar de haber sido elegido cuatro a\u00f1os antes.<\/p>\n<p>&#8220;Me decepcion\u00f3 que les tomara tanto tiempo actuar&#8221;.<\/p>\n<p>Ella cree que se podr\u00edan lograr avances significativos para el acceso al aborto en Canad\u00e1 si el gobierno federal \u201credoblara\u201d la aplicaci\u00f3n de la Ley de Salud de Canad\u00e1.<\/p>\n<p>Otra cosa por la que Arthur ha abogado es que Health Canada publique informaci\u00f3n sobre los servicios de aborto en su sitio web para proporcionar a las personas una ubicaci\u00f3n central a la que puedan acceder para acceder a informaci\u00f3n precisa sobre el procedimiento para combatir cualquier informaci\u00f3n err\u00f3nea.<\/p>\n<p>\u201cNo tiene precedentes. Health Canada tiene alguna informaci\u00f3n, por ejemplo, sobre vacunas \u201d, se\u00f1al\u00f3.<\/p>\n<p>Chabot agreg\u00f3: &#8220;El gobierno hizo lo correcto al asegurarse de que el p\u00fablico canadiense tuviera la informaci\u00f3n correcta para tomar decisiones informadas, y debemos ver que eso suceda en torno a la salud sexual, espec\u00edficamente al aborto&#8221;.<\/p>\n<p>Cuando se trata de lo que el gobierno de Trudeau ha hecho, Arthur se\u00f1ala su decisi\u00f3n de financiar abortos en el extranjero en pa\u00edses en desarrollo de \u00c1frica, lo que no sucedi\u00f3 durante el ex primer ministro conservador Stephen Harper.<\/p>\n<p>Y aunque la ret\u00f3rica de Trudeau sobre los derechos reproductivos no siempre se traduce en una acci\u00f3n pol\u00edtica oportuna o coherente, Arthur dijo que sus palabras algo importan.<\/p>\n<p>&#8220;\u00c9l es uno de los, realmente, primeros primeros ministros que realmente se puso de pie y simplemente lo expres\u00f3&#8221;. Pero como dice el viejo adagio: Del dicho al hecho hay mucho trecho.<\/p>\n","protected":false},"excerpt":{"rendered":"<p>&#8211; Funcion\u00f3 como un reloj: el l\u00edder conservador Erin O&#8217;Toole pronunci\u00f3 su apoyo al derecho al aborto y los liberales se apresuraron a se\u00f1alar el&hellip;<\/p>\n","protected":false},"author":99,"featured_media":499178,"comment_status":"open","ping_status":"open","sticky":false,"template":"","format":"standard","meta":{"footnotes":""},"categories":[21,11191],"tags":[],"class_list":["post-499177","post","type-post","status-publish","format-standard","has-post-thumbnail","hentry","category-canada","category-top-news"],"_links":{"self":[{"href":"https:\/\/diarioelpopular.com\/index.php\/wp-json\/wp\/v2\/posts\/499177","targetHints":{"allow":["GET"]}}],"collection":[{"href":"https:\/\/diarioelpopular.com\/index.php\/wp-json\/wp\/v2\/posts"}],"about":[{"href":"https:\/\/diarioelpopular.com\/index.php\/wp-json\/wp\/v2\/types\/post"}],"author":[{"embeddable":true,"href":"https:\/\/diarioelpopular.com\/index.php\/wp-json\/wp\/v2\/users\/99"}],"replies":[{"embeddable":true,"href":"https:\/\/diarioelpopular.com\/index.php\/wp-json\/wp\/v2\/comments?post=499177"}],"version-history":[{"count":1,"href":"https:\/\/diarioelpopular.com\/index.php\/wp-json\/wp\/v2\/posts\/499177\/revisions"}],"predecessor-version":[{"id":499179,"href":"https:\/\/diarioelpopular.com\/index.php\/wp-json\/wp\/v2\/posts\/499177\/revisions\/499179"}],"wp:featuredmedia":[{"embeddable":true,"href":"https:\/\/diarioelpopular.com\/index.php\/wp-json\/wp\/v2\/media\/499178"}],"wp:attachment":[{"href":"https:\/\/diarioelpopular.com\/index.php\/wp-json\/wp\/v2\/media?parent=499177"}],"wp:term":[{"taxonomy":"category","embeddable":true,"href":"https:\/\/diarioelpopular.com\/index.php\/wp-json\/wp\/v2\/categories?post=499177"},{"taxonomy":"post_tag","embeddable":true,"href":"https:\/\/diarioelpopular.com\/index.php\/wp-json\/wp\/v2\/tags?post=499177"}],"curies":[{"name":"wp","href":"https:\/\/api.w.org\/{rel}","templated":true}]}}