{"id":499187,"date":"2021-08-22T11:25:25","date_gmt":"2021-08-22T15:25:25","guid":{"rendered":"https:\/\/diarioelpopular.com\/?p=499187"},"modified":"2021-08-22T11:25:25","modified_gmt":"2021-08-22T15:25:25","slug":"chile-una-democrata-cristiana-candidata","status":"publish","type":"post","link":"https:\/\/diarioelpopular.com\/index.php\/2021\/08\/22\/chile-una-democrata-cristiana-candidata\/","title":{"rendered":"Chile: Una dem\u00f3crata cristiana candidata"},"content":{"rendered":"<div id=\"attachment_499188\" style=\"width: 646px\" class=\"wp-caption alignnone\"><img loading=\"lazy\" decoding=\"async\" aria-describedby=\"caption-attachment-499188\" class=\"size-custom-full-size wp-image-499188\" src=\"https:\/\/diarioelpopular.com\/wp-content\/uploads\/2021\/08\/6fb49eb962601645c1004384a370da9d-636x425.jpg\" alt=\"\" width=\"636\" height=\"425\" srcset=\"https:\/\/diarioelpopular.com\/wp-content\/uploads\/2021\/08\/6fb49eb962601645c1004384a370da9d-636x425.jpg 636w, https:\/\/diarioelpopular.com\/wp-content\/uploads\/2021\/08\/6fb49eb962601645c1004384a370da9d-300x200.jpg 300w, https:\/\/diarioelpopular.com\/wp-content\/uploads\/2021\/08\/6fb49eb962601645c1004384a370da9d-768x513.jpg 768w, https:\/\/diarioelpopular.com\/wp-content\/uploads\/2021\/08\/6fb49eb962601645c1004384a370da9d-109x73.jpg 109w, https:\/\/diarioelpopular.com\/wp-content\/uploads\/2021\/08\/6fb49eb962601645c1004384a370da9d.jpg 945w\" sizes=\"auto, (max-width: 636px) 100vw, 636px\" \/><p id=\"caption-attachment-499188\" class=\"wp-caption-text\"><em>La senadora Yasna Provoste, convertida en candidata presidencial de la centroizquierda chilena<\/em><br \/><em>(foto: ANSA)<\/em><\/p><\/div>\n<h4><em><strong>Yasna Provoste representar\u00e1 a centroizquierda en presidenciales<\/strong><\/em><\/h4>\n<p><em><strong>SANTIAGO DE CHILE, 22 AGO &#8211;<\/strong><\/em> Una aplastante victoria obtuvo anoche la presidenta del Senado, la dem\u00f3crata cristiana Yasna Provoste, en la consulta ciudadana que defini\u00f3 en Chile al candidato presidencial del conglomerado de centroizquierda Unidad Constituyente.<br \/>\nLa exministra de Educaci\u00f3n del primer gobierno de Michelle Bachelet se impon\u00eda con el 62,2% tras escrutarse el 53,4% de las mesas receptoras de sufragios. En segundo lugar, se posicionaba la sic\u00f3loga socialista Paula Narv\u00e1ez, con el 26,4%, tercero, el abogado del partido Radical Socialdem\u00f3crata, Carlos Maldonado, con el 11,4%.<br \/>\n&#8220;Acabo de hablar con Yasna Provoste para reconocer su triunfo en esta consulta ciudadana y plantearle mi entera disposici\u00f3n a la unidad y el proyecto pol\u00edtico de la centroizquierda&#8221;, expres\u00f3 esta noche Paula Narv\u00e1ez, al reconocer su derrota.<br \/>\nLa profesora de Educaci\u00f3n F\u00edsica (51), gimnasta y campeona de pentatl\u00f3n, corri\u00f3 su mejor carrera al posicionarse en tan s\u00f3lo tres meses como la mejor carta para representar en los comicios presidenciales de noviembre pr\u00f3ximo a la debilitada exConcertaci\u00f3n de Partidos por la Democracia, que gobern\u00f3 durante 20 a\u00f1os en Chile (1990-2010).<br \/>\nAdem\u00e1s, resucit\u00f3 a la Democracia Cristiana que viene de sufrir el 16 y 17 de mayo su peor derrota en la elecci\u00f3n de convencionales constituyentes, cuando s\u00f3lo obtuvieron uno de los 155 cupos.<br \/>\nOriunda de Vallenar (666 kil\u00f3metros al norte de Santiago) y de origen ind\u00edgena diaguita mostr\u00f3 la impronta de su liderazgo al asumir en marzo la presidencia del Senado -el segundo cargo m\u00e1s importante del pa\u00eds- cuando declar\u00f3: &#8220;soy opositora al gobierno del Presidente (Sebasti\u00e1n) Pi\u00f1era&#8221;, se\u00f1al\u00f3 la mujer en un tono que sorprendi\u00f3 al mundo pol\u00edtico no acostumbrado a este lenguaje en el hemiciclo de la C\u00e1mara Alta.<br \/>\n&#8220;Creo que nuestro pa\u00eds merece m\u00e1s de lo realizado por su Gobierno. Har\u00e9 todos los esfuerzos que est\u00e9n en nuestras manos para contribuir a lograr la m\u00e1s amplia unidad de la oposici\u00f3n para recuperar la confianza de la gente y construir un gobierno de mayor\u00eda a la altura de las necesidades del pa\u00eds y de sus aspiraciones de paz y estabilidad&#8221;, agreg\u00f3 con la misma fuerza.<br \/>\nEnseguida, acot\u00f3: &#8220;Cuando las mujeres hablamos fuerte y claro, muchos varones entienden eso como una actitud belicosa.<br \/>\nYo seguir\u00e9 siendo lo que soy, una mujer de car\u00e1cter y de decir las cosas como son&#8221;.<br \/>\nPerteneciente al sector m\u00e1s de izquierda dentro de la DC, la candidata esper\u00f3 su triunfo en su pueblo natal de Vallenar.<br \/>\nEn Santiago, habl\u00f3 la presidenta interina de la DC, Carmen Frei, quien dijo que se hab\u00eda recuperado un proyecto para &#8220;hacer las transformaciones profundas que todos anhelamos&#8221; a\u00f1adiendo que &#8220;las transformaciones la vamos a hacer en paz, sin violencia, con una candidata \u00fanica y con una lista parlamentaria conjunta&#8221;.<br \/>\nDestac\u00f3, adem\u00e1s, que se va a hacer con &#8220;un programa donde esperamos unir todos los programas que se han presentado en este tiempo, por Carlos Maldonado y Paula Narv\u00e1ez&#8221;.<br \/>\nLos organizadores de la consulta estimaron la participaci\u00f3n ciudadana en 150.000 personas, aunque en el 53,4% de las mesas escrutadas sufragaron tan solo 60.186 votantes.<br \/>\nEl candidato del PRSD, Carlos Maldonado, justific\u00f3 la baja participaci\u00f3n por tratarse de una consulta voluntaria y no legal, por lo que no se contaba con todos los recursos econ\u00f3micos.<br \/>\nLos partidos de Unidad Constituyente no lograron ponerse de acuerdo en mayo pasado para ir a una primaria legal que se efectu\u00f3 el 16 de julio.<br \/>\nProvoste competir\u00e1, por ahora, con Sebasti\u00e1n Sichel, de la alianza de derecha Chile Vamos, y Gabriel Boric, del izquierdista Apruebo Dignidad, que aglutina al Frente Amplio y el Partido Comunista.<br \/>\nEl lunes, hasta las 23.59 horas hay plazo para inscribir las candidaturas presidenciales y parlamentarias de noviembre.<\/p>\n","protected":false},"excerpt":{"rendered":"<p>Yasna Provoste representar\u00e1 a centroizquierda en presidenciales SANTIAGO DE CHILE, 22 AGO &#8211; Una aplastante victoria obtuvo anoche la presidenta del Senado, la dem\u00f3crata cristiana&hellip;<\/p>\n","protected":false},"author":99,"featured_media":499188,"comment_status":"open","ping_status":"open","sticky":false,"template":"","format":"standard","meta":{"footnotes":""},"categories":[23],"tags":[],"class_list":["post-499187","post","type-post","status-publish","format-standard","has-post-thumbnail","hentry","category-latinoamerica"],"_links":{"self":[{"href":"https:\/\/diarioelpopular.com\/index.php\/wp-json\/wp\/v2\/posts\/499187","targetHints":{"allow":["GET"]}}],"collection":[{"href":"https:\/\/diarioelpopular.com\/index.php\/wp-json\/wp\/v2\/posts"}],"about":[{"href":"https:\/\/diarioelpopular.com\/index.php\/wp-json\/wp\/v2\/types\/post"}],"author":[{"embeddable":true,"href":"https:\/\/diarioelpopular.com\/index.php\/wp-json\/wp\/v2\/users\/99"}],"replies":[{"embeddable":true,"href":"https:\/\/diarioelpopular.com\/index.php\/wp-json\/wp\/v2\/comments?post=499187"}],"version-history":[{"count":1,"href":"https:\/\/diarioelpopular.com\/index.php\/wp-json\/wp\/v2\/posts\/499187\/revisions"}],"predecessor-version":[{"id":499189,"href":"https:\/\/diarioelpopular.com\/index.php\/wp-json\/wp\/v2\/posts\/499187\/revisions\/499189"}],"wp:featuredmedia":[{"embeddable":true,"href":"https:\/\/diarioelpopular.com\/index.php\/wp-json\/wp\/v2\/media\/499188"}],"wp:attachment":[{"href":"https:\/\/diarioelpopular.com\/index.php\/wp-json\/wp\/v2\/media?parent=499187"}],"wp:term":[{"taxonomy":"category","embeddable":true,"href":"https:\/\/diarioelpopular.com\/index.php\/wp-json\/wp\/v2\/categories?post=499187"},{"taxonomy":"post_tag","embeddable":true,"href":"https:\/\/diarioelpopular.com\/index.php\/wp-json\/wp\/v2\/tags?post=499187"}],"curies":[{"name":"wp","href":"https:\/\/api.w.org\/{rel}","templated":true}]}}