{"id":499197,"date":"2021-08-23T13:25:45","date_gmt":"2021-08-23T17:25:45","guid":{"rendered":"https:\/\/diarioelpopular.com\/?p=499197"},"modified":"2021-08-23T13:25:45","modified_gmt":"2021-08-23T17:25:45","slug":"trudeau-defiende-el-tuit-de-los-liberales-o-toole-despues-de-que-twitter-lo-marcara-como-medios-manipulados","status":"publish","type":"post","link":"https:\/\/diarioelpopular.com\/index.php\/2021\/08\/23\/trudeau-defiende-el-tuit-de-los-liberales-o-toole-despues-de-que-twitter-lo-marcara-como-medios-manipulados\/","title":{"rendered":"Trudeau defiende el tuit de los liberales O&#8217;Toole despu\u00e9s de que Twitter lo marcara como &#8220;medios manipulados&#8221;"},"content":{"rendered":"<p><img loading=\"lazy\" decoding=\"async\" class=\"alignnone size-custom-full-size wp-image-499198\" src=\"https:\/\/diarioelpopular.com\/wp-content\/uploads\/2021\/08\/20210822150844-4c375ffb47123aa4ef74f7cd30396f576823ffadb8f79cb2e7c63ea42b76c610-636x509.jpg\" alt=\"\" width=\"636\" height=\"509\" srcset=\"https:\/\/diarioelpopular.com\/wp-content\/uploads\/2021\/08\/20210822150844-4c375ffb47123aa4ef74f7cd30396f576823ffadb8f79cb2e7c63ea42b76c610-636x509.jpg 636w, https:\/\/diarioelpopular.com\/wp-content\/uploads\/2021\/08\/20210822150844-4c375ffb47123aa4ef74f7cd30396f576823ffadb8f79cb2e7c63ea42b76c610-300x240.jpg 300w, https:\/\/diarioelpopular.com\/wp-content\/uploads\/2021\/08\/20210822150844-4c375ffb47123aa4ef74f7cd30396f576823ffadb8f79cb2e7c63ea42b76c610-768x615.jpg 768w, https:\/\/diarioelpopular.com\/wp-content\/uploads\/2021\/08\/20210822150844-4c375ffb47123aa4ef74f7cd30396f576823ffadb8f79cb2e7c63ea42b76c610-91x73.jpg 91w, https:\/\/diarioelpopular.com\/wp-content\/uploads\/2021\/08\/20210822150844-4c375ffb47123aa4ef74f7cd30396f576823ffadb8f79cb2e7c63ea42b76c610.jpg 1024w\" sizes=\"auto, (max-width: 636px) 100vw, 636px\" \/><\/p>\n<h4><em><strong>&#8211; El l\u00edder liberal Justin Trudeau est\u00e1 tratando de pintar al l\u00edder conservador Erin O&#8217;Toole como un defensor de la atenci\u00f3n m\u00e9dica privada, a pesar de un tweet de su viceprimer ministro sobre la etiqueta de &#8220;medios manipulados&#8221;.<\/strong><\/em><\/h4>\n<h4><em><strong>&#8211; Ontario reporta 639 nuevos casos de COVID-19, 0 muertes<\/strong><\/em><\/h4>\n<p>Twitter marc\u00f3 el tweet de Chrystia Freeland, quien busca la reelecci\u00f3n en el circuito de Toronto de University-Rosedale, luego de que publicara clips empalmados de O&#8217;Toole respondiendo una pregunta sobre opciones privadas con fines de lucro en la cobertura m\u00e9dica universal.<\/p>\n<p>Dice que s\u00ed y que quiere encontrar sinergias p\u00fablico-privadas.<\/p>\n<p>Cuando se le pregunt\u00f3 hoy sobre la advertencia, Trudeau se\u00f1al\u00f3 que los liberales tambi\u00e9n publicaron el video de toda la entrevista, y dice que todos los canadienses deber\u00edan echarle un vistazo.<\/p>\n<p>Los conservadores le est\u00e1n pidiendo a Elections Canada que investigue el tweet como una violaci\u00f3n de la Ley de Elecciones de Canad\u00e1, diciendo que los liberales han alterado intencionalmente el video original para que tergiversen materialmente la posici\u00f3n del partido conservador.<\/p>\n<p>En su habitual ret\u00f3rica, Trudeau promete una y otra vez que un gobierno liberal reelegido gastar\u00e1 miles de millones en los pr\u00f3ximos a\u00f1os para contratar m\u00e9dicos de familia.<\/p>\n<p>La Asociaci\u00f3n M\u00e9dica Canadiense estima que alrededor de cinco millones de canadienses no tienen un m\u00e9dico de atenci\u00f3n primaria o un equipo de atenci\u00f3n m\u00e9dica familiar, lo que tiene efectos secundarios en otras partes del sistema de atenci\u00f3n m\u00e9dica.<\/p>\n<p>Entre esos efectos de goteo se encuentran las personas que acuden a los departamentos de emergencia, ya estresados \u200b\u200bpor la pandemia de COVID-19, por problemas que un m\u00e9dico de familia podr\u00eda manejar.<\/p>\n<p>Trudeau dice que los liberales gastar\u00edan $ 3 mil millones durante cuatro a\u00f1os a partir de 2022 para contratar a 7.500 m\u00e9dicos de familia, as\u00ed como incentivos fiscales y de pr\u00e9stamos estudiantiles para profesionales de la salud que se establezcan en comunidades rurales o remotas.<\/p>\n<p>Tambi\u00e9n prometi\u00f3 $ 6 mil millones adicionales para luchar con las listas de espera.\u00a0Todo en nombre de la elecciones.<\/p>\n<p>El l\u00edder liberal ha hecho hincapi\u00e9 en hablar sobre las vacunas al comienzo de la segunda semana de la campa\u00f1a, que lo ve golpeando las circunvalaciones controladas por los liberales en el Atl\u00e1ntico canadiense.<\/p>\n<p>Trudeau habl\u00f3 el domingo ante multitudes en New Brunswick y P.E.I. sobre la necesidad de vacunarse y la promesa de su gobierno de exigir a los trabajadores p\u00fablicos, as\u00ed como a los viajeros a\u00e9reos y ferroviarios, que est\u00e9n completamente vacunados, con la intenci\u00f3n de utilizarlo como una brecha contra los conservadores.<\/p>\n<p>El ministro de Trudeau a cargo de obtener vacunas para el pa\u00eds sugiere que las empresas deber\u00edan considerar hacer lo mismo si a\u00fan no lo han hecho.<\/p>\n<p>Anita Anand tambi\u00e9n dice que si bien las personas tienen derecho a tomar decisiones sobre su salud y seguridad personales, tambi\u00e9n existe la necesidad de proteger la salud y seguridad colectivas de los canadienses.<\/p>\n<p>&nbsp;<\/p>\n<h4><em><strong>Ontario reporta 639 nuevos casos de COVID-19, 0 muertes<\/strong><\/em><\/h4>\n<p><em>Actualizado lunes 23 de agosto de 2021 1:19 p.m.<\/em><\/p>\n<p>Ontario report\u00f3 639 nuevos casos de COVID-19 este lunes, el recuento diario de casos por cuarto d\u00eda consecutivo est\u00e1 por encima de 600. El total de casos provinciales ahora es de 560.151.<\/p>\n<p>De los 639 nuevos casos registrados, los datos mostraron que 411 eran personas no vacunadas, 65 eran personas parcialmente vacunadas, 124 estaban completamente vacunadas y se desconoc\u00eda el estado de vacunaci\u00f3n de 39 personas.<\/p>\n<p>Seg\u00fan el informe, se registraron 124 casos en Toronto, 97 en la regi\u00f3n de Peel, 91 en la regi\u00f3n de York, 64 en Hamilton y 36 en Windsor-Essex.<\/p>\n<p>Todas las dem\u00e1s unidades de salud p\u00fablica locales notificaron menos de 35 casos nuevos en el informe provincial.<\/p>\n<p>El n\u00famero de muertos en la provincia se ha mantenido en 9.453 ya que no se registraron nuevas muertes.<\/p>\n<p>A partir de las 8 p.m. el domingo, se administraron 22.589 vacunas (6,937 para una primera inyecci\u00f3n y 15,652 para una segunda inyecci\u00f3n) en el \u00faltimo d\u00eda.<\/p>\n<p>Hay m\u00e1s de 9,7 millones de personas completamente inmunizadas con dos dosis, lo que representa el 74,9% de la poblaci\u00f3n elegible (12+). La cobertura de la primera dosis es del 82,2%.<\/p>\n<p>Mientras tanto, se inform\u00f3 que 545,572 residentes de Ontario se hab\u00edan recuperado del COVID-19, que es aproximadamente el 98 por ciento de los casos conocidos. Los casos resueltos aumentaron en 502 desde el d\u00eda anterior.<\/p>\n<p>Los casos activos en Ontario ahora ascienden a 5.126, m\u00e1s que el d\u00eda anterior cuando estaba en 4.989, y ha aumentado desde el 16 de agosto cuando estaba en 3.872. En el pico de la oleada de coronavirus de la segunda ola en enero, los casos activos llegaron a poco m\u00e1s de 30.000. En la tercera ola de abril, los casos activos superaron los 43.000.<\/p>\n<p>El promedio de siete d\u00edas ahora ha llegado a 581, que es superior al de ayer en 564, y es superior a la semana pasada cuando fue de 469. Hace un mes, el promedio de siete d\u00edas fue de alrededor de 150.<\/p>\n<p>El gobierno dijo que se procesaron 19.866 pruebas en las \u00faltimas 24 horas. Actualmente hay una acumulaci\u00f3n de 7.322 pruebas en espera de resultados.<\/p>\n<p>La positividad de las pruebas del lunes alcanz\u00f3 el 2,8 por ciento. La semana pasada, la positividad de la prueba fue del 2,7 por ciento.<\/p>\n<p>Ontario inform\u00f3 de 204 personas en salas de hospitales generales con COVID-19 (26 m\u00e1s que el d\u00eda anterior) con 151 pacientes en unidades de cuidados intensivos (10 m\u00e1s) y 121 pacientes en UCI con ventilador (8 m\u00e1s).<\/p>\n<p>En el pico de la tercera ola, que fue la peor ola de hospitalizaciones, la provincia vio hasta 900 pacientes en UCI con COVID. Los datos de la provincia muestran que 5.556 pacientes en total han estado alguna vez en la UCI y 28.644 pacientes han sido hospitalizados debido a COVID desde el inicio de la pandemia.<\/p>\n<p>Ontario no dio a conocer datos recientes sobre casos variantes debido a las actualizaciones del sistema.<\/p>\n<p>Aqu\u00ed hay un desglose del total de casos en Ontario por g\u00e9nero y edad:<\/p>\n<p>279.265 personas son hombres, un aumento de 324 casos.<br \/>\n277.132 personas son mujeres, un aumento de 302 casos.<br \/>\n15,110 personas tienen menos de 4 a\u00f1os, un aumento de 28 casos.<br \/>\n26.589 personas tienen entre 5 y 11 a\u00f1os, un aumento de 44 casos.<br \/>\n49.619 personas tienen entre 12 y 19 a\u00f1os, un aumento de 63 casos.<br \/>\n210,945 personas tienen entre 20 y 39 a\u00f1os, un aumento de 301 casos.<br \/>\n158.789 personas tienen entre 40 y 59 a\u00f1os, un aumento de 149 casos.<br \/>\n73.665 personas tienen entre 60 y 79 a\u00f1os, un aumento de 46 casos.<br \/>\n25,334 personas tienen 80 a\u00f1os o m\u00e1s, un aumento de 8 casos.<br \/>\nLa provincia se\u00f1ala que no todos los casos tienen una edad o sexo reportados.<br \/>\nAqu\u00ed hay un desglose del total de muertes relacionadas con COVID-19 por edad:<\/p>\n<p>Muertes reportadas en menores de 19 a\u00f1os: 5<br \/>\nMuertes reportadas en edades de 20 a 39: 90<br \/>\nMuertes notificadas entre los 40 y los 59 a\u00f1os: 620<br \/>\nMuertes reportadas en edades de 60 a 79: 3053<br \/>\nMuertes reportadas en 80 a\u00f1os o m\u00e1s: 5,684<br \/>\nLa provincia se\u00f1ala que puede haber un retraso en la notificaci\u00f3n de muertes y datos<\/p>\n<p><em><strong>Casos, muertes y brotes en hogares de cuidados a largo plazo de Ontario<\/strong><\/em><\/p>\n<p>Seg\u00fan el Ministerio de Cuidados a Largo Plazo, se han reportado 3.793 muertes entre residentes y pacientes en hogares de cuidados a largo plazo en Ontario, lo cual no ha cambiado desde ayer. Se han informado trece muertes relacionadas con virus en total entre el personal.<\/p>\n<p>Hay 3 brotes actuales en los hogares, que no ha cambiado con respecto al d\u00eda anterior.<\/p>\n<p>El ministerio tambi\u00e9n indic\u00f3 que actualmente hay 7 casos activos entre los residentes de cuidados a largo plazo y 10 casos activos entre el personal, ambos sin cambios en el \u00faltimo d\u00eda.<\/p>\n","protected":false},"excerpt":{"rendered":"<p>&#8211; El l\u00edder liberal Justin Trudeau est\u00e1 tratando de pintar al l\u00edder conservador Erin O&#8217;Toole como un defensor de la atenci\u00f3n m\u00e9dica privada, a pesar&hellip;<\/p>\n","protected":false},"author":99,"featured_media":499198,"comment_status":"open","ping_status":"open","sticky":false,"template":"","format":"standard","meta":{"footnotes":""},"categories":[21,11191],"tags":[],"class_list":["post-499197","post","type-post","status-publish","format-standard","has-post-thumbnail","hentry","category-canada","category-top-news"],"_links":{"self":[{"href":"https:\/\/diarioelpopular.com\/index.php\/wp-json\/wp\/v2\/posts\/499197","targetHints":{"allow":["GET"]}}],"collection":[{"href":"https:\/\/diarioelpopular.com\/index.php\/wp-json\/wp\/v2\/posts"}],"about":[{"href":"https:\/\/diarioelpopular.com\/index.php\/wp-json\/wp\/v2\/types\/post"}],"author":[{"embeddable":true,"href":"https:\/\/diarioelpopular.com\/index.php\/wp-json\/wp\/v2\/users\/99"}],"replies":[{"embeddable":true,"href":"https:\/\/diarioelpopular.com\/index.php\/wp-json\/wp\/v2\/comments?post=499197"}],"version-history":[{"count":1,"href":"https:\/\/diarioelpopular.com\/index.php\/wp-json\/wp\/v2\/posts\/499197\/revisions"}],"predecessor-version":[{"id":499199,"href":"https:\/\/diarioelpopular.com\/index.php\/wp-json\/wp\/v2\/posts\/499197\/revisions\/499199"}],"wp:featuredmedia":[{"embeddable":true,"href":"https:\/\/diarioelpopular.com\/index.php\/wp-json\/wp\/v2\/media\/499198"}],"wp:attachment":[{"href":"https:\/\/diarioelpopular.com\/index.php\/wp-json\/wp\/v2\/media?parent=499197"}],"wp:term":[{"taxonomy":"category","embeddable":true,"href":"https:\/\/diarioelpopular.com\/index.php\/wp-json\/wp\/v2\/categories?post=499197"},{"taxonomy":"post_tag","embeddable":true,"href":"https:\/\/diarioelpopular.com\/index.php\/wp-json\/wp\/v2\/tags?post=499197"}],"curies":[{"name":"wp","href":"https:\/\/api.w.org\/{rel}","templated":true}]}}