{"id":499201,"date":"2021-08-23T13:29:39","date_gmt":"2021-08-23T17:29:39","guid":{"rendered":"https:\/\/diarioelpopular.com\/?p=499201"},"modified":"2021-08-23T13:29:39","modified_gmt":"2021-08-23T17:29:39","slug":"argentina-avanza-con-la-inmunizacion","status":"publish","type":"post","link":"https:\/\/diarioelpopular.com\/index.php\/2021\/08\/23\/argentina-avanza-con-la-inmunizacion\/","title":{"rendered":"Argentina avanza con la  inmunizaci\u00f3n"},"content":{"rendered":"<div id=\"attachment_499202\" style=\"width: 646px\" class=\"wp-caption alignnone\"><img loading=\"lazy\" decoding=\"async\" aria-describedby=\"caption-attachment-499202\" class=\"size-custom-full-size wp-image-499202\" src=\"https:\/\/diarioelpopular.com\/wp-content\/uploads\/2021\/08\/dca1d59a40cd6f9c41825a6f0cce2010-636x431.jpg\" alt=\"\" width=\"636\" height=\"431\" srcset=\"https:\/\/diarioelpopular.com\/wp-content\/uploads\/2021\/08\/dca1d59a40cd6f9c41825a6f0cce2010-636x431.jpg 636w, https:\/\/diarioelpopular.com\/wp-content\/uploads\/2021\/08\/dca1d59a40cd6f9c41825a6f0cce2010-300x203.jpg 300w, https:\/\/diarioelpopular.com\/wp-content\/uploads\/2021\/08\/dca1d59a40cd6f9c41825a6f0cce2010-768x521.jpg 768w, https:\/\/diarioelpopular.com\/wp-content\/uploads\/2021\/08\/dca1d59a40cd6f9c41825a6f0cce2010-80x55.jpg 80w, https:\/\/diarioelpopular.com\/wp-content\/uploads\/2021\/08\/dca1d59a40cd6f9c41825a6f0cce2010-108x73.jpg 108w, https:\/\/diarioelpopular.com\/wp-content\/uploads\/2021\/08\/dca1d59a40cd6f9c41825a6f0cce2010.jpg 945w\" sizes=\"auto, (max-width: 636px) 100vw, 636px\" \/><p id=\"caption-attachment-499202\" class=\"wp-caption-text\"><em>Avanza la vacunaci\u00f3n en Argentina. Una imagen de Buenos Aires<\/em><br \/><em>(foto: ANSA)<\/em><\/p><\/div>\n<h4><em><strong>M\u00e1s del 60% de mayores de 60 a\u00f1os con dos dosis<\/strong><\/em><\/h4>\n<p><em><strong>BUENOS AIRES 23 AGO &#8211;<\/strong><\/em> El gobierno de argentina inform\u00f3 hoy que super\u00f3 el objetivo de agosto y que m\u00e1s del 60% de los mayores de 60 a\u00f1os en el pa\u00eds cuentan con las dos dosis de vacunas contra el Covid-19.<br \/>\n&#8220;Con el 62,5% de las personas mayores de 50 a\u00f1os con dos dosis de vacuna contra el Covid-19 aplicadas, Argentina super\u00f3 el objetivo que hab\u00eda establecido para el mes agosto: alcanzar el 60 por ciento de ese grupo etario con esquemas completos&#8221;, inform\u00f3 la Presidencia en un comunicado.<br \/>\n&#8220;Se avanz\u00f3 mucho en agosto y esperamos aplicar por los menos dos millones y medio m\u00e1s en los pr\u00f3ximos d\u00edas que quedan para completar en el mes los 7 millones de segundas dosis&#8221;, afirm\u00f3 desde Rusia, la ministra de Salud de la Naci\u00f3n, Carla Vizzotti.<br \/>\nLa meta de vacunaci\u00f3n hab\u00eda sido definida por la cartera sanitaria nacional junto al Comit\u00e9 de Expertos y al Consejo Federal de Salud para proteger al grupo etario con mayor riesgo de desarrollar complicaciones con el virus SARS-CoV-2.<br \/>\nVizzotti agreg\u00f3 que cumplir con este hito &#8220;es una buena noticia&#8221; porque &#8220;cada punto de ese porcentaje que nosotros podamos subir implica menos hospitalizaciones y menos muertes&#8221;.<br \/>\nAdem\u00e1s, ya tiene una dosis de vacuna casi el 60 % de toda la poblaci\u00f3n argentina y 82,6 % de las personas a partir de los 18 a\u00f1os de edad, seg\u00fan datos oficiales.<br \/>\nCuentan con una dosis: el 91,5% de quienes tienen 60 a\u00f1os o m\u00e1s, y el 90,9% de las personas con 50 o m\u00e1s a\u00f1os. Adem\u00e1s, comenzaron su esquema el 91,1% de las personas entre 55 y 59 a\u00f1os, al igual que el 89% de los pertenecientes a la franja etaria entre 50 y 54 a\u00f1os; el 86,4% de los que tienen entre 45 y 49, y el 88,7% del siguiente grupo entre 40 y 44 a\u00f1os, detall\u00f3 Presidencia.<br \/>\nTambi\u00e9n recibieron la primera dosis: el 84% de las personas entre 35 a 39 a\u00f1os; el 79,2% de quienes tienen entre 30 y 34; el 72,4% de la franja etaria entre 25 y 29 al igual que el 65,6% del grupo de 18 a 24 a\u00f1os.<br \/>\nArgentina est\u00e1 viendo un descenso en los casos de Covid-19, pero los expertos temen la inminente arremetida de la variante Delta.<br \/>\nEn las \u00faltimas 24 horas se reportaron 2.979 nuevos infectados y 135 fallecimientos, lo que eleva a un global de 5.133.831 contagios y 110.352 muertes desde que comenz\u00f3 la pandemia el 20 de marzo de 2019.<br \/>\nSeg\u00fan el ministerio de Salud de la Naci\u00f3n, desde hace 12 semanas el pa\u00eds atraviesa un descenso constante del n\u00famero de contagios.<\/p>\n","protected":false},"excerpt":{"rendered":"<p>M\u00e1s del 60% de mayores de 60 a\u00f1os con dos dosis BUENOS AIRES 23 AGO &#8211; El gobierno de argentina inform\u00f3 hoy que super\u00f3 el&hellip;<\/p>\n","protected":false},"author":99,"featured_media":499202,"comment_status":"open","ping_status":"open","sticky":false,"template":"","format":"standard","meta":{"footnotes":""},"categories":[23],"tags":[],"class_list":["post-499201","post","type-post","status-publish","format-standard","has-post-thumbnail","hentry","category-latinoamerica"],"_links":{"self":[{"href":"https:\/\/diarioelpopular.com\/index.php\/wp-json\/wp\/v2\/posts\/499201","targetHints":{"allow":["GET"]}}],"collection":[{"href":"https:\/\/diarioelpopular.com\/index.php\/wp-json\/wp\/v2\/posts"}],"about":[{"href":"https:\/\/diarioelpopular.com\/index.php\/wp-json\/wp\/v2\/types\/post"}],"author":[{"embeddable":true,"href":"https:\/\/diarioelpopular.com\/index.php\/wp-json\/wp\/v2\/users\/99"}],"replies":[{"embeddable":true,"href":"https:\/\/diarioelpopular.com\/index.php\/wp-json\/wp\/v2\/comments?post=499201"}],"version-history":[{"count":1,"href":"https:\/\/diarioelpopular.com\/index.php\/wp-json\/wp\/v2\/posts\/499201\/revisions"}],"predecessor-version":[{"id":499203,"href":"https:\/\/diarioelpopular.com\/index.php\/wp-json\/wp\/v2\/posts\/499201\/revisions\/499203"}],"wp:featuredmedia":[{"embeddable":true,"href":"https:\/\/diarioelpopular.com\/index.php\/wp-json\/wp\/v2\/media\/499202"}],"wp:attachment":[{"href":"https:\/\/diarioelpopular.com\/index.php\/wp-json\/wp\/v2\/media?parent=499201"}],"wp:term":[{"taxonomy":"category","embeddable":true,"href":"https:\/\/diarioelpopular.com\/index.php\/wp-json\/wp\/v2\/categories?post=499201"},{"taxonomy":"post_tag","embeddable":true,"href":"https:\/\/diarioelpopular.com\/index.php\/wp-json\/wp\/v2\/tags?post=499201"}],"curies":[{"name":"wp","href":"https:\/\/api.w.org\/{rel}","templated":true}]}}