{"id":499219,"date":"2021-08-24T10:22:39","date_gmt":"2021-08-24T14:22:39","guid":{"rendered":"https:\/\/diarioelpopular.com\/?p=499219"},"modified":"2021-08-24T10:22:39","modified_gmt":"2021-08-24T14:22:39","slug":"gobierno-salvadoreno-intento-ocultar-negociacion-con-pandillas-segun-el-faro","status":"publish","type":"post","link":"https:\/\/diarioelpopular.com\/index.php\/2021\/08\/24\/gobierno-salvadoreno-intento-ocultar-negociacion-con-pandillas-segun-el-faro\/","title":{"rendered":"Gobierno salvadore\u00f1o intent\u00f3 ocultar negociaci\u00f3n con pandillas, seg\u00fan El Faro"},"content":{"rendered":"<div id=\"attachment_499220\" style=\"width: 646px\" class=\"wp-caption alignnone\"><img loading=\"lazy\" decoding=\"async\" aria-describedby=\"caption-attachment-499220\" class=\"size-custom-full-size wp-image-499220\" src=\"https:\/\/diarioelpopular.com\/wp-content\/uploads\/2021\/08\/Screen-Shot-2021-08-24-at-10.20.44-AM-636x347.png\" alt=\"\" width=\"636\" height=\"347\" srcset=\"https:\/\/diarioelpopular.com\/wp-content\/uploads\/2021\/08\/Screen-Shot-2021-08-24-at-10.20.44-AM-636x347.png 636w, https:\/\/diarioelpopular.com\/wp-content\/uploads\/2021\/08\/Screen-Shot-2021-08-24-at-10.20.44-AM-300x164.png 300w, https:\/\/diarioelpopular.com\/wp-content\/uploads\/2021\/08\/Screen-Shot-2021-08-24-at-10.20.44-AM-768x419.png 768w, https:\/\/diarioelpopular.com\/wp-content\/uploads\/2021\/08\/Screen-Shot-2021-08-24-at-10.20.44-AM-134x73.png 134w, https:\/\/diarioelpopular.com\/wp-content\/uploads\/2021\/08\/Screen-Shot-2021-08-24-at-10.20.44-AM.png 945w\" sizes=\"auto, (max-width: 636px) 100vw, 636px\" \/><p id=\"caption-attachment-499220\" class=\"wp-caption-text\"><em>IZALCO (EL SALVADOR), 04\/09\/2020.- Pandilleros de Mara Salvatrucha y Barrio 18 permanecen juntos en formaci\u00f3n, el centro penal de m\u00e1xima seguridad en Izalco (El Salvador). El pronunciado descenso de la violencia homicida en El Salvador, capitalizado por el Gobierno de Nayib Bukele como su principal logro en poco m\u00e1s de un a\u00f1o en el poder, qued\u00f3 en entredicho luego de que una investigaci\u00f3n period\u00edstica lo atribuyera a un pacto con la pandilla Mara Salvatrucha (MS13). EFE\/ Rodrigo Sura<\/em><\/p><\/div>\n<h4><em><strong>&#8211; El Ejecutivo de Bukele implementa desde 2019 el Plan Control Territorial (PCT), al que le atribuye la ca\u00edda de los asesinatos en los \u00faltimos a\u00f1os.<\/strong><\/em><\/h4>\n<div id=\"gradient-content\" class=\"sart-content\">\n<p><strong><em>SAN SALVADOR. 24 AGO.-<\/em> <\/strong>El Gobierno de El Salvador sostuvo en 2020 negociaciones con las pandillas Mara Salvatrucha (MS13) y Barrio 18 -fracciones Sure\u00f1os y Revolucionarios- para reducir las cifras de homicidios e \u201cintent\u00f3 esconder las evidencias\u201d, seg\u00fan una investigaci\u00f3n publicada este lunes 23 de agosto por El Faro.<\/p>\n<div id=\"div-gpt-ad-pl_inl\" class=\"dfp-ad dfp-pl_inl\" data-ad-unit=\"pl_inl\" data-google-query-id=\"CLeSma3syfICFdjF9gIdUTQIxA\">\n<div id=\"google_ads_iframe_\/55904062\/pl_inl_0__container__\"><span style=\"line-height: 1.5;\">\u201cEl director de Centros Penales (Osiris Luna) orden\u00f3 retirar cientos de libros de novedades y computadoras de c\u00e1rceles de m\u00e1xima seguridad; y el fiscal (Rodolfo Delgado), impuesto por la Asamblea oficialista, desmantel\u00f3 el grupo especial que investigaba estas negociaciones\u201d, indica el peri\u00f3dico digital en un largo texto.<\/span><\/div>\n<\/div>\n<\/div>\n<div><\/div>\n<div id=\"tinypass_handler_banner_single\" class=\"tinypass_handler_banner_single\"><span style=\"line-height: 1.5;\">Se\u00f1ala que los fiscales encargados de la investigaci\u00f3n bautizaron el caso como Catedral e incautaron documentos oficiales de Centros Penales luego de que este medio publicara, en septiembre de 2020, que el Gobierno llevaba un a\u00f1o negociando con la MS13.<\/span><\/div>\n<div id=\"tinypass_handler_single\" class=\"tinypass_handler_single sart-content\">\n<p>Hasta abril de 2021, la Fiscal\u00eda, dirigida por Ra\u00fal Melara, \u201cllevaba un proceso de investigaci\u00f3n criminal contra varios funcionarios del Gobierno de Nayib Bukele y durante meses los fiscales intervinieron tel\u00e9fonos, hicieron seguimientos f\u00edsicos, se incautaron documentos, tomaron fotograf\u00edas y entrevistaron testigos\u201d, apunta.<\/p>\n<p>Sin embargo, el pasado 1 de mayo la Asamblea Legislativa, que ese d\u00eda tom\u00f3 posesi\u00f3n, destituy\u00f3 a Melara y nombr\u00f3 a Delgado como el nuevo fiscal, quien, seg\u00fan la investigaci\u00f3n de El Faro, \u201ccon el paso de las semanas desmantelar\u00eda la unidad que consigui\u00f3 los hallazgos\u201d.<\/p>\n<p>La investigaci\u00f3n fiscal era conducida, de acuerdo con el medio, por el Grupo Especial Antimafia (GEA), liderado por Germ\u00e1n Arriaza y quien seleccion\u00f3 a cuatros fiscales para integrar un equipo e investigar las negociaciones entre pol\u00edticos del opositor Frente Farabundo Mart\u00ed para la Liberaci\u00f3n Nacional (FMLN) y pandillas.<\/p>\n<p>\u201cTras la publicaci\u00f3n de septiembre de 2020 sobre las negociaciones entre el Gobierno de Bukele y la MS13, el GEA tambi\u00e9n inici\u00f3 investigaciones al respecto (\u2026) pero el GEA fue eliminado despu\u00e9s de que el exfiscal Arriaza renunciara a su cargo porque Delgado orden\u00f3 moverlo de unidad\u201d, rese\u00f1a.<\/p>\n<p>El peri\u00f3dico digital se\u00f1ala que obtuvo parte del expediente del caso Catedral en el que se consignan los hallazgos mencionados, analiz\u00f3 fotograf\u00edas, contrast\u00f3 con los documentos de Centros Penales obtenidos anteriormente, consult\u00f3 fuentes con conocimiento de las negociaciones y busc\u00f3 la reacci\u00f3n oficial de los funcionarios de Gobierno, sin obtener una respuesta.<\/p>\n<h3>Negociaci\u00f3n con barrio 18 de demandas<\/h3>\n<p>En septiembre del a\u00f1o pasado, El Faro public\u00f3 una investigaci\u00f3n en la que se revel\u00f3 que el Gobierno de Bukele manten\u00eda negociaciones con la pandilla Mara Salvatrucha (MS13) para reducir las cifras de homicidios desde junio de 2019 y para obtener apoyo electoral en las elecciones de febrero de 2021, en las que el mandatario gan\u00f3 la Presidencia.<\/p>\n<p>En este nuevo texto, el peri\u00f3dico digital afirma que dichas negociaciones tambi\u00e9n incluyeron a la pandilla Barrio 18 -fracciones Sure\u00f1os y Revolucionario- e indica que las pandillas \u201cplantearon una serie de demandas que incluyen mejoras en las condiciones de vida carcelarias y beneficios para sus miembros en libertad\u201d.<\/p>\n<\/div>\n","protected":false},"excerpt":{"rendered":"<p>&#8211; El Ejecutivo de Bukele implementa desde 2019 el Plan Control Territorial (PCT), al que le atribuye la ca\u00edda de los asesinatos en los \u00faltimos&hellip;<\/p>\n","protected":false},"author":99,"featured_media":499220,"comment_status":"open","ping_status":"open","sticky":false,"template":"","format":"standard","meta":{"footnotes":""},"categories":[23],"tags":[],"class_list":["post-499219","post","type-post","status-publish","format-standard","has-post-thumbnail","hentry","category-latinoamerica"],"_links":{"self":[{"href":"https:\/\/diarioelpopular.com\/index.php\/wp-json\/wp\/v2\/posts\/499219","targetHints":{"allow":["GET"]}}],"collection":[{"href":"https:\/\/diarioelpopular.com\/index.php\/wp-json\/wp\/v2\/posts"}],"about":[{"href":"https:\/\/diarioelpopular.com\/index.php\/wp-json\/wp\/v2\/types\/post"}],"author":[{"embeddable":true,"href":"https:\/\/diarioelpopular.com\/index.php\/wp-json\/wp\/v2\/users\/99"}],"replies":[{"embeddable":true,"href":"https:\/\/diarioelpopular.com\/index.php\/wp-json\/wp\/v2\/comments?post=499219"}],"version-history":[{"count":1,"href":"https:\/\/diarioelpopular.com\/index.php\/wp-json\/wp\/v2\/posts\/499219\/revisions"}],"predecessor-version":[{"id":499221,"href":"https:\/\/diarioelpopular.com\/index.php\/wp-json\/wp\/v2\/posts\/499219\/revisions\/499221"}],"wp:featuredmedia":[{"embeddable":true,"href":"https:\/\/diarioelpopular.com\/index.php\/wp-json\/wp\/v2\/media\/499220"}],"wp:attachment":[{"href":"https:\/\/diarioelpopular.com\/index.php\/wp-json\/wp\/v2\/media?parent=499219"}],"wp:term":[{"taxonomy":"category","embeddable":true,"href":"https:\/\/diarioelpopular.com\/index.php\/wp-json\/wp\/v2\/categories?post=499219"},{"taxonomy":"post_tag","embeddable":true,"href":"https:\/\/diarioelpopular.com\/index.php\/wp-json\/wp\/v2\/tags?post=499219"}],"curies":[{"name":"wp","href":"https:\/\/api.w.org\/{rel}","templated":true}]}}