{"id":499230,"date":"2021-08-25T10:48:42","date_gmt":"2021-08-25T14:48:42","guid":{"rendered":"https:\/\/diarioelpopular.com\/?p=499230"},"modified":"2021-08-25T10:48:42","modified_gmt":"2021-08-25T14:48:42","slug":"mexico-denuncian-ante-oea-mano-de-crimen-en-elecciones","status":"publish","type":"post","link":"https:\/\/diarioelpopular.com\/index.php\/2021\/08\/25\/mexico-denuncian-ante-oea-mano-de-crimen-en-elecciones\/","title":{"rendered":"M\u00e9xico: Denuncian ante OEA mano de crimen en elecciones"},"content":{"rendered":"<div id=\"attachment_499231\" style=\"width: 646px\" class=\"wp-caption alignnone\"><img loading=\"lazy\" decoding=\"async\" aria-describedby=\"caption-attachment-499231\" class=\"size-custom-full-size wp-image-499231\" src=\"https:\/\/diarioelpopular.com\/wp-content\/uploads\/2021\/08\/22d3ef28fdd8c76fb80829d646085bbc-636x423.jpg\" alt=\"\" width=\"636\" height=\"423\" srcset=\"https:\/\/diarioelpopular.com\/wp-content\/uploads\/2021\/08\/22d3ef28fdd8c76fb80829d646085bbc-636x423.jpg 636w, https:\/\/diarioelpopular.com\/wp-content\/uploads\/2021\/08\/22d3ef28fdd8c76fb80829d646085bbc-300x200.jpg 300w, https:\/\/diarioelpopular.com\/wp-content\/uploads\/2021\/08\/22d3ef28fdd8c76fb80829d646085bbc-768x511.jpg 768w, https:\/\/diarioelpopular.com\/wp-content\/uploads\/2021\/08\/22d3ef28fdd8c76fb80829d646085bbc-110x73.jpg 110w, https:\/\/diarioelpopular.com\/wp-content\/uploads\/2021\/08\/22d3ef28fdd8c76fb80829d646085bbc.jpg 945w\" sizes=\"auto, (max-width: 636px) 100vw, 636px\" \/><p id=\"caption-attachment-499231\" class=\"wp-caption-text\"><em>Denuncian ante OEA mano de crimen en elecciones en M\u00e9xico (foto: EPA)<\/em><\/p><\/div>\n<h4><em><strong>Opositores van a Washington a pedir que organismo se pronuncie<\/strong><\/em><\/h4>\n<p><em><strong>CIUDAD DE MEXICO, 25 AGO &#8211;<\/strong><\/em> L\u00edderes de las principales fuerzas de oposici\u00f3n en M\u00e9xico acudieron a Washington a denunciar ante la Organizaci\u00f3n de Estados Americanos (OEA) que hubo una interferencia del crimen organizado en las recientes elecciones intermedias del pasado 6 de junio.<br \/>\nLos dirigentes de los partidos Acci\u00f3n Nacional (PAN, derecha), de la Revoluci\u00f3n Democr\u00e1tica (PRD, izquierda) y del Partido Revolucionario Institucional (PRI, centro), urgieron a esta entidad continental pronunciarse sobre el caso y emitir una resoluci\u00f3n.<br \/>\nLa denuncia gener\u00f3 una reacci\u00f3n de disgusto en el gobierno mexicano y el presidente, Andr\u00e9s L\u00f3pez Obrador, advirti\u00f3 a sus adversarios pol\u00edticos que, aunque tienen derecho a quejarse, deben &#8220;tener cuidado porque no vaya a ser que se les involucre&#8221; en el caso del exministro de Seguridad P\u00fablica Genaro Garc\u00eda Luna.<br \/>\nGarc\u00eda Luna, detenido en Estados Unidos en diciembre de 2019, acusado de v\u00ednculos con el C\u00e1rtel de Sinaloa, del cual habr\u00eda recibido cuantiosos sobornos, as\u00ed como de perjurio y de &#8220;conspiraci\u00f3n para traficar coca\u00edna&#8221;.<br \/>\nL\u00f3pez Obrador record\u00f3 que la OEA ya emiti\u00f3 &#8220;una opini\u00f3n sobre las elecciones de M\u00e9xico&#8221; en la cual se\u00f1al\u00f3 que &#8220;no hubo ninguna violaci\u00f3n grave&#8221;.<br \/>\nEl gobierno mexicano mantiene una postura muy cr\u00edtica contra la gesti\u00f3n del secretario general de la OEA, el uruguayo Luis Almagro, a quien hace poco el canciller mexicano, Marcelo Ebrard, calific\u00f3 como &#8220;uno de los peores dirigentes&#8221; en la historia del organismo.<br \/>\nLa entidad hemisf\u00e9rica env\u00edo una misi\u00f3n de observadores electorales en los comicios del 6 de junio pasado, la cual emiti\u00f3 un informe en el cual expres\u00f3 su m\u00e1s &#8220;profunda preocupaci\u00f3n por la extrema violencia que afecta a la pol\u00edtica mexicana&#8221;, que se reflej\u00f3 en el asesinato de candidatos, funcionarios y sus familiares.<br \/>\nEl reporte preliminar sin embargo felicit\u00f3 a la ciudadan\u00eda por su &#8220;compromiso democr\u00e1tico&#8221; y al gobierno de M\u00e9xico y a las autoridades electorales por llevar a cabo estos comicios &#8220;de manera exitosa&#8221;, con una participaci\u00f3n de m\u00e1s de 52%, 4 puntos por arriba de las elecciones previas.<br \/>\nLa delegaci\u00f3n enviada para vigilar el desarrollo de los comicios mexicanos, donde se relev\u00f3 la mitad de las gobernaciones de los estados y los 500 miembros de la C\u00e1mara Baja, fue encabezada por el argentino Santiago Cant\u00f3n e integrada por 36 personas de 16 nacionalidades.<br \/>\n&#8220;El crimen organizado tuvo una participaci\u00f3n activa y no hubo acciones por parte del gobierno federal&#8221; para frenarla, convirtiendo este proceso electoral en &#8220;el m\u00e1s violento&#8221; en la historia del pa\u00eds, se\u00f1al\u00f3 un documento entregado de l\u00edderes de la oposici\u00f3n mexicana entregado a la OEA.<br \/>\nUnos 90 pol\u00edticos, entre candidatos, sus familiares, funcionarios y miembros de equipos de campa\u00f1a, fueron asesinados durante el agitado per\u00edodo electoral reciente previo a las cruciales elecciones intermedias, las m\u00e1s concurridas en la historia de M\u00e9xico.<br \/>\nLa oposici\u00f3n tambi\u00e9n denunci\u00f3 ante la OEA que la &#8220;autonom\u00eda e independencia de los \u00f3rganos electorales se ve amenazada constantemente por el presidente&#8221; L\u00f3pez Obrador, quien los hostiga permanentemente tild\u00e1ndolos de &#8220;corruptos&#8221;, &#8220;inmorales&#8221;, &#8220;facciosos&#8221; y de estar dominados por &#8220;intereses partidistas&#8221;.<br \/>\nAdem\u00e1s, se quejaron de que el mandatario arremete constantemente contra medios de comunicaci\u00f3n y l\u00edderes de opini\u00f3n que son abiertamente cr\u00edticos al gobierno, lo que ha incrementado &#8220;el riesgo que significa ser periodista en nuestro pa\u00eds&#8221;.<br \/>\n&#8220;Es momento de levantar la voz para defender el inter\u00e9s superior de todos los mexicanos&#8221;, sostuvo el l\u00edder del PAN, Marko Cort\u00e9s.<br \/>\nEl dirigente del PRD se\u00f1al\u00f3 que Almagro, con quien los dirigentes se reunieron, &#8220;se manifest\u00f3 muy preocupado por lo que est\u00e1 pasando en M\u00e9xico&#8221;.<br \/>\nEl documento de la oposici\u00f3n fue entregado tambi\u00e9n a la secretaria ejecutiva de la Comisi\u00f3n Interamericana de Derechos Humanos, Tania Reneaum.<\/p>\n","protected":false},"excerpt":{"rendered":"<p>Opositores van a Washington a pedir que organismo se pronuncie CIUDAD DE MEXICO, 25 AGO &#8211; L\u00edderes de las principales fuerzas de oposici\u00f3n en M\u00e9xico&hellip;<\/p>\n","protected":false},"author":99,"featured_media":499231,"comment_status":"open","ping_status":"open","sticky":false,"template":"","format":"standard","meta":{"footnotes":""},"categories":[23],"tags":[],"class_list":["post-499230","post","type-post","status-publish","format-standard","has-post-thumbnail","hentry","category-latinoamerica"],"_links":{"self":[{"href":"https:\/\/diarioelpopular.com\/index.php\/wp-json\/wp\/v2\/posts\/499230","targetHints":{"allow":["GET"]}}],"collection":[{"href":"https:\/\/diarioelpopular.com\/index.php\/wp-json\/wp\/v2\/posts"}],"about":[{"href":"https:\/\/diarioelpopular.com\/index.php\/wp-json\/wp\/v2\/types\/post"}],"author":[{"embeddable":true,"href":"https:\/\/diarioelpopular.com\/index.php\/wp-json\/wp\/v2\/users\/99"}],"replies":[{"embeddable":true,"href":"https:\/\/diarioelpopular.com\/index.php\/wp-json\/wp\/v2\/comments?post=499230"}],"version-history":[{"count":1,"href":"https:\/\/diarioelpopular.com\/index.php\/wp-json\/wp\/v2\/posts\/499230\/revisions"}],"predecessor-version":[{"id":499232,"href":"https:\/\/diarioelpopular.com\/index.php\/wp-json\/wp\/v2\/posts\/499230\/revisions\/499232"}],"wp:featuredmedia":[{"embeddable":true,"href":"https:\/\/diarioelpopular.com\/index.php\/wp-json\/wp\/v2\/media\/499231"}],"wp:attachment":[{"href":"https:\/\/diarioelpopular.com\/index.php\/wp-json\/wp\/v2\/media?parent=499230"}],"wp:term":[{"taxonomy":"category","embeddable":true,"href":"https:\/\/diarioelpopular.com\/index.php\/wp-json\/wp\/v2\/categories?post=499230"},{"taxonomy":"post_tag","embeddable":true,"href":"https:\/\/diarioelpopular.com\/index.php\/wp-json\/wp\/v2\/tags?post=499230"}],"curies":[{"name":"wp","href":"https:\/\/api.w.org\/{rel}","templated":true}]}}