{"id":499241,"date":"2021-08-26T09:41:25","date_gmt":"2021-08-26T13:41:25","guid":{"rendered":"https:\/\/diarioelpopular.com\/?p=499241"},"modified":"2021-08-26T09:41:25","modified_gmt":"2021-08-26T13:41:25","slug":"colombia-alto-numero-de-acusaciones-por-aborto","status":"publish","type":"post","link":"https:\/\/diarioelpopular.com\/index.php\/2021\/08\/26\/colombia-alto-numero-de-acusaciones-por-aborto\/","title":{"rendered":"Colombia: Alto n\u00famero de acusaciones por aborto"},"content":{"rendered":"<div id=\"attachment_499242\" style=\"width: 646px\" class=\"wp-caption alignnone\"><img loading=\"lazy\" decoding=\"async\" aria-describedby=\"caption-attachment-499242\" class=\"size-custom-full-size wp-image-499242\" src=\"https:\/\/diarioelpopular.com\/wp-content\/uploads\/2021\/08\/df43cd27650f30585ae842f0c833fd69-636x423.jpg\" alt=\"\" width=\"636\" height=\"423\" srcset=\"https:\/\/diarioelpopular.com\/wp-content\/uploads\/2021\/08\/df43cd27650f30585ae842f0c833fd69-636x423.jpg 636w, https:\/\/diarioelpopular.com\/wp-content\/uploads\/2021\/08\/df43cd27650f30585ae842f0c833fd69-300x200.jpg 300w, https:\/\/diarioelpopular.com\/wp-content\/uploads\/2021\/08\/df43cd27650f30585ae842f0c833fd69-768x511.jpg 768w, https:\/\/diarioelpopular.com\/wp-content\/uploads\/2021\/08\/df43cd27650f30585ae842f0c833fd69-110x73.jpg 110w, https:\/\/diarioelpopular.com\/wp-content\/uploads\/2021\/08\/df43cd27650f30585ae842f0c833fd69.jpg 945w\" sizes=\"auto, (max-width: 636px) 100vw, 636px\" \/><p id=\"caption-attachment-499242\" class=\"wp-caption-text\"><em>Alto n\u00famero de acusaciones por aborto en Colombia<\/em><br \/><em>(foto: EPA)<\/em><\/p><\/div>\n<p><em><strong>BOGOTA 26 AGO &#8211;<\/strong> <\/em>Pese a que en Colombia se permite la interrupci\u00f3n del embarazo en tres consideraciones espec\u00edficas, el aborto se mantiene como un delito en el C\u00f3digo Penal y es la causa de al menos 400 denuncias que cada a\u00f1o se presentan contra las mujeres.<br \/>\nAs\u00ed lo revel\u00f3 el estudio titulado &#8220;La criminalizaci\u00f3n del aborto&#8221;, realizado por el colectivo &#8220;La mesa por la vida y la salud de las mujeres&#8221;, que trabaja localmente por los derechos sexuales y reproductivos de ellas.<br \/>\nEn 2006 la Corte Constitucional habilit\u00f3 la interrupci\u00f3n del embarazo en caso de violaci\u00f3n, que el feto tuviera malformaciones que hicieran inviable su vida y cuando estuviera en riesgo la vida de la mujer.<br \/>\nLa decisi\u00f3n fue un avance en materia de los derechos de ellas, en un pa\u00eds p\u00edo y conservador que se solaza hablando de derechos y deberes, pero que en la pr\u00e1ctica no es coherente con sus discursos.<br \/>\nLa evidencia qued\u00f3 plasmada en el estudio que, a trav\u00e9s de un requerimiento a la Fiscal\u00eda, encontr\u00f3 que entre 1998 y 2019 se registraron 5.737 denuncias por aborto.<br \/>\nPese a que a la mayor\u00eda de casos se desestimaron, en al menos 859 se formularon cargos y en 346 hubo sentencias condenatorias, 85 de las cuales fueron contra menores de edad.<br \/>\nBogot\u00e1 es la zona del pa\u00eds donde se investigaron m\u00e1s casos (1,008), seguida de los departamentos de Valle del Cauca (suroeste con 411) y Santander (noreste con 317).<br \/>\nPara la m\u00e9dica y doctora en Bio\u00e9tica Ana Cristina Gonz\u00e1lez, cofundadora de La mesa por la vida y del Grupo m\u00e9dico por el derecho a decidir y pionera del movimiento Causa Justa, el asunto es que la despenalizaci\u00f3n focalizada debe convivir con el &#8220;delito del aborto&#8221;.<br \/>\n&#8220;Es una especie de barrera estructural que est\u00e1 en la base de otras barreras que les impiden a las mujeres a acceder a abortos legales y seguros&#8221;, explic\u00f3 a ANSA la especialista.<br \/>\nEnfatiz\u00f3 que el estudio puso en evidencia que el 56% de las mujeres condenadas por el delito de aborto fueron denunciadas por personal sanitario y sostuvo que los &#8220;profesionales de la salud&#8221; est\u00e1n permeados por los &#8220;estigmas&#8221; que produce el tema, lo que las deja a ellas en condiciones de vulnerabilidad.<br \/>\nGonz\u00e1lez afirm\u00f3 que los resultados del estudio estimulan el &#8220;debate p\u00fablico, abierto e informado&#8221; sobre el aborto que organizaciones como &#8220;Causa Justa&#8221;, a la que ella pertenece, han abierto de cara a la sociedad.<br \/>\n&#8220;El delito de aborto consentido se persigue m\u00e1s que los delitos de los cuales las mujeres son v\u00edctimas, por ejemplo, la violencia intrafamiliar y la violencia sexual, y esto lo vemos en el porcentaje de condenas que hay entre un delito y otro&#8221;, subray\u00f3.<br \/>\nLa experta afirm\u00f3 que la &#8220;criminalizaci\u00f3n&#8221; del aborto es un elemento que &#8220;empuja a las mujeres&#8221; hacia la &#8220;b\u00fasqueda de servicios inseguros&#8221; para interrumpir sus embarazos, lo que ponen en riesgo su vida.<br \/>\n&#8220;M\u00e1s cuando nos muestra el estudio que la mayor\u00eda de las denuncias se originan dentro de las instituciones de salud, de manera que cu\u00e1l confianza puede tener una mujer de buscar ayuda en un servicio de salud&#8221;, cuestion\u00f3 Gonz\u00e1lez.<\/p>\n","protected":false},"excerpt":{"rendered":"<p>BOGOTA 26 AGO &#8211; Pese a que en Colombia se permite la interrupci\u00f3n del embarazo en tres consideraciones espec\u00edficas, el aborto se mantiene como un&hellip;<\/p>\n","protected":false},"author":99,"featured_media":499242,"comment_status":"open","ping_status":"open","sticky":false,"template":"","format":"standard","meta":{"footnotes":""},"categories":[23],"tags":[],"class_list":["post-499241","post","type-post","status-publish","format-standard","has-post-thumbnail","hentry","category-latinoamerica"],"_links":{"self":[{"href":"https:\/\/diarioelpopular.com\/index.php\/wp-json\/wp\/v2\/posts\/499241","targetHints":{"allow":["GET"]}}],"collection":[{"href":"https:\/\/diarioelpopular.com\/index.php\/wp-json\/wp\/v2\/posts"}],"about":[{"href":"https:\/\/diarioelpopular.com\/index.php\/wp-json\/wp\/v2\/types\/post"}],"author":[{"embeddable":true,"href":"https:\/\/diarioelpopular.com\/index.php\/wp-json\/wp\/v2\/users\/99"}],"replies":[{"embeddable":true,"href":"https:\/\/diarioelpopular.com\/index.php\/wp-json\/wp\/v2\/comments?post=499241"}],"version-history":[{"count":1,"href":"https:\/\/diarioelpopular.com\/index.php\/wp-json\/wp\/v2\/posts\/499241\/revisions"}],"predecessor-version":[{"id":499243,"href":"https:\/\/diarioelpopular.com\/index.php\/wp-json\/wp\/v2\/posts\/499241\/revisions\/499243"}],"wp:featuredmedia":[{"embeddable":true,"href":"https:\/\/diarioelpopular.com\/index.php\/wp-json\/wp\/v2\/media\/499242"}],"wp:attachment":[{"href":"https:\/\/diarioelpopular.com\/index.php\/wp-json\/wp\/v2\/media?parent=499241"}],"wp:term":[{"taxonomy":"category","embeddable":true,"href":"https:\/\/diarioelpopular.com\/index.php\/wp-json\/wp\/v2\/categories?post=499241"},{"taxonomy":"post_tag","embeddable":true,"href":"https:\/\/diarioelpopular.com\/index.php\/wp-json\/wp\/v2\/tags?post=499241"}],"curies":[{"name":"wp","href":"https:\/\/api.w.org\/{rel}","templated":true}]}}