{"id":499245,"date":"2021-08-26T09:44:07","date_gmt":"2021-08-26T13:44:07","guid":{"rendered":"https:\/\/diarioelpopular.com\/?p=499245"},"modified":"2021-08-26T09:44:07","modified_gmt":"2021-08-26T13:44:07","slug":"nicaragua-una-nueva-tactica-de-represion","status":"publish","type":"post","link":"https:\/\/diarioelpopular.com\/index.php\/2021\/08\/26\/nicaragua-una-nueva-tactica-de-represion\/","title":{"rendered":"Nicaragua: Una nueva t\u00e1ctica de represi\u00f3n"},"content":{"rendered":"<div id=\"attachment_499246\" style=\"width: 646px\" class=\"wp-caption alignnone\"><img loading=\"lazy\" decoding=\"async\" aria-describedby=\"caption-attachment-499246\" class=\"size-custom-full-size wp-image-499246\" src=\"https:\/\/diarioelpopular.com\/wp-content\/uploads\/2021\/08\/c868b46f514616d799344211a1bdf895-636x423.jpg\" alt=\"\" width=\"636\" height=\"423\" srcset=\"https:\/\/diarioelpopular.com\/wp-content\/uploads\/2021\/08\/c868b46f514616d799344211a1bdf895-636x423.jpg 636w, https:\/\/diarioelpopular.com\/wp-content\/uploads\/2021\/08\/c868b46f514616d799344211a1bdf895-300x200.jpg 300w, https:\/\/diarioelpopular.com\/wp-content\/uploads\/2021\/08\/c868b46f514616d799344211a1bdf895-768x511.jpg 768w, https:\/\/diarioelpopular.com\/wp-content\/uploads\/2021\/08\/c868b46f514616d799344211a1bdf895-110x73.jpg 110w, https:\/\/diarioelpopular.com\/wp-content\/uploads\/2021\/08\/c868b46f514616d799344211a1bdf895.jpg 945w\" sizes=\"auto, (max-width: 636px) 100vw, 636px\" \/><p id=\"caption-attachment-499246\" class=\"wp-caption-text\"><em>Una nueva t\u00e1ctica de represi\u00f3n en Nicaragua (foto: EPA)<\/em><\/p><\/div>\n<h4><em><strong>Amnist\u00eda Internacional document\u00f3 10 casos<\/strong><\/em><\/h4>\n<p><em><strong>SANTIAGO DE CHILE, 26 AGO &#8211;<\/strong><\/em> Amnist\u00eda Internacional document\u00f3 10 casos de desaparici\u00f3n forzada de personas, detenidas por el gobierno de Daniel Ortega por su activismo o por ejercer su derecho a la libertad de expresi\u00f3n.<br \/>\n&#8220;El gobierno de Daniel Ortega implementa una nueva estrategia para intentar acallar a quienes alzan la voz. Al desaparecer a opositores, activistas y periodistas, Ortega muestra el temor que le tiene a la cr\u00edtica y a la denuncia&#8221;, dijo Erika Guevara, directora para las Am\u00e9ricas de Amnist\u00eda Internacional.<br \/>\nDe acuerdo al organismo, la nueva fase represiva del gobierno de Ortega se inici\u00f3 el 28 de mayo de 2021. Desde esa fecha, hasta el 2 de agosto, m\u00e1s de 30 personas fueron privadas de su libertad, quienes se suman a las m\u00e1s de 100 personas que ya se encontraban en prisi\u00f3n solo por ejercer sus derechos humanos.<br \/>\nLos casos documentados son los de Daysi Tamara D\u00e1vila, Jos\u00e9 Pallais, Miguel Mendoza, Suyen Barahona, V\u00edctor Hugo Tinoco, F\u00e9lix Maradiaga, Ana Margarita Vijil, Violeta Granera, Jorge Torres y Dora Mar\u00eda T\u00e9llez.<br \/>\nLa entidad afirm\u00f3 que &#8220;no son casos aislados&#8221; sino que forman parte &#8220;una lista m\u00e1s larga de v\u00edctimas&#8221;.<br \/>\nTanto el Ministerio P\u00fablico como la Polic\u00eda Nacional han reconocido las detenciones.<br \/>\nSin embargo, &#8220;en ninguno de ellos hacen menci\u00f3n del lugar de reclusi\u00f3n. Adem\u00e1s, las familias no han podido visitar a las personas detenidas, sus equipos legales no han tenido acceso a entrevistarles, y las autoridades judiciales no han dado respuesta a los llamados a autorizar el ingreso de familiares y abogados&#8221;, acus\u00f3 el reporte.<br \/>\nSe han presentado m\u00e1s de 40 solicitudes, peticiones y recursos ante diferentes autoridades, &#8220;lamentablemente, estos recursos han sido inefectivos y en la mayor\u00eda de los casos, desprovistos de respuesta&#8221;.<br \/>\nLa desaparici\u00f3n forzada es un crimen de derecho internacional y una de las m\u00e1s graves violaciones a los derechos humanos debido a que implica la violaci\u00f3n de un conjunto de derechos humanos. Se define como una privaci\u00f3n legal o ilegal de la libertad de una persona cometida por agentes estatales, o por otros actores que cuentan con la aquiescencia o tolerancia del Estado, sin reconocer posteriormente que la detenci\u00f3n tuvo lugar, o, si se la reconoce, se niega informaci\u00f3n sobre la suerte o paradero de la persona privada de libertad.<br \/>\n&#8220;Esta semana se cumplen 90 d\u00edas desde que iniciaron las detenciones m\u00e1s recientes. Sin embargo, las autoridades se siguen negando a entregar informaci\u00f3n oficial sobre el paradero y las condiciones de detenci\u00f3n&#8221;, se\u00f1al\u00f3 Erika Guevara.<br \/>\n&#8220;Las familias merecen tener la certeza de si sus seres queridos se encuentran con vida y el lugar en el que est\u00e1n recluidos. La angustia que viven es un castigo m\u00e1s de la pol\u00edtica de represi\u00f3n del gobierno de Daniel Ortega&#8221;, demand\u00f3.<\/p>\n","protected":false},"excerpt":{"rendered":"<p>Amnist\u00eda Internacional document\u00f3 10 casos SANTIAGO DE CHILE, 26 AGO &#8211; Amnist\u00eda Internacional document\u00f3 10 casos de desaparici\u00f3n forzada de personas, detenidas por el gobierno&hellip;<\/p>\n","protected":false},"author":99,"featured_media":499246,"comment_status":"open","ping_status":"open","sticky":false,"template":"","format":"standard","meta":{"footnotes":""},"categories":[23],"tags":[],"class_list":["post-499245","post","type-post","status-publish","format-standard","has-post-thumbnail","hentry","category-latinoamerica"],"_links":{"self":[{"href":"https:\/\/diarioelpopular.com\/index.php\/wp-json\/wp\/v2\/posts\/499245","targetHints":{"allow":["GET"]}}],"collection":[{"href":"https:\/\/diarioelpopular.com\/index.php\/wp-json\/wp\/v2\/posts"}],"about":[{"href":"https:\/\/diarioelpopular.com\/index.php\/wp-json\/wp\/v2\/types\/post"}],"author":[{"embeddable":true,"href":"https:\/\/diarioelpopular.com\/index.php\/wp-json\/wp\/v2\/users\/99"}],"replies":[{"embeddable":true,"href":"https:\/\/diarioelpopular.com\/index.php\/wp-json\/wp\/v2\/comments?post=499245"}],"version-history":[{"count":1,"href":"https:\/\/diarioelpopular.com\/index.php\/wp-json\/wp\/v2\/posts\/499245\/revisions"}],"predecessor-version":[{"id":499247,"href":"https:\/\/diarioelpopular.com\/index.php\/wp-json\/wp\/v2\/posts\/499245\/revisions\/499247"}],"wp:featuredmedia":[{"embeddable":true,"href":"https:\/\/diarioelpopular.com\/index.php\/wp-json\/wp\/v2\/media\/499246"}],"wp:attachment":[{"href":"https:\/\/diarioelpopular.com\/index.php\/wp-json\/wp\/v2\/media?parent=499245"}],"wp:term":[{"taxonomy":"category","embeddable":true,"href":"https:\/\/diarioelpopular.com\/index.php\/wp-json\/wp\/v2\/categories?post=499245"},{"taxonomy":"post_tag","embeddable":true,"href":"https:\/\/diarioelpopular.com\/index.php\/wp-json\/wp\/v2\/tags?post=499245"}],"curies":[{"name":"wp","href":"https:\/\/api.w.org\/{rel}","templated":true}]}}