{"id":499271,"date":"2021-08-27T09:20:04","date_gmt":"2021-08-27T13:20:04","guid":{"rendered":"https:\/\/diarioelpopular.com\/?p=499271"},"modified":"2021-08-27T09:20:04","modified_gmt":"2021-08-27T13:20:04","slug":"gran-santiago-de-chile-en-apertura","status":"publish","type":"post","link":"https:\/\/diarioelpopular.com\/index.php\/2021\/08\/27\/gran-santiago-de-chile-en-apertura\/","title":{"rendered":"Gran Santiago de Chile en apertura"},"content":{"rendered":"<p>&nbsp;<\/p>\n<div id=\"attachment_499272\" style=\"width: 646px\" class=\"wp-caption alignnone\"><img loading=\"lazy\" decoding=\"async\" aria-describedby=\"caption-attachment-499272\" class=\"size-custom-full-size wp-image-499272\" src=\"https:\/\/diarioelpopular.com\/wp-content\/uploads\/2021\/08\/fdaf8dc7b51ee064ef384506a1a02941-636x423.jpg\" alt=\"\" width=\"636\" height=\"423\" srcset=\"https:\/\/diarioelpopular.com\/wp-content\/uploads\/2021\/08\/fdaf8dc7b51ee064ef384506a1a02941-636x423.jpg 636w, https:\/\/diarioelpopular.com\/wp-content\/uploads\/2021\/08\/fdaf8dc7b51ee064ef384506a1a02941-300x200.jpg 300w, https:\/\/diarioelpopular.com\/wp-content\/uploads\/2021\/08\/fdaf8dc7b51ee064ef384506a1a02941-768x511.jpg 768w, https:\/\/diarioelpopular.com\/wp-content\/uploads\/2021\/08\/fdaf8dc7b51ee064ef384506a1a02941-110x73.jpg 110w, https:\/\/diarioelpopular.com\/wp-content\/uploads\/2021\/08\/fdaf8dc7b51ee064ef384506a1a02941.jpg 945w\" sizes=\"auto, (max-width: 636px) 100vw, 636px\" \/><p id=\"caption-attachment-499272\" class=\"wp-caption-text\"><em>Un hombre con barbijo camina con sus dos perros por el centro de \u00a0 \u00a0 \u00a0 \u00a0 \u00a0 \u00a0 \u00a0 \u00a0 Santiago de Chile.<\/em><\/p><\/div>\n<p><em><strong>SANTIAGO DE CHILE, 26 AGO &#8211;<\/strong><\/em> Las 53 comunas que compone la regi\u00f3n Metropolitana de Chile pasar\u00e1n a Apertura Inicial que comenzar\u00e1 desde este s\u00e1bado en el marco del Plan de Desconfinamiento del pa\u00eds, lo que se puede hacer gracias al control del manejo de la pandemia unido al proceso de vacunaci\u00f3n masivo.<br \/>\nAs\u00ed ya no habr\u00e1 comunas en cuarentenas, las que debieron imponerse en marzo cuando se hizo presente la segunda ola de Covid-19 y que tuvo en abril su pico con 9000 casos diarios de contagios y cerca de dos centenares de decesos por d\u00eda.<br \/>\nA partir del pr\u00f3ximo s\u00e1bado, habr\u00e1 9 comunas en transici\u00f3n -con cuarentena los fines de semana-; 24 en preparaci\u00f3n y 313 en Apertura Inicial, lo que implica una ampliaci\u00f3n de los aforos en las actividades p\u00fablicas y privadas, desplazamiento sin restricciones y viajes interregionales.<br \/>\nLa fase inicial permite que se re\u00fana un m\u00e1ximo de 40 personas si es que todas tienen su Pase de Movilidad (dos vacunas). Y hasta 20 personas sin pase de movilidad. En ambos casos est\u00e1n prohibidas en horario de toque de queda.<br \/>\nEn el Gran Santiago sigue pendiente la reducci\u00f3n del toque de queda, que se mantiene a las 22 horas y hasta las 5 de la madrugada del d\u00eda siguiente. Para que el toque de queda se aplace a las 00.00 horas se requiere que 18.500 personas rezagadas se vacunen y cumplir as\u00ed con el 80% de la poblaci\u00f3n objetivo en la regi\u00f3n, explic\u00f3 la subsecretaria de Salud, Paula Daza.<br \/>\nLas comunas de Estaci\u00f3n Central, Santiago, Independencia, La Pintana, Recoleta y Puente Alto &#8220;tienen una cobertura menor del 70%, y es muy importante que las personas que ya les ha correspondido su segunda dosis, lo hagan, porque es importante que terminen su proceso de vacunaci\u00f3n para alcanzar la inmunidad&#8221;, recalc\u00f3 la autoridad sanitaria.<br \/>\nEl perfil de los rezagados de segundas dosis corresponde a personas j\u00f3venes, entre 18 y 29 a\u00f1os, detall\u00f3 Daza, a\u00f1adiendo que &#8220;de todas maneras, la cifra se ha reducido&#8221;.<br \/>\nRecord\u00f3 que el lunes pasado, faltaban m\u00e1s de 55 mil personas, por lo que espera que &#8220;probablemente podamos avanzar entre lunes y martes para el toque de queda a las 12 de la noche, si alcanzamos ese n\u00famero de vacunaci\u00f3n (18.500) que esperamos que se logre en estos d\u00edas&#8221;.<br \/>\nLa subsecretaria se\u00f1al\u00f3 que en las mencionadas comunas con m\u00e1s rezagados est\u00e1 disponible la vacuna CanSino (una dosis), para quienes a\u00fan no inician su proceso de vacunaci\u00f3n.<br \/>\nEl Ministerio de Salud report\u00f3 hoy 801 nuevos casos de SARS-CoV-2 mientras que los casos activos, es decir, aquellas personas que portan el virus y que son capaces de diseminarlo, son 4.327, contra los 4.933 del jueves de la semana pasada.<br \/>\nLos ex\u00e1menes PCR informados en las \u00faltimas 24 horas fueron 56.871 y la positividad a nivel nacional fue de 1,29% (1,32% hace siete d\u00edas). En la regi\u00f3n Metropolitana la positividad fue de 2% (al igual que hace una semana), mientras que en 12 regiones este indicador es menor o igual a 1%.<br \/>\nA la fecha, los pacientes internados en Unidades de Cuidado Intensivo llegaron a 765 (938 hace siete d\u00edas), y 590 personas est\u00e1n conectadas a ventilaci\u00f3n mec\u00e1nica (730 el jueves pasado). El Departamento de Estad\u00edstica e Informaci\u00f3n de Salud confirm\u00f3 60 nuevos decesos por Covid-19, lo que eleva el total nacional de defunciones a 36.778 con PCR confirmado. El jueves de la semana pasada, los organismos pertinentes informaron 68 defunciones.<\/p>\n","protected":false},"excerpt":{"rendered":"<p>&nbsp; SANTIAGO DE CHILE, 26 AGO &#8211; Las 53 comunas que compone la regi\u00f3n Metropolitana de Chile pasar\u00e1n a Apertura Inicial que comenzar\u00e1 desde este&hellip;<\/p>\n","protected":false},"author":99,"featured_media":499272,"comment_status":"open","ping_status":"open","sticky":false,"template":"","format":"standard","meta":{"footnotes":""},"categories":[23],"tags":[],"class_list":["post-499271","post","type-post","status-publish","format-standard","has-post-thumbnail","hentry","category-latinoamerica"],"_links":{"self":[{"href":"https:\/\/diarioelpopular.com\/index.php\/wp-json\/wp\/v2\/posts\/499271","targetHints":{"allow":["GET"]}}],"collection":[{"href":"https:\/\/diarioelpopular.com\/index.php\/wp-json\/wp\/v2\/posts"}],"about":[{"href":"https:\/\/diarioelpopular.com\/index.php\/wp-json\/wp\/v2\/types\/post"}],"author":[{"embeddable":true,"href":"https:\/\/diarioelpopular.com\/index.php\/wp-json\/wp\/v2\/users\/99"}],"replies":[{"embeddable":true,"href":"https:\/\/diarioelpopular.com\/index.php\/wp-json\/wp\/v2\/comments?post=499271"}],"version-history":[{"count":1,"href":"https:\/\/diarioelpopular.com\/index.php\/wp-json\/wp\/v2\/posts\/499271\/revisions"}],"predecessor-version":[{"id":499273,"href":"https:\/\/diarioelpopular.com\/index.php\/wp-json\/wp\/v2\/posts\/499271\/revisions\/499273"}],"wp:featuredmedia":[{"embeddable":true,"href":"https:\/\/diarioelpopular.com\/index.php\/wp-json\/wp\/v2\/media\/499272"}],"wp:attachment":[{"href":"https:\/\/diarioelpopular.com\/index.php\/wp-json\/wp\/v2\/media?parent=499271"}],"wp:term":[{"taxonomy":"category","embeddable":true,"href":"https:\/\/diarioelpopular.com\/index.php\/wp-json\/wp\/v2\/categories?post=499271"},{"taxonomy":"post_tag","embeddable":true,"href":"https:\/\/diarioelpopular.com\/index.php\/wp-json\/wp\/v2\/tags?post=499271"}],"curies":[{"name":"wp","href":"https:\/\/api.w.org\/{rel}","templated":true}]}}