{"id":499281,"date":"2021-08-27T09:27:08","date_gmt":"2021-08-27T13:27:08","guid":{"rendered":"https:\/\/diarioelpopular.com\/?p=499281"},"modified":"2021-08-27T09:27:08","modified_gmt":"2021-08-27T13:27:08","slug":"mexico-dimite-ministra-de-gobernacion","status":"publish","type":"post","link":"https:\/\/diarioelpopular.com\/index.php\/2021\/08\/27\/mexico-dimite-ministra-de-gobernacion\/","title":{"rendered":"M\u00e9xico: Dimite ministra de Gobernaci\u00f3n"},"content":{"rendered":"<div id=\"attachment_499282\" style=\"width: 646px\" class=\"wp-caption alignnone\"><img loading=\"lazy\" decoding=\"async\" aria-describedby=\"caption-attachment-499282\" class=\"size-custom-full-size wp-image-499282\" src=\"https:\/\/diarioelpopular.com\/wp-content\/uploads\/2021\/08\/27e1ff677f34b67d705d6661b27a9f9b-636x423.jpg\" alt=\"\" width=\"636\" height=\"423\" srcset=\"https:\/\/diarioelpopular.com\/wp-content\/uploads\/2021\/08\/27e1ff677f34b67d705d6661b27a9f9b-636x423.jpg 636w, https:\/\/diarioelpopular.com\/wp-content\/uploads\/2021\/08\/27e1ff677f34b67d705d6661b27a9f9b-300x200.jpg 300w, https:\/\/diarioelpopular.com\/wp-content\/uploads\/2021\/08\/27e1ff677f34b67d705d6661b27a9f9b-768x511.jpg 768w, https:\/\/diarioelpopular.com\/wp-content\/uploads\/2021\/08\/27e1ff677f34b67d705d6661b27a9f9b-110x73.jpg 110w, https:\/\/diarioelpopular.com\/wp-content\/uploads\/2021\/08\/27e1ff677f34b67d705d6661b27a9f9b.jpg 945w\" sizes=\"auto, (max-width: 636px) 100vw, 636px\" \/><p id=\"caption-attachment-499282\" class=\"wp-caption-text\"><em>Dimite ministra de Gobernaci\u00f3n de M\u00e9xico, Olga S\u00e1nchez.<\/em><br \/><em>(foto: EPA)<\/em><\/p><\/div>\n<h4><em><strong>Ser\u00e1 sustituida por el gobernador del estado de Tabasco<\/strong><\/em><\/h4>\n<p><em><strong>CIUDAD DE MEXICO, 27 AGO &#8211;<\/strong><\/em> La ministra de Gobernaci\u00f3n (interior), Olga S\u00e1nchez, renunci\u00f3 este jueves a su cargo, el cual ostentaba desde la asunci\u00f3n del presidente Andr\u00e9s L\u00f3pez Obrador el 1 de diciembre de 2018, y ser\u00e1 sustituida por el gobernador del estado sure\u00f1o de Tabasco, Ad\u00e1n L\u00f3pez.<br \/>\nTanto S\u00e1nchez como L\u00f3pez, son miembros del gobernante Movimiento de Regeneraci\u00f3n Nacional (Morena, izquierda) e integrantes del c\u00edrculo \u00edntimo del mandatario.<br \/>\nS\u00e1nchez es una jueza retirada de la Suprema Corte, de 74 a\u00f1os, la cual volver\u00e1 a ocupar la banca del Senado que hab\u00eda dejado libre al ser designada en el gabinete del L\u00f3pez Obrador.<br \/>\nPor ahora, se prev\u00e9 que la gobernaci\u00f3n de Tabasco, sureste del pa\u00eds, en la frontera con Guatemala, sea ocupada por su &#8220;vice&#8221;, Jos\u00e9 Antonio de la Vega, mientras el Congreso local designa a un reemplazante.<br \/>\nAd\u00e1n L\u00f3pez, 58 a\u00f1os, tom\u00f3 protesta como Gobernador el 31 de diciembre de 2018 y su mandato estaba designado para culminar hasta el 30 de septiembre de 2024.<br \/>\nLa repentina dimisi\u00f3n de S\u00e1nchez desat\u00f3 numerosas especulaciones en los ambientes pol\u00edticos y algunos medios locales consideraron que fue objeto de tratos poco considerados del propio jefe de Estado.<br \/>\nPorfirio Mu\u00f1oz Ledo, exl\u00edder de la C\u00e1mara de Diputados y uno de los m\u00e1s notables disidentes del oficialismo, despu\u00e9s de ser un estrecho compa\u00f1ero de lucha por muchos a\u00f1os de L\u00f3pez Obrador, se\u00f1al\u00f3 que S\u00e1nchez &#8220;lleg\u00f3 a su l\u00edmite&#8221; luego de la aprobaci\u00f3n de una ley para ampliar el mandato del presidente de la Suprema Corte.<br \/>\nLa exministra ser\u00e1 designada l\u00edder de la C\u00e1mara de Senadores, de acuerdo con fuentes oficiales.<\/p>\n","protected":false},"excerpt":{"rendered":"<p>Ser\u00e1 sustituida por el gobernador del estado de Tabasco CIUDAD DE MEXICO, 27 AGO &#8211; La ministra de Gobernaci\u00f3n (interior), Olga S\u00e1nchez, renunci\u00f3 este jueves&hellip;<\/p>\n","protected":false},"author":99,"featured_media":499282,"comment_status":"open","ping_status":"open","sticky":false,"template":"","format":"standard","meta":{"footnotes":""},"categories":[23],"tags":[],"class_list":["post-499281","post","type-post","status-publish","format-standard","has-post-thumbnail","hentry","category-latinoamerica"],"_links":{"self":[{"href":"https:\/\/diarioelpopular.com\/index.php\/wp-json\/wp\/v2\/posts\/499281","targetHints":{"allow":["GET"]}}],"collection":[{"href":"https:\/\/diarioelpopular.com\/index.php\/wp-json\/wp\/v2\/posts"}],"about":[{"href":"https:\/\/diarioelpopular.com\/index.php\/wp-json\/wp\/v2\/types\/post"}],"author":[{"embeddable":true,"href":"https:\/\/diarioelpopular.com\/index.php\/wp-json\/wp\/v2\/users\/99"}],"replies":[{"embeddable":true,"href":"https:\/\/diarioelpopular.com\/index.php\/wp-json\/wp\/v2\/comments?post=499281"}],"version-history":[{"count":1,"href":"https:\/\/diarioelpopular.com\/index.php\/wp-json\/wp\/v2\/posts\/499281\/revisions"}],"predecessor-version":[{"id":499283,"href":"https:\/\/diarioelpopular.com\/index.php\/wp-json\/wp\/v2\/posts\/499281\/revisions\/499283"}],"wp:featuredmedia":[{"embeddable":true,"href":"https:\/\/diarioelpopular.com\/index.php\/wp-json\/wp\/v2\/media\/499282"}],"wp:attachment":[{"href":"https:\/\/diarioelpopular.com\/index.php\/wp-json\/wp\/v2\/media?parent=499281"}],"wp:term":[{"taxonomy":"category","embeddable":true,"href":"https:\/\/diarioelpopular.com\/index.php\/wp-json\/wp\/v2\/categories?post=499281"},{"taxonomy":"post_tag","embeddable":true,"href":"https:\/\/diarioelpopular.com\/index.php\/wp-json\/wp\/v2\/tags?post=499281"}],"curies":[{"name":"wp","href":"https:\/\/api.w.org\/{rel}","templated":true}]}}