{"id":499301,"date":"2021-08-28T13:00:00","date_gmt":"2021-08-28T17:00:00","guid":{"rendered":"https:\/\/diarioelpopular.com\/?p=499301"},"modified":"2021-08-28T13:00:00","modified_gmt":"2021-08-28T17:00:00","slug":"peru-gobierno-obtiene-voto-de-confianza","status":"publish","type":"post","link":"https:\/\/diarioelpopular.com\/index.php\/2021\/08\/28\/peru-gobierno-obtiene-voto-de-confianza\/","title":{"rendered":"Per\u00fa: Gobierno obtiene voto de confianza"},"content":{"rendered":"<div id=\"attachment_499302\" style=\"width: 646px\" class=\"wp-caption alignnone\"><img loading=\"lazy\" decoding=\"async\" aria-describedby=\"caption-attachment-499302\" class=\"size-custom-full-size wp-image-499302\" src=\"https:\/\/diarioelpopular.com\/wp-content\/uploads\/2021\/08\/018028230ffbded6f8e6febf5f0f3c1b-636x423.jpg\" alt=\"\" width=\"636\" height=\"423\" srcset=\"https:\/\/diarioelpopular.com\/wp-content\/uploads\/2021\/08\/018028230ffbded6f8e6febf5f0f3c1b-636x423.jpg 636w, https:\/\/diarioelpopular.com\/wp-content\/uploads\/2021\/08\/018028230ffbded6f8e6febf5f0f3c1b-300x200.jpg 300w, https:\/\/diarioelpopular.com\/wp-content\/uploads\/2021\/08\/018028230ffbded6f8e6febf5f0f3c1b-768x511.jpg 768w, https:\/\/diarioelpopular.com\/wp-content\/uploads\/2021\/08\/018028230ffbded6f8e6febf5f0f3c1b-110x73.jpg 110w, https:\/\/diarioelpopular.com\/wp-content\/uploads\/2021\/08\/018028230ffbded6f8e6febf5f0f3c1b.jpg 945w\" sizes=\"auto, (max-width: 636px) 100vw, 636px\" \/><p id=\"caption-attachment-499302\" class=\"wp-caption-text\"><em>El primer ministro peruano, Guido Bellido, en el Congreso, en Lima. (foto: EPA)<\/em><\/p><\/div>\n<p><em><strong>LIMA, 28 AGO &#8211;<\/strong><\/em> El Congreso peruano concedi\u00f3 la confianza al gobierno encabezado por el premier Guido Bellido. Votaron por en forma afirmativa 73 parlamentarios mientras que 50 lo hicieron por la negativa.<\/p>\n<p>Bellido hab\u00eda expuesto las l\u00edneas generales de su programa de gobierno el jueves, y el Congreso las discuti\u00f3 por dos d\u00edas llegando al voto final hoy.<\/p>\n<p>En la vigilia del debate exist\u00eda incertidumbre acerca del resultado de la votaci\u00f3n porque el partido de izquierda Per\u00fa Libre, del presidente Pedro Castillo, no dispon\u00eda por s\u00ed solo de los votos necesarios para la aprobaci\u00f3n y deb\u00eda negociar con otras formaciones pol\u00edticas un eventual apoyo.<br \/>\nAl confirmarse el voto contrario de Fuerza Popular, la agrupaci\u00f3n de derecha de la candidata presidencial Keiko Fujimori, derrotada por estrecho margen por Castillo, su vocero, Nano Guerra, afirm\u00f3 que fue elegido &#8220;el gabinete m\u00e1s mediocre de la historia republicana&#8221;.<br \/>\n&#8220;Hallar\u00e1n en Fuerza Popular -agreg\u00f3- un muro de contenci\u00f3n a los impulsos totalitarios tendientes a minar la Constituci\u00f3n y la improvisaci\u00f3n&#8221;.<br \/>\nPor su parte, Castillo agradeci\u00f3 v\u00eda Twitter al Congreso por la confianza concedida, sosteniendo que &#8220;la b\u00fasqueda de consenso nos permitir\u00e1 gobernar junto a los ciudadanos y por el desarrollo de pol\u00edticas p\u00fablicas de car\u00e1cter social. Como Gobierno del Bicentenario queremos llegar a cada rinc\u00f3n de Per\u00fa&#8221;.<\/p>\n","protected":false},"excerpt":{"rendered":"<p>LIMA, 28 AGO &#8211; El Congreso peruano concedi\u00f3 la confianza al gobierno encabezado por el premier Guido Bellido. Votaron por en forma afirmativa 73 parlamentarios&hellip;<\/p>\n","protected":false},"author":99,"featured_media":499302,"comment_status":"open","ping_status":"open","sticky":false,"template":"","format":"standard","meta":{"footnotes":""},"categories":[23],"tags":[],"class_list":["post-499301","post","type-post","status-publish","format-standard","has-post-thumbnail","hentry","category-latinoamerica"],"_links":{"self":[{"href":"https:\/\/diarioelpopular.com\/index.php\/wp-json\/wp\/v2\/posts\/499301","targetHints":{"allow":["GET"]}}],"collection":[{"href":"https:\/\/diarioelpopular.com\/index.php\/wp-json\/wp\/v2\/posts"}],"about":[{"href":"https:\/\/diarioelpopular.com\/index.php\/wp-json\/wp\/v2\/types\/post"}],"author":[{"embeddable":true,"href":"https:\/\/diarioelpopular.com\/index.php\/wp-json\/wp\/v2\/users\/99"}],"replies":[{"embeddable":true,"href":"https:\/\/diarioelpopular.com\/index.php\/wp-json\/wp\/v2\/comments?post=499301"}],"version-history":[{"count":1,"href":"https:\/\/diarioelpopular.com\/index.php\/wp-json\/wp\/v2\/posts\/499301\/revisions"}],"predecessor-version":[{"id":499303,"href":"https:\/\/diarioelpopular.com\/index.php\/wp-json\/wp\/v2\/posts\/499301\/revisions\/499303"}],"wp:featuredmedia":[{"embeddable":true,"href":"https:\/\/diarioelpopular.com\/index.php\/wp-json\/wp\/v2\/media\/499302"}],"wp:attachment":[{"href":"https:\/\/diarioelpopular.com\/index.php\/wp-json\/wp\/v2\/media?parent=499301"}],"wp:term":[{"taxonomy":"category","embeddable":true,"href":"https:\/\/diarioelpopular.com\/index.php\/wp-json\/wp\/v2\/categories?post=499301"},{"taxonomy":"post_tag","embeddable":true,"href":"https:\/\/diarioelpopular.com\/index.php\/wp-json\/wp\/v2\/tags?post=499301"}],"curies":[{"name":"wp","href":"https:\/\/api.w.org\/{rel}","templated":true}]}}