{"id":499304,"date":"2021-08-29T11:12:14","date_gmt":"2021-08-29T15:12:14","guid":{"rendered":"https:\/\/diarioelpopular.com\/?p=499304"},"modified":"2021-08-29T11:12:14","modified_gmt":"2021-08-29T15:12:14","slug":"ontario-reporta-mas-de-700-casos-de-covid-19-por-tercer-dia-consecutivo-2-muertes-adicionales","status":"publish","type":"post","link":"https:\/\/diarioelpopular.com\/index.php\/2021\/08\/29\/ontario-reporta-mas-de-700-casos-de-covid-19-por-tercer-dia-consecutivo-2-muertes-adicionales\/","title":{"rendered":"Ontario reporta m\u00e1s de 700 casos de COVID-19 por tercer d\u00eda consecutivo, 2 muertes adicionales"},"content":{"rendered":"<p><img loading=\"lazy\" decoding=\"async\" class=\"alignnone size-custom-full-size wp-image-499305\" src=\"https:\/\/diarioelpopular.com\/wp-content\/uploads\/2021\/08\/Screen-Shot-2021-08-29-at-11.07.27-AM-636x370.png\" alt=\"\" width=\"636\" height=\"370\" srcset=\"https:\/\/diarioelpopular.com\/wp-content\/uploads\/2021\/08\/Screen-Shot-2021-08-29-at-11.07.27-AM-636x370.png 636w, https:\/\/diarioelpopular.com\/wp-content\/uploads\/2021\/08\/Screen-Shot-2021-08-29-at-11.07.27-AM-300x175.png 300w, https:\/\/diarioelpopular.com\/wp-content\/uploads\/2021\/08\/Screen-Shot-2021-08-29-at-11.07.27-AM-768x447.png 768w, https:\/\/diarioelpopular.com\/wp-content\/uploads\/2021\/08\/Screen-Shot-2021-08-29-at-11.07.27-AM-125x73.png 125w, https:\/\/diarioelpopular.com\/wp-content\/uploads\/2021\/08\/Screen-Shot-2021-08-29-at-11.07.27-AM.png 1014w\" sizes=\"auto, (max-width: 636px) 100vw, 636px\" \/><\/p>\n<p><em>Publicado domingo 29 de agosto de 2021 a las 11:08<\/em><\/p>\n<h4><em><strong>Ontario report\u00f3 740 casos de COVID-19 este domingo, lo que eleva el n\u00famero total de casos en la provincia a 564,331.<\/strong><\/em><\/h4>\n<p><em><strong>TORONTO.-<\/strong> <\/em>Es el tercer d\u00eda consecutivo en que la provincia report\u00f3 m\u00e1s de 700 casos de COVID-19.<\/p>\n<p>La ministra de Salud, Christine Elliott, dijo que de los nuevos casos, 551 se encuentran en personas que no est\u00e1n completamente vacunadas o tienen un estado de vacunaci\u00f3n desconocido, mientras que 189 est\u00e1n en personas completamente vacunadas.<\/p>\n<p>A modo de comparaci\u00f3n, el domingo pasado se notificaron 722 casos.<\/p>\n<p>Tambi\u00e9n se anunciaron dos nuevas muertes este 29 de agosto, lo que eleva el n\u00famero de muertos provinciales relacionados con el virus a 9.498.<\/p>\n<p>Un total de 548,959 casos de coronavirus se consideran resueltos, lo que representa un aumento de 561.<\/p>\n<p>Se completaron casi 22,900 pruebas adicionales. Ontario ha completado un total de 17,190,384 pruebas y 8,739 siguen bajo investigaci\u00f3n.<\/p>\n<p>La provincia indic\u00f3 que la tasa de positividad para el \u00faltimo d\u00eda fue del 3,3%, que es superior al informe del s\u00e1bado, cuando fue del 2,6%, y superior al informe del domingo pasado, cuando fue del 3,2%.<\/p>\n<p>Las cifras provinciales mostraron que hay 158 personas en cuidados intensivos debido a COVID-19 (cuatro menos), 98 de las cuales est\u00e1n en un ventilador (11 m\u00e1s).<\/p>\n<p>A partir de las 8 p.m. El s\u00e1bado, se hab\u00edan administrado 20,709,011 dosis de la vacuna COVID-19 en Ontario, lo que representa un aumento de 29,695. De ellos, 19,449 fueron segundas dosis.<\/p>\n<p>En Ontario, el 82,8% de las personas mayores de 12 a\u00f1os han recibido al menos una dosis de vacuna y el 76% est\u00e1n completamente vacunadas.<\/p>\n","protected":false},"excerpt":{"rendered":"<p>Publicado domingo 29 de agosto de 2021 a las 11:08 Ontario report\u00f3 740 casos de COVID-19 este domingo, lo que eleva el n\u00famero total de&hellip;<\/p>\n","protected":false},"author":99,"featured_media":499305,"comment_status":"open","ping_status":"open","sticky":false,"template":"","format":"standard","meta":{"footnotes":""},"categories":[21,11191],"tags":[],"class_list":["post-499304","post","type-post","status-publish","format-standard","has-post-thumbnail","hentry","category-canada","category-top-news"],"_links":{"self":[{"href":"https:\/\/diarioelpopular.com\/index.php\/wp-json\/wp\/v2\/posts\/499304","targetHints":{"allow":["GET"]}}],"collection":[{"href":"https:\/\/diarioelpopular.com\/index.php\/wp-json\/wp\/v2\/posts"}],"about":[{"href":"https:\/\/diarioelpopular.com\/index.php\/wp-json\/wp\/v2\/types\/post"}],"author":[{"embeddable":true,"href":"https:\/\/diarioelpopular.com\/index.php\/wp-json\/wp\/v2\/users\/99"}],"replies":[{"embeddable":true,"href":"https:\/\/diarioelpopular.com\/index.php\/wp-json\/wp\/v2\/comments?post=499304"}],"version-history":[{"count":1,"href":"https:\/\/diarioelpopular.com\/index.php\/wp-json\/wp\/v2\/posts\/499304\/revisions"}],"predecessor-version":[{"id":499306,"href":"https:\/\/diarioelpopular.com\/index.php\/wp-json\/wp\/v2\/posts\/499304\/revisions\/499306"}],"wp:featuredmedia":[{"embeddable":true,"href":"https:\/\/diarioelpopular.com\/index.php\/wp-json\/wp\/v2\/media\/499305"}],"wp:attachment":[{"href":"https:\/\/diarioelpopular.com\/index.php\/wp-json\/wp\/v2\/media?parent=499304"}],"wp:term":[{"taxonomy":"category","embeddable":true,"href":"https:\/\/diarioelpopular.com\/index.php\/wp-json\/wp\/v2\/categories?post=499304"},{"taxonomy":"post_tag","embeddable":true,"href":"https:\/\/diarioelpopular.com\/index.php\/wp-json\/wp\/v2\/tags?post=499304"}],"curies":[{"name":"wp","href":"https:\/\/api.w.org\/{rel}","templated":true}]}}