{"id":499313,"date":"2021-08-31T08:52:47","date_gmt":"2021-08-31T12:52:47","guid":{"rendered":"https:\/\/diarioelpopular.com\/?p=499313"},"modified":"2021-08-31T08:52:47","modified_gmt":"2021-08-31T12:52:47","slug":"algunas-juntas-escolares-de-ontario-adoptan-un-enfoque-individual-de-la-perdida-del-aprendizaje-a-medida-que-se-acercan-las-clases","status":"publish","type":"post","link":"https:\/\/diarioelpopular.com\/index.php\/2021\/08\/31\/algunas-juntas-escolares-de-ontario-adoptan-un-enfoque-individual-de-la-perdida-del-aprendizaje-a-medida-que-se-acercan-las-clases\/","title":{"rendered":"Algunas juntas escolares de Ontario adoptan un enfoque individual de la &#8220;p\u00e9rdida del aprendizaje&#8221; a medida que se acercan las clases"},"content":{"rendered":"<p><img loading=\"lazy\" decoding=\"async\" class=\"alignnone size-custom-full-size wp-image-499314\" src=\"https:\/\/diarioelpopular.com\/wp-content\/uploads\/2021\/08\/Screen-Shot-2021-08-31-at-8.47.56-AM-636x345.png\" alt=\"\" width=\"636\" height=\"345\" srcset=\"https:\/\/diarioelpopular.com\/wp-content\/uploads\/2021\/08\/Screen-Shot-2021-08-31-at-8.47.56-AM-636x345.png 636w, https:\/\/diarioelpopular.com\/wp-content\/uploads\/2021\/08\/Screen-Shot-2021-08-31-at-8.47.56-AM-300x163.png 300w, https:\/\/diarioelpopular.com\/wp-content\/uploads\/2021\/08\/Screen-Shot-2021-08-31-at-8.47.56-AM-768x417.png 768w, https:\/\/diarioelpopular.com\/wp-content\/uploads\/2021\/08\/Screen-Shot-2021-08-31-at-8.47.56-AM-135x73.png 135w, https:\/\/diarioelpopular.com\/wp-content\/uploads\/2021\/08\/Screen-Shot-2021-08-31-at-8.47.56-AM.png 1014w\" sizes=\"auto, (max-width: 636px) 100vw, 636px\" \/><\/p>\n<p><em><strong>TORONTO &#8211;<\/strong> <\/em>Las juntas escolares planean prestar atenci\u00f3n temprana a las necesidades individuales cuando los estudiantes regresen a las aulas de Ontario despu\u00e9s de un a\u00f1o de estudios interrumpidos por la pandemia, diciendo que el esfuerzo ayudar\u00e1 a abordar el fen\u00f3meno conocido como &#8220;p\u00e9rdida de aprendizaje&#8221;.<\/p>\n<p>Varias juntas dijeron que evaluar\u00e1n a los estudiantes cuando se reanude la escuela la pr\u00f3xima semana para tener una idea de cu\u00e1nto han retenido los ni\u00f1os desde el \u00faltimo a\u00f1o acad\u00e9mico y d\u00f3nde necesitan m\u00e1s apoyo.<\/p>\n<p>\u201cNuestro punto de partida ser\u00e1 ayudar a los estudiantes a adaptarse al aprendizaje en persona, asegurarnos de que se sientan seguros y que su bienestar mental est\u00e9 en un buen lugar\u201d, dijo Warren Hoshizaki, director de educaci\u00f3n de la Junta Escolar del Distrito de Niagara.<\/p>\n<p>&#8220;A partir de ah\u00ed, nuestros educadores y personal de apoyo llegar\u00e1n a conocer a sus estudiantes como individuos y como aprendices para comprender mejor sus fortalezas y necesidades, apoy\u00e1ndolos y capacit\u00e1ndolos para que alcancen su potencial&#8221;.<\/p>\n<p>De manera similar, la Junta Escolar del Distrito Cat\u00f3lico de Dufferin-Peel dijo que trabajar con los estudiantes a nivel individual en las fortalezas acad\u00e9micas b\u00e1sicas &#8220;ser\u00e1 el enfoque para todos los estudiantes este a\u00f1o&#8221;.<\/p>\n<p>La Junta Escolar del Distrito de la Regi\u00f3n de Waterloo dijo que la alfabetizaci\u00f3n temprana ser\u00e1 un enfoque, que reunir\u00e1 a los estudiantes &#8220;en el punto en que lo necesiten con una instrucci\u00f3n espec\u00edfica&#8221;.<\/p>\n<p>Para los estudiantes de 4 \u00b0 grado en adelante, la junta dijo que est\u00e1 planificando evaluaciones para comprender d\u00f3nde se encuentran los estudiantes a fin de ayudar a &#8220;cerrar cualquier brecha y dar cuenta de cualquier p\u00e9rdida de aprendizaje, antes de que comiencen un nuevo aprendizaje&#8221;.<\/p>\n<p>Tambi\u00e9n dijo que planea eliminar el per\u00edodo de ex\u00e1menes finales para el pr\u00f3ximo a\u00f1o acad\u00e9mico y est\u00e1 revisando los m\u00e9todos de evaluaci\u00f3n para los estudiantes de secundaria a la luz de la pandemia.<\/p>\n<p>El psic\u00f3logo Todd Cunningham, que se especializa en intervenciones acad\u00e9micas para estudiantes con discapacidades de aprendizaje, dijo que es probable que los estudiantes regresen a la escuela con una amplia gama de necesidades acad\u00e9micas que las escuelas deber\u00edan estar preparadas para satisfacer.<\/p>\n<p>Los estudiantes han tenido un acceso desigual al aprendizaje en l\u00ednea durante la pandemia y algunos han tenido m\u00e1s dificultades que otros, dej\u00e1ndolos desconectados de la escuela durante m\u00e1s de un a\u00f1o y medio y amenazando algunas habilidades b\u00e1sicas como lectura y matem\u00e1ticas, dijo.<\/p>\n<p>&#8220;Lo que podemos esperar es una extensi\u00f3n mucho mayor de las habilidades acad\u00e9micas de los estudiantes cuando regresemos&#8221;, dijo Cunningham, quien tambi\u00e9n es profesor en la Universidad de Toronto, en una entrevista. &#8220;Los profesores tendr\u00e1n que ser realmente capaces de pensar en esto&#8221;.<\/p>\n<p>La p\u00e9rdida de aprendizaje puede no ser un problema para la mayor\u00eda de los estudiantes, dijo, pero para aquellos a quienes afecta, la p\u00e9rdida de habilidades acad\u00e9micas puede agravarse con el tiempo si no se aborda.<\/p>\n<p>Cunningham recomend\u00f3 que los educadores eval\u00faen las habilidades b\u00e1sicas de los estudiantes a principios de a\u00f1o para determinar qui\u00e9n necesitar\u00e1 m\u00e1s atenci\u00f3n y en qu\u00e9 \u00e1rea.<\/p>\n<p>Tambi\u00e9n dijo que los educadores deben tener cuidado de ayudar a los estudiantes a sentirse c\u00f3modos en la escuela nuevamente antes de priorizar el trabajo del curso.<\/p>\n<p>\u201cLos maestros no tendr\u00e1n que apresurarse demasiado para acumular todos los acad\u00e9micos\u201d, dijo. &#8220;Pasar varias semanas ayudando a reacondicionar a los estudiantes para el entorno escolar para que luego se sientan seguros, se sientan apoyados y luego podamos realmente comenzar a desarrollar estas habilidades cr\u00edticas una vez que hayamos identificado a los estudiantes que lo necesitan&#8221;.<\/p>\n<p>Joy Henderson, madre de Toronto, dijo que no est\u00e1 de acuerdo con enmarcar los desaf\u00edos de aprendizaje recientes como una &#8220;p\u00e9rdida&#8221;, ya que los ni\u00f1os han lidiado con una variedad de tensiones pand\u00e9micas, incluidos los cambios entre el aprendizaje en l\u00ednea y en clase, sin sus apoyos sociales y extracurriculares habituales.<\/p>\n<p>Dijo que no le sorprender\u00eda que sus tres hijos _ en los grados 6, 9 y 11 _ no retuvieran todo lo aprendido en clase durante el \u00faltimo a\u00f1o.<\/p>\n<p>&#8220;No lo considero una p\u00e9rdida de aprendizaje en absoluto, sino simplemente la reacci\u00f3n natural a una situaci\u00f3n realmente complicada y el mal manejo de esta pandemia&#8221;, dijo por tel\u00e9fono.<\/p>\n<p>&#8220;Les digo que estoy orgulloso de ellos por pivotar tan bien, con estar en l\u00ednea y fuera de l\u00ednea y dem\u00e1s, pero no espero brillantez durante esto&#8221;.<\/p>\n<p>El gobierno provincial dijo que su investigaci\u00f3n sobre el impacto de COVID-19 en los estudiantes muestra la necesidad de un enfoque en la alfabetizaci\u00f3n temprana y las matem\u00e1ticas a medida que los estudiantes regresan a clase, as\u00ed como la necesidad de apoyos para la salud mental.<\/p>\n<p>Dijo que la investigaci\u00f3n indic\u00f3 que los estudiantes ind\u00edgenas y negros, los de hogares de bajos ingresos y los estudiantes con discapacidades y necesidades de educaci\u00f3n especial se han visto afectados de manera desproporcionada por la pandemia.<\/p>\n<p>Una portavoz del ministro de Educaci\u00f3n, Stephen Lecce, se\u00f1al\u00f3 los $ 85 millones en fondos gubernamentales previamente anunciados destinados a la p\u00e9rdida del aprendizaje, $ 80 millones para apoyos de salud mental y programas de aprendizaje de verano que se ejecutaron este verano.<\/p>\n<p>\u201cNuestra prioridad sigue siendo preparar a los estudiantes para un a\u00f1o de aprendizaje\u201d, dijo Caitlin Clark en un correo electr\u00f3nico.<\/p>\n<p>Las clases se interrumpieron varias veces durante el \u00faltimo a\u00f1o acad\u00e9mico debido a que Ontario traslad\u00f3 el aprendizaje en l\u00ednea para hacer frente a los aumentos repentinos de las infecciones por COVID-19.<\/p>\n<p>El plan de regreso a clases de la provincia para este a\u00f1o ha advertido a las juntas que est\u00e9n preparados para un posible cierre, pero se\u00f1alan que eso no pueda que suceda.<\/p>\n","protected":false},"excerpt":{"rendered":"<p>TORONTO &#8211; Las juntas escolares planean prestar atenci\u00f3n temprana a las necesidades individuales cuando los estudiantes regresen a las aulas de Ontario despu\u00e9s de un&hellip;<\/p>\n","protected":false},"author":99,"featured_media":499314,"comment_status":"open","ping_status":"open","sticky":false,"template":"","format":"standard","meta":{"footnotes":""},"categories":[21,11191],"tags":[],"class_list":["post-499313","post","type-post","status-publish","format-standard","has-post-thumbnail","hentry","category-canada","category-top-news"],"_links":{"self":[{"href":"https:\/\/diarioelpopular.com\/index.php\/wp-json\/wp\/v2\/posts\/499313","targetHints":{"allow":["GET"]}}],"collection":[{"href":"https:\/\/diarioelpopular.com\/index.php\/wp-json\/wp\/v2\/posts"}],"about":[{"href":"https:\/\/diarioelpopular.com\/index.php\/wp-json\/wp\/v2\/types\/post"}],"author":[{"embeddable":true,"href":"https:\/\/diarioelpopular.com\/index.php\/wp-json\/wp\/v2\/users\/99"}],"replies":[{"embeddable":true,"href":"https:\/\/diarioelpopular.com\/index.php\/wp-json\/wp\/v2\/comments?post=499313"}],"version-history":[{"count":1,"href":"https:\/\/diarioelpopular.com\/index.php\/wp-json\/wp\/v2\/posts\/499313\/revisions"}],"predecessor-version":[{"id":499315,"href":"https:\/\/diarioelpopular.com\/index.php\/wp-json\/wp\/v2\/posts\/499313\/revisions\/499315"}],"wp:featuredmedia":[{"embeddable":true,"href":"https:\/\/diarioelpopular.com\/index.php\/wp-json\/wp\/v2\/media\/499314"}],"wp:attachment":[{"href":"https:\/\/diarioelpopular.com\/index.php\/wp-json\/wp\/v2\/media?parent=499313"}],"wp:term":[{"taxonomy":"category","embeddable":true,"href":"https:\/\/diarioelpopular.com\/index.php\/wp-json\/wp\/v2\/categories?post=499313"},{"taxonomy":"post_tag","embeddable":true,"href":"https:\/\/diarioelpopular.com\/index.php\/wp-json\/wp\/v2\/tags?post=499313"}],"curies":[{"name":"wp","href":"https:\/\/api.w.org\/{rel}","templated":true}]}}