{"id":499328,"date":"2021-09-01T09:30:25","date_gmt":"2021-09-01T13:30:25","guid":{"rendered":"https:\/\/diarioelpopular.com\/?p=499328"},"modified":"2021-09-01T09:30:25","modified_gmt":"2021-09-01T13:30:25","slug":"america-latina-y-el-caribe-creceran-5-9","status":"publish","type":"post","link":"https:\/\/diarioelpopular.com\/index.php\/2021\/09\/01\/america-latina-y-el-caribe-creceran-5-9\/","title":{"rendered":"Am\u00e9rica Latina y el Caribe crecer\u00e1n 5,9%"},"content":{"rendered":"<div id=\"attachment_499329\" style=\"width: 646px\" class=\"wp-caption alignnone\"><img loading=\"lazy\" decoding=\"async\" aria-describedby=\"caption-attachment-499329\" class=\"size-custom-full-size wp-image-499329\" src=\"https:\/\/diarioelpopular.com\/wp-content\/uploads\/2021\/09\/9a9495a7005684fb8fc7c1ebc1b29f90-636x423.jpg\" alt=\"\" width=\"636\" height=\"423\" srcset=\"https:\/\/diarioelpopular.com\/wp-content\/uploads\/2021\/09\/9a9495a7005684fb8fc7c1ebc1b29f90-636x423.jpg 636w, https:\/\/diarioelpopular.com\/wp-content\/uploads\/2021\/09\/9a9495a7005684fb8fc7c1ebc1b29f90-300x200.jpg 300w, https:\/\/diarioelpopular.com\/wp-content\/uploads\/2021\/09\/9a9495a7005684fb8fc7c1ebc1b29f90-768x511.jpg 768w, https:\/\/diarioelpopular.com\/wp-content\/uploads\/2021\/09\/9a9495a7005684fb8fc7c1ebc1b29f90-110x73.jpg 110w, https:\/\/diarioelpopular.com\/wp-content\/uploads\/2021\/09\/9a9495a7005684fb8fc7c1ebc1b29f90.jpg 945w\" sizes=\"auto, (max-width: 636px) 100vw, 636px\" \/><p id=\"caption-attachment-499329\" class=\"wp-caption-text\"><em>Alicia B\u00e1rcena, secretaria ejecutiva de CEPAL<\/em><\/p><\/div>\n<h4><em><strong>En 2022, expansi\u00f3n se modera a 2,9%, seg\u00fan estimaciones de Cepal<\/strong><\/em><\/h4>\n<p><em><strong>SANTIAGO DE CHILE, 1 SEP<\/strong>\u00a0<\/em>&#8211; Am\u00e9rica Latina y el Caribe crecer\u00e1n este a\u00f1o en 5,9% mientras para 2022 se prev\u00e9 una moderaci\u00f3n en la expansi\u00f3n a 2,9%, seg\u00fan estimaciones entregadas por la Cepal.<br \/>\nEl crecimiento de 2021 se explica principalmente por una baja base de comparaci\u00f3n -luego de la contracci\u00f3n de 6,8% registrada en 2020- adem\u00e1s de los efectos positivos derivados de la demanda externa y el alza en los precios de los productos b\u00e1sicos (commodities) que exporta la regi\u00f3n, as\u00ed como por aumentos en la demanda agregada.<br \/>\nAs\u00ed lo dio a conocer la secretaria ejecutiva del organismo, Alicia B\u00e1rcena, durante el lanzamiento del Estudio Econ\u00f3mico de Am\u00e9rica Latina y el Caribe 2021: Din\u00e1mica laboral y pol\u00edticas de empleo para una recuperaci\u00f3n sostenible e inclusiva m\u00e1s all\u00e1 de la crisis del Covid-19.<br \/>\nB\u00e1rcena llam\u00f3 la atenci\u00f3n sobre las asimetr\u00edas &#8220;entre los pa\u00edses desarrollados y las naciones de ingreso medio -la mayor\u00eda de los pa\u00edses de la regi\u00f3n- tanto en la din\u00e1mica de la vacunaci\u00f3n, como en la capacidad de implementar pol\u00edticas para la recuperaci\u00f3n econ\u00f3mica&#8221;.<br \/>\nPara 2021 se espera un crecimiento mundial de 5,9% en 2021 y 4,5% en 2022, con importantes diferencias entre pa\u00edses.<br \/>\nEn el acceso a las vacunas, el 24,5% de la poblaci\u00f3n mundial cuenta con esquema de vacunaci\u00f3n completo, pero con diferencias ostensibles. La Uni\u00f3n Europea, con el 55,6% inmunizado; Estados Unidos y Canad\u00e1 53%; Am\u00e9rica Latina y el Caribe 24,8%; Am\u00e9rica del Sur 26,8%; Centroam\u00e9rica y M\u00e9xico 22,4%; El Caribe 5,8%.<br \/>\nEn cuanto a los esfuerzos de ayuda fiscal, Estados Unidos cont\u00f3 con paquetes multianuales en torno a 18% del PIB; la UE emiti\u00f3 bonos por 20 mil millones de euros para financiar inversi\u00f3n p\u00fablica; Australia y Canad\u00e1 han presupuestado nuevos paquetes de medidas multianuales de alrededor del 5% del PIB en sus presupuestos de 2021.<br \/>\nEn Am\u00e9rica Latina, los nuevos planes fiscales anunciados entre enero y junio de 2021 representan 2,2% del PIB.<br \/>\nB\u00e1rcena afirm\u00f3 que en la regi\u00f3n &#8220;para mantener pol\u00edticas fiscales y monetarias expansivas los pa\u00edses requieren complementar los recursos internos con un mayor acceso a la liquidez internacional y con mecanismos multilaterales que faciliten el manejo de la deuda&#8221;.<br \/>\nAsimismo, abog\u00f3 por iniciativas multilaterales para enfrentar las incertidumbres sobre la vacunaci\u00f3n y el acceso de los pa\u00edses en desarrollo a financiamiento en condiciones adecuadas.<br \/>\nEl documento muestra que los problemas estructurales de la regi\u00f3n se agudizaron producto de la pandemia y limitar\u00e1n la recuperaci\u00f3n de la actividad econ\u00f3mica.<br \/>\nAntes del Covid-19, la regi\u00f3n ven\u00eda con una trayectoria hacia el estancamiento: en el sexenio entre 2014 y 2019 creci\u00f3 a una tasa promedio de 0,3%, menor al promedio del sexenio que incluye la Primera Guerra Mundial (0,9%) y el de la Gran Depresi\u00f3n (1,3%).<br \/>\nAdem\u00e1s, muestra una ca\u00edda progresiva en la inversi\u00f3n, alcanzando en 2020 uno de sus niveles m\u00e1s bajos en las \u00faltimas tres d\u00e9cadas (17,9% del PIB). De igual forma, la productividad laboral cae significativamente.<br \/>\nA nivel mundial, los mercados del trabajo de la regi\u00f3n fueron los m\u00e1s afectados por la crisis generada por el SARS-Cov2 -el n\u00famero de ocupados cay\u00f3 9,0% en 2020- y la recuperaci\u00f3n esperada para 2021 no permitir\u00e1 alcanzar los niveles pre-crisis.<br \/>\nLa participaci\u00f3n femenina lleg\u00f3 en 2020 a 46,9%, lo que representa un retroceso a los niveles de 2002. En 2021 se espera una recuperaci\u00f3n de este indicador, que llegar\u00eda a 49,1%, pese a lo cual los niveles ser\u00edan similares a los de 2008.<br \/>\nEl estudio refuerza la necesidad de canalizar inversi\u00f3n hacia sectores que promuevan un nuevo estilo de desarrollo y que pueden potenciar competitividad, empleo, y bajar la huella ambiental.<br \/>\nEn materia fiscal, el reporte resalta que se debe acelerar la inversi\u00f3n p\u00fablica e incentivar y atraer la inversi\u00f3n privada.<br \/>\nComo prioridad fortalecer los ingresos tributarios y reducir la evasi\u00f3n, que representa alrededor de 325.000 millones de d\u00f3lares (6,1% del PIB regional).<br \/>\nPropugna el mayor acceso a la liquidez internacional y menciona la emisi\u00f3n de Derechos Especiales de Giro (DEGs) equivalente a 650 mil millones de d\u00f3lares implementada recientemente.<br \/>\nAdvierte que la emisi\u00f3n de DEGs y su reasignaci\u00f3n no es una panacea y debe ser acompa\u00f1ada de otras iniciativas, incluyendo la creaci\u00f3n de fondos multilaterales como el Fondo para Aliviar la Econom\u00eda Covid-19 impulsado por Costa Rica, para facilitar el acceso a financiamiento.<br \/>\nDestaca tambi\u00e9n la necesidad de fortalecer la banca de desarrollo regional, subregional y nacional, as\u00ed como el establecimiento de un mecanismo multilateral de reestructuraci\u00f3n de la deuda soberana para hacer frente a las obligaciones contra\u00eddas con los acreedores privados.<br \/>\nA\u00f1ade la importancia de mitigar la pro-ciclicidad de las agencias calificadoras de riesgos y contribuir a que la estabilidad financiera sea un bien p\u00fablico global mediante la creaci\u00f3n de una agencia multilateral de calificaci\u00f3n crediticia.<\/p>\n","protected":false},"excerpt":{"rendered":"<p>En 2022, expansi\u00f3n se modera a 2,9%, seg\u00fan estimaciones de Cepal SANTIAGO DE CHILE, 1 SEP\u00a0&#8211; Am\u00e9rica Latina y el Caribe crecer\u00e1n este a\u00f1o en&hellip;<\/p>\n","protected":false},"author":99,"featured_media":499329,"comment_status":"open","ping_status":"open","sticky":false,"template":"","format":"standard","meta":{"footnotes":""},"categories":[11358],"tags":[],"class_list":["post-499328","post","type-post","status-publish","format-standard","has-post-thumbnail","hentry","category-especiales"],"_links":{"self":[{"href":"https:\/\/diarioelpopular.com\/index.php\/wp-json\/wp\/v2\/posts\/499328","targetHints":{"allow":["GET"]}}],"collection":[{"href":"https:\/\/diarioelpopular.com\/index.php\/wp-json\/wp\/v2\/posts"}],"about":[{"href":"https:\/\/diarioelpopular.com\/index.php\/wp-json\/wp\/v2\/types\/post"}],"author":[{"embeddable":true,"href":"https:\/\/diarioelpopular.com\/index.php\/wp-json\/wp\/v2\/users\/99"}],"replies":[{"embeddable":true,"href":"https:\/\/diarioelpopular.com\/index.php\/wp-json\/wp\/v2\/comments?post=499328"}],"version-history":[{"count":1,"href":"https:\/\/diarioelpopular.com\/index.php\/wp-json\/wp\/v2\/posts\/499328\/revisions"}],"predecessor-version":[{"id":499330,"href":"https:\/\/diarioelpopular.com\/index.php\/wp-json\/wp\/v2\/posts\/499328\/revisions\/499330"}],"wp:featuredmedia":[{"embeddable":true,"href":"https:\/\/diarioelpopular.com\/index.php\/wp-json\/wp\/v2\/media\/499329"}],"wp:attachment":[{"href":"https:\/\/diarioelpopular.com\/index.php\/wp-json\/wp\/v2\/media?parent=499328"}],"wp:term":[{"taxonomy":"category","embeddable":true,"href":"https:\/\/diarioelpopular.com\/index.php\/wp-json\/wp\/v2\/categories?post=499328"},{"taxonomy":"post_tag","embeddable":true,"href":"https:\/\/diarioelpopular.com\/index.php\/wp-json\/wp\/v2\/tags?post=499328"}],"curies":[{"name":"wp","href":"https:\/\/api.w.org\/{rel}","templated":true}]}}