{"id":499335,"date":"2021-09-02T11:16:48","date_gmt":"2021-09-02T15:16:48","guid":{"rendered":"https:\/\/diarioelpopular.com\/?p=499335"},"modified":"2021-09-02T11:16:48","modified_gmt":"2021-09-02T15:16:48","slug":"los-votantes-canadienses-decidiran-el-destino-del-cuidado-infantil-nacional-en-las-elecciones-del-20-de-septiembre","status":"publish","type":"post","link":"https:\/\/diarioelpopular.com\/index.php\/2021\/09\/02\/los-votantes-canadienses-decidiran-el-destino-del-cuidado-infantil-nacional-en-las-elecciones-del-20-de-septiembre\/","title":{"rendered":"Los votantes canadienses decidir\u00e1n el destino del cuidado infantil nacional en las elecciones del 20 de septiembre"},"content":{"rendered":"<p><img loading=\"lazy\" decoding=\"async\" class=\"alignnone size-custom-full-size wp-image-499336\" src=\"https:\/\/diarioelpopular.com\/wp-content\/uploads\/2021\/09\/canadian-election-2021-will-the-national-child-care-plan-survive-1280x720-766x431-636x358.jpg\" alt=\"\" width=\"636\" height=\"358\" srcset=\"https:\/\/diarioelpopular.com\/wp-content\/uploads\/2021\/09\/canadian-election-2021-will-the-national-child-care-plan-survive-1280x720-766x431-636x358.jpg 636w, https:\/\/diarioelpopular.com\/wp-content\/uploads\/2021\/09\/canadian-election-2021-will-the-national-child-care-plan-survive-1280x720-766x431-300x169.jpg 300w, https:\/\/diarioelpopular.com\/wp-content\/uploads\/2021\/09\/canadian-election-2021-will-the-national-child-care-plan-survive-1280x720-766x431-130x73.jpg 130w, https:\/\/diarioelpopular.com\/wp-content\/uploads\/2021\/09\/canadian-election-2021-will-the-national-child-care-plan-survive-1280x720-766x431.jpg 766w\" sizes=\"auto, (max-width: 636px) 100vw, 636px\" \/><\/p>\n<p><em><strong>Los canadienses enfrentar\u00e1n una dura elecci\u00f3n sobre c\u00f3mo abordar la crisis del cuidado infantil cuando vayan a las urnas el 20 de septiembre, con los liberales gobernantes prometiendo seguir adelante con un sistema de guarder\u00eda subsidiado y los conservadores rivales ofreciendo cr\u00e9ditos fiscales a los padres.<\/strong><\/em><\/p>\n<p><em><strong>OTTAWA.-<\/strong> <\/em>La urgente necesidad de un cuidado infantil asequible y confiable en Canad\u00e1 qued\u00f3 al descubierto por la pandemia del coronavirus, como guarder\u00eda y escuela.<\/p>\n<p>Los cierres obligaron a muchos padres, en su mayor\u00eda mujeres, a reducir las horas de trabajo o dejar el trabajo para cuidar a los ni\u00f1os, lo que perjudic\u00f3 la productividad.<\/p>\n<p>M\u00e1s del 48% de los padres canadienses han tenido problemas para encontrar cuidado infantil asequible, seg\u00fan un estudio reciente de Statistics Canada,\u00a0incitando al 27% de ellos a retrasar el regreso al trabajo y al 41% a cambiar los horarios de trabajo.<\/p>\n<p>El apoyo p\u00fablico para un programa nacional de cuidado infantil es alto, con m\u00e1s del 70% de los canadienses a favor, seg\u00fan Angus.<\/p>\n<p><strong><em>Encuesta de Reid.<\/em> <\/strong>El apoyo es m\u00e1s fuerte entre las mujeres y los canadienses de izquierda, bloques electorales clave para los liberales de centroizquierda que est\u00e1n en una carrera cuerpo a cuerpo con los conservadores.<\/p>\n<p>\u201cLo que la pandemia sirvi\u00f3 para hacer fue realmente hacer que los desaf\u00edos de tratar de equilibrar el cuidado de los ni\u00f1os con el trabajo remunerado\u00a0deslumbrante \u201d, dijo Morna Ballantyne, directora ejecutiva de Child Care Now, que aboga por el cuidado infantil financiado con fondos p\u00fablicos.<\/p>\n<p>&#8220;Las mujeres estaban abandonando la fuerza laboral remunerada&#8221;.<\/p>\n<p>Las madres de ni\u00f1os peque\u00f1os vieron un gran aumento en el desempleo durante la pandemia y contin\u00faan a la zaga de sus hom\u00f3logos masculinos en la recuperaci\u00f3n de esas p\u00e9rdidas. Las tasas de participaci\u00f3n laboral de las mujeres con hijos tambi\u00e9n son mucho m\u00e1s bajas que las de los padres varones.<\/p>\n<p>Hacer que esas mujeres trabajen es clave para el crecimiento econ\u00f3mico de Canad\u00e1, dicen los economistas.<\/p>\n<p>Los liberales del primer ministro Justin Trudeau dicen que su plan de C $ 30 mil millones ($ 23,8 mil millones) para reducir enormemente las tarifas de guarder\u00eda al garantizar un costo promedio de C $ 10 al d\u00eda y crear 250,000 nuevos lugares para el cuidado de ni\u00f1os durante cinco a\u00f1os ayudar\u00e1 a lograrlo. El plan liberal se est\u00e1 implementando en siete de las 10 provincias y uno de los tres territorios canadienses.<\/p>\n<p>Los conservadores, fuera del poder desde que perdieron las elecciones de 2015, han dicho que si ganan la votaci\u00f3n de este mes, cancelar\u00e1n esos acuerdos y en su lugar ofrecer\u00e1n pagos de hasta $ 6,000 al a\u00f1o, seg\u00fan los ingresos, para ayudar a los padres a pagar la guarder\u00eda de elecci\u00f3n.<\/p>\n<p>Los enfoques divergentes de los dos partidos principales podr\u00edan hacer que el cuidado de los ni\u00f1os sea un factor decisivo en los distritos electorales clave, particularmente en Vancouver y Toronto, donde las guarder\u00edas en los centros son notoriamente dif\u00edciles de encontrar y el cuidado de los ni\u00f1os puede costarles a las familias miles de d\u00f3lares cada mes.<\/p>\n<p>Kerry Liu, un padre del \u00e1rea de Toronto cuyo hijo menor comenzar\u00e1 el jard\u00edn de infancia este a\u00f1o, dijo que la guarder\u00eda era un gasto enorme para su familia y que el plan de los liberales es definitivamente una consideraci\u00f3n clave para \u00e9l en las elecciones.<\/p>\n<p>\u201cPara dos ni\u00f1os es casi C $ 3,000 (al mes). As\u00ed que creo que 10 d\u00f3lares canadienses al d\u00eda beneficiar\u00e1n a muchos padres \u201d, dijo. &#8220;Eso va a ser un gran cambio de juego&#8221;.<\/p>\n<p>El costo medio del cuidado de un ni\u00f1o peque\u00f1o en Toronto es de C $ 1,578 al mes. Eso cae a C $ 210 al mes bajo el r\u00e9gimen liberal<br \/>\nplan en comparaci\u00f3n con C $ 1,178 al mes para una familia de ingresos medios bajo el plan Conservador, seg\u00fan los c\u00e1lculos de Reuters.<\/p>\n<p>&#8220;Vamos a ayudar a todos los padres, a todos los padres, de inmediato&#8221;, ya sea que utilicen la guarder\u00eda p\u00fablica o no, la l\u00edder conservadora Erin<br \/>\nO&#8217;Toole dijo cuando lanz\u00f3 su plataforma electoral el mes pasado.<\/p>\n<p><em><strong>POSIBLE PROBLEMA DE LA CU\u00d1A<\/strong><\/em><\/p>\n<p>Los grupos empresariales, que suelen estar preocupados por el gasto p\u00fablico excesivo, prefieren el enfoque de cr\u00e9dito fiscal porque la atenci\u00f3n subsidiada es m\u00e1s costosa.<\/p>\n<p>Pero la estrategia nacional de guarder\u00eda de Trudeau es &#8220;popular en todos los \u00e1mbitos&#8221; entre los votantes, dijo Nik Nanos, director de Nanos Research,<br \/>\ny podr\u00eda ser un problema de cu\u00f1a en carreras re\u00f1idas, particularmente en los centros urbanos donde ambos padres suelen trabajar.<\/p>\n<p>&#8220;Si est\u00e1s en el centro de Toronto o en el centro de Vancouver, quieres competir contra los conservadores en vacunas y<br \/>\ncuidado de ni\u00f1os &#8220;, dijo Nanos, refiri\u00e9ndose a la divergencia de las dos partes principales sobre las vacunas COVID-19 obligatorias.<\/p>\n<p>Trudeau, quien espera que las altas tasas de vacunaci\u00f3n COVID-19 y un fuerte repunte econ\u00f3mico lo ayuden a ganar un gobierno mayoritario el 20 de septiembre, ha ordenado las vacunas para los trabajadores federales y todos sus candidatos.<\/p>\n<p><em><strong>O&#8217;Toole se opone a los mandatos.<\/strong><\/em><\/p>\n<p>Los liberales caen en las urnas y muy por debajo de los 170 esca\u00f1os necesarios para una mayor\u00eda en la C\u00e1mara de los Comunes. La econom\u00eda de Canad\u00e1 tambi\u00e9n tuvo un desempe\u00f1o peor de lo esperado en el segundo trimestre.<\/p>\n<p>Los liberales, que actualmente cuentan con el apoyo de los partidos de la oposici\u00f3n para aprobar la legislaci\u00f3n, son favorecidos por el 31% de los votantes frente al 34% de los conservadores, seg\u00fan una nueva encuesta de Nanos Research. Los nuevos dem\u00f3cratas de izquierda, que tambi\u00e9n apoyan la guarder\u00eda nacional, est\u00e1n al 20%.<\/p>\n<p>Muchos defensores del cuidado infantil respaldan el plan liberal. Dicen que Canad\u00e1 necesita m\u00e1s lugares de guarder\u00eda, tarifas m\u00e1s bajas para los padres y m\u00e1s seguridad laboral para los trabajadores de cuidado infantil.<\/p>\n","protected":false},"excerpt":{"rendered":"<p>Los canadienses enfrentar\u00e1n una dura elecci\u00f3n sobre c\u00f3mo abordar la crisis del cuidado infantil cuando vayan a las urnas el 20 de septiembre, con los&hellip;<\/p>\n","protected":false},"author":99,"featured_media":499336,"comment_status":"open","ping_status":"open","sticky":false,"template":"","format":"standard","meta":{"footnotes":""},"categories":[21,11191],"tags":[],"class_list":["post-499335","post","type-post","status-publish","format-standard","has-post-thumbnail","hentry","category-canada","category-top-news"],"_links":{"self":[{"href":"https:\/\/diarioelpopular.com\/index.php\/wp-json\/wp\/v2\/posts\/499335","targetHints":{"allow":["GET"]}}],"collection":[{"href":"https:\/\/diarioelpopular.com\/index.php\/wp-json\/wp\/v2\/posts"}],"about":[{"href":"https:\/\/diarioelpopular.com\/index.php\/wp-json\/wp\/v2\/types\/post"}],"author":[{"embeddable":true,"href":"https:\/\/diarioelpopular.com\/index.php\/wp-json\/wp\/v2\/users\/99"}],"replies":[{"embeddable":true,"href":"https:\/\/diarioelpopular.com\/index.php\/wp-json\/wp\/v2\/comments?post=499335"}],"version-history":[{"count":1,"href":"https:\/\/diarioelpopular.com\/index.php\/wp-json\/wp\/v2\/posts\/499335\/revisions"}],"predecessor-version":[{"id":499337,"href":"https:\/\/diarioelpopular.com\/index.php\/wp-json\/wp\/v2\/posts\/499335\/revisions\/499337"}],"wp:featuredmedia":[{"embeddable":true,"href":"https:\/\/diarioelpopular.com\/index.php\/wp-json\/wp\/v2\/media\/499336"}],"wp:attachment":[{"href":"https:\/\/diarioelpopular.com\/index.php\/wp-json\/wp\/v2\/media?parent=499335"}],"wp:term":[{"taxonomy":"category","embeddable":true,"href":"https:\/\/diarioelpopular.com\/index.php\/wp-json\/wp\/v2\/categories?post=499335"},{"taxonomy":"post_tag","embeddable":true,"href":"https:\/\/diarioelpopular.com\/index.php\/wp-json\/wp\/v2\/tags?post=499335"}],"curies":[{"name":"wp","href":"https:\/\/api.w.org\/{rel}","templated":true}]}}