{"id":499338,"date":"2021-09-02T11:33:44","date_gmt":"2021-09-02T15:33:44","guid":{"rendered":"https:\/\/diarioelpopular.com\/?p=499338"},"modified":"2021-09-02T11:33:44","modified_gmt":"2021-09-02T15:33:44","slug":"la-nueva-variante-mu-se-expande-en-colombia-y-ecuador-segun-la-oms","status":"publish","type":"post","link":"https:\/\/diarioelpopular.com\/index.php\/2021\/09\/02\/la-nueva-variante-mu-se-expande-en-colombia-y-ecuador-segun-la-oms\/","title":{"rendered":"La nueva variante Mu se expande en Colombia y Ecuador, seg\u00fan la OMS"},"content":{"rendered":"<div id=\"attachment_499339\" style=\"width: 646px\" class=\"wp-caption alignnone\"><img loading=\"lazy\" decoding=\"async\" aria-describedby=\"caption-attachment-499339\" class=\"size-custom-full-size wp-image-499339\" src=\"https:\/\/diarioelpopular.com\/wp-content\/uploads\/2021\/09\/REP-GEN_LATINOAMERICA_EN_IMAGENES-FOTOS_22326-636x358.jpg\" alt=\"\" width=\"636\" height=\"358\" srcset=\"https:\/\/diarioelpopular.com\/wp-content\/uploads\/2021\/09\/REP-GEN_LATINOAMERICA_EN_IMAGENES-FOTOS_22326-636x358.jpg 636w, https:\/\/diarioelpopular.com\/wp-content\/uploads\/2021\/09\/REP-GEN_LATINOAMERICA_EN_IMAGENES-FOTOS_22326-300x169.jpg 300w, https:\/\/diarioelpopular.com\/wp-content\/uploads\/2021\/09\/REP-GEN_LATINOAMERICA_EN_IMAGENES-FOTOS_22326-768x432.jpg 768w, https:\/\/diarioelpopular.com\/wp-content\/uploads\/2021\/09\/REP-GEN_LATINOAMERICA_EN_IMAGENES-FOTOS_22326-130x73.jpg 130w, https:\/\/diarioelpopular.com\/wp-content\/uploads\/2021\/09\/REP-GEN_LATINOAMERICA_EN_IMAGENES-FOTOS_22326.jpg 1024w\" sizes=\"auto, (max-width: 636px) 100vw, 636px\" \/><p id=\"caption-attachment-499339\" class=\"wp-caption-text\"><em>Un trabajador sanitario apunta la informaci\u00f3n de pacientes fallecidos por complicaciones derivadas del COVID-19, en la morgue del Hospital Regional de Zipaquira, Colombia, el 28 de junio de 2021. Colombia se ha convertido en uno de los \u00faltimos focos de la pandemia ante una tercera ola de contagios y el repunte de los decesos. (AP Foto\/Iv\u00e1n Valencia) IVAN VALENCIA AP<\/em><\/p><\/div>\n<p>La Organizaci\u00f3n Mundial de la Salud (OMS) dijo hoy que la nueva variante Mu, que acaba de clasificar como \u201cvariante de inter\u00e9s\u201d, tiene una importante prevalencia en Colombia -pa\u00eds en la que se identific\u00f3 por primera vez el pasado enero- y en Ecuador, donde representa el 39 % y 13 % de casos, respectivamente.<\/p>\n<p>No obstante, la secuenciaci\u00f3n de esta variante que se est\u00e1 realizando a nivel internacional indica que, contrariamente a lo que pasa en los dos pa\u00edses sudamericanos, la prevalencia global de Mu se ha reducido y ahora representa menos del 0,1 % de casos.<\/p>\n<p>La variante mu, que se ha detectado en 39 pa\u00edses, es considerada ahora como \u201cde inter\u00e9s\u201d por la OMS, lo que implica que se le har\u00e1 un seguimiento para saber de inmediato si presenta mutaciones que puedan modificar la forma en que se transmite, volverla m\u00e1s virulenta o reducir la eficacia de las vacunas utilizadas en la actualidad para prevenir la covid-19.<\/p>\n<p>Solo en el caso de presentar tales cambios, los cient\u00edficos evaluar\u00e1n si pasa a considerarse una \u201cvariante de preocupaci\u00f3n\u201d, de las que actualmente hay cuatro: alfa, beta, gamma y delta. Esta \u00faltima es la que m\u00e1s inquietud provoca por su capacidad de propagarse r\u00e1pidamente y porque puede causar una enfermedad m\u00e1s severa.<\/p>\n<p>Sobre Mu, la OMS indica en su \u00faltimo informe epidemiol\u00f3gico haber registrado \u201calgunos reportes espor\u00e1dicos de casos y algunos brotes m\u00e1s importantes en pa\u00edses de Sudam\u00e9rica (distintos a Colombia) y Europa\u201d.<\/p>\n<p>&nbsp;<\/p>\n","protected":false},"excerpt":{"rendered":"<p>La Organizaci\u00f3n Mundial de la Salud (OMS) dijo hoy que la nueva variante Mu, que acaba de clasificar como \u201cvariante de inter\u00e9s\u201d, tiene una importante&hellip;<\/p>\n","protected":false},"author":99,"featured_media":499339,"comment_status":"open","ping_status":"open","sticky":false,"template":"","format":"standard","meta":{"footnotes":""},"categories":[23],"tags":[],"class_list":["post-499338","post","type-post","status-publish","format-standard","has-post-thumbnail","hentry","category-latinoamerica"],"_links":{"self":[{"href":"https:\/\/diarioelpopular.com\/index.php\/wp-json\/wp\/v2\/posts\/499338","targetHints":{"allow":["GET"]}}],"collection":[{"href":"https:\/\/diarioelpopular.com\/index.php\/wp-json\/wp\/v2\/posts"}],"about":[{"href":"https:\/\/diarioelpopular.com\/index.php\/wp-json\/wp\/v2\/types\/post"}],"author":[{"embeddable":true,"href":"https:\/\/diarioelpopular.com\/index.php\/wp-json\/wp\/v2\/users\/99"}],"replies":[{"embeddable":true,"href":"https:\/\/diarioelpopular.com\/index.php\/wp-json\/wp\/v2\/comments?post=499338"}],"version-history":[{"count":1,"href":"https:\/\/diarioelpopular.com\/index.php\/wp-json\/wp\/v2\/posts\/499338\/revisions"}],"predecessor-version":[{"id":499340,"href":"https:\/\/diarioelpopular.com\/index.php\/wp-json\/wp\/v2\/posts\/499338\/revisions\/499340"}],"wp:featuredmedia":[{"embeddable":true,"href":"https:\/\/diarioelpopular.com\/index.php\/wp-json\/wp\/v2\/media\/499339"}],"wp:attachment":[{"href":"https:\/\/diarioelpopular.com\/index.php\/wp-json\/wp\/v2\/media?parent=499338"}],"wp:term":[{"taxonomy":"category","embeddable":true,"href":"https:\/\/diarioelpopular.com\/index.php\/wp-json\/wp\/v2\/categories?post=499338"},{"taxonomy":"post_tag","embeddable":true,"href":"https:\/\/diarioelpopular.com\/index.php\/wp-json\/wp\/v2\/tags?post=499338"}],"curies":[{"name":"wp","href":"https:\/\/api.w.org\/{rel}","templated":true}]}}