{"id":499355,"date":"2021-09-03T13:11:38","date_gmt":"2021-09-03T17:11:38","guid":{"rendered":"https:\/\/diarioelpopular.com\/?p=499355"},"modified":"2021-09-03T13:11:38","modified_gmt":"2021-09-03T17:11:38","slug":"grupos-de-medicos-de-ontario-se-pronuncian-en-contra-de-las-protestas-contra-las-vacunas","status":"publish","type":"post","link":"https:\/\/diarioelpopular.com\/index.php\/2021\/09\/03\/grupos-de-medicos-de-ontario-se-pronuncian-en-contra-de-las-protestas-contra-las-vacunas\/","title":{"rendered":"Grupos de m\u00e9dicos de Ontario se pronuncian en contra de las protestas contra las vacunas"},"content":{"rendered":"<p><img loading=\"lazy\" decoding=\"async\" class=\"alignnone size-custom-full-size wp-image-499356\" src=\"https:\/\/diarioelpopular.com\/wp-content\/uploads\/2021\/09\/Screen-Shot-2021-09-03-at-1.11.06-PM-636x367.png\" alt=\"\" width=\"636\" height=\"367\" srcset=\"https:\/\/diarioelpopular.com\/wp-content\/uploads\/2021\/09\/Screen-Shot-2021-09-03-at-1.11.06-PM-636x367.png 636w, https:\/\/diarioelpopular.com\/wp-content\/uploads\/2021\/09\/Screen-Shot-2021-09-03-at-1.11.06-PM-300x173.png 300w, https:\/\/diarioelpopular.com\/wp-content\/uploads\/2021\/09\/Screen-Shot-2021-09-03-at-1.11.06-PM-768x443.png 768w, https:\/\/diarioelpopular.com\/wp-content\/uploads\/2021\/09\/Screen-Shot-2021-09-03-at-1.11.06-PM-127x73.png 127w, https:\/\/diarioelpopular.com\/wp-content\/uploads\/2021\/09\/Screen-Shot-2021-09-03-at-1.11.06-PM.png 1009w\" sizes=\"auto, (max-width: 636px) 100vw, 636px\" \/><\/p>\n<h4><em><strong>Tres grupos m\u00e9dicos prominentes se est\u00e1n pronunciando contra el acoso que, seg\u00fan dicen, los m\u00e9dicos han enfrentado por parte de los manifestantes contra las vacunas.<\/strong><\/em><\/h4>\n<p><em><strong>TORONTO &#8211;<\/strong><\/em> La Asociaci\u00f3n M\u00e9dica Canadiense, la Asociaci\u00f3n M\u00e9dica de Ontario y la Asociaci\u00f3n de Hospitales de Ontario dicen que los manifestantes se establecieron fuera de los hospitales esta semana para oponerse a las reglas que obligan a las personas a vacunarse contra el COVID-19.<\/p>\n<p>Los grupos dicen que en algunos casos, los manifestantes bloquearon el acceso a ambulancias y otros servicios m\u00e9dicos.<\/p>\n<p>La CMA y OMA dicen que los m\u00e9dicos han sido intimidados y, en algunos casos, atacados por quienes no est\u00e1n de acuerdo con los mandatos de las vacunas.<\/p>\n<p>Esta semana, el gobierno de Ontario se uni\u00f3 a Quebec, Manitoba y Columbia Brit\u00e1nica para anunciar un programa que requerir\u00e1 prueba de vacunaci\u00f3n para acceder a algunos servicios no esenciales.<\/p>\n<p>El premier de Ontario, Doug Ford, dijo que no quer\u00eda introducir la medida, pero una desaceleraci\u00f3n en la aceptaci\u00f3n de la vacuna junto con el aumento de los recuentos de casos de COVID-19 lo obligaron a tomar la iniciativa.<\/p>\n<p>Las encuestas sugieren que la medida tiene un apoyo generalizado, pero los grupos m\u00e9dicos dicen que una minor\u00eda vocal ha hecho que la vida de los m\u00e9dicos sea a\u00fan m\u00e1s dif\u00edcil.<\/p>\n<p>\u201cLos trabajadores de la salud que han trabajado incansablemente durante meses y meses est\u00e1n siendo intimidados y acosados \u200b\u200bpor hacer su trabajo. Esto es incorrecto e inaceptable _ punto. Estamos en una crisis de salud de proporciones sin precedentes \u201d, dijeron la CMA y OMA en un comunicado conjunto el viernes.<\/p>\n<p>\u201cEn medicina, confiamos en hechos cient\u00edficos, evidencia e investigaci\u00f3n rigurosa. La pandemia solo ha subrayado la importancia de estos principios. Hemos contenido los brotes de COVID-19, hemos tratado a pacientes y hemos desarrollado vacunas que salvan vidas &#8220;.<\/p>\n<p>La Dra. Jennifer Kwan, una m\u00e9dica de familia que se ha hecho un nombre al compartir datos sobre la pandemia en l\u00ednea, dijo que la informaci\u00f3n err\u00f3nea que sospecha que ha llevado a un sentimiento anti-vacunas es desalentadora.<\/p>\n<p>&#8220;Espero que la gente comprenda que, independientemente de las protestas, los proveedores m\u00e9dicos seguir\u00e1n estando all\u00ed para atenderlos si se enferman&#8221;, dijo. &#8220;Ya tengo pacientes no vacunados, incluidos los j\u00f3venes y sanos, gravemente enfermos y hospitalizados debido a COVID-19&#8221;.<\/p>\n<p>Hasta este viernes, 326 personas en Ontario estaban hospitalizadas con el virus, seg\u00fan datos provinciales, y solo 34 de ellas estaban completamente vacunadas. Los datos muestran que 169 personas est\u00e1n en cuidados intensivos debido a COVID-19, incluidas 105 que est\u00e1n en un ventilador.<\/p>\n<p>Ontario inform\u00f3 807 casos m\u00e1s de COVID-19 este viernes y siete muertes adicionales. Dijo que 628 de los nuevos diagn\u00f3sticos se encuentran en personas que no est\u00e1n completamente vacunadas o cuyo estado de vacunaci\u00f3n se desconoce.<\/p>\n<p>Los datos m\u00e1s recientes muestran que el 83,3 por ciento de los habitantes de Ontario de 12 a\u00f1os o m\u00e1s han recibido al menos una dosis de la vacuna COVID-19, mientras que el 76,8 por ciento est\u00e1n completamente vacunados.<\/p>\n","protected":false},"excerpt":{"rendered":"<p>Tres grupos m\u00e9dicos prominentes se est\u00e1n pronunciando contra el acoso que, seg\u00fan dicen, los m\u00e9dicos han enfrentado por parte de los manifestantes contra las vacunas.&hellip;<\/p>\n","protected":false},"author":99,"featured_media":499356,"comment_status":"open","ping_status":"open","sticky":false,"template":"","format":"standard","meta":{"footnotes":""},"categories":[21,11191],"tags":[],"class_list":["post-499355","post","type-post","status-publish","format-standard","has-post-thumbnail","hentry","category-canada","category-top-news"],"_links":{"self":[{"href":"https:\/\/diarioelpopular.com\/index.php\/wp-json\/wp\/v2\/posts\/499355","targetHints":{"allow":["GET"]}}],"collection":[{"href":"https:\/\/diarioelpopular.com\/index.php\/wp-json\/wp\/v2\/posts"}],"about":[{"href":"https:\/\/diarioelpopular.com\/index.php\/wp-json\/wp\/v2\/types\/post"}],"author":[{"embeddable":true,"href":"https:\/\/diarioelpopular.com\/index.php\/wp-json\/wp\/v2\/users\/99"}],"replies":[{"embeddable":true,"href":"https:\/\/diarioelpopular.com\/index.php\/wp-json\/wp\/v2\/comments?post=499355"}],"version-history":[{"count":1,"href":"https:\/\/diarioelpopular.com\/index.php\/wp-json\/wp\/v2\/posts\/499355\/revisions"}],"predecessor-version":[{"id":499357,"href":"https:\/\/diarioelpopular.com\/index.php\/wp-json\/wp\/v2\/posts\/499355\/revisions\/499357"}],"wp:featuredmedia":[{"embeddable":true,"href":"https:\/\/diarioelpopular.com\/index.php\/wp-json\/wp\/v2\/media\/499356"}],"wp:attachment":[{"href":"https:\/\/diarioelpopular.com\/index.php\/wp-json\/wp\/v2\/media?parent=499355"}],"wp:term":[{"taxonomy":"category","embeddable":true,"href":"https:\/\/diarioelpopular.com\/index.php\/wp-json\/wp\/v2\/categories?post=499355"},{"taxonomy":"post_tag","embeddable":true,"href":"https:\/\/diarioelpopular.com\/index.php\/wp-json\/wp\/v2\/tags?post=499355"}],"curies":[{"name":"wp","href":"https:\/\/api.w.org\/{rel}","templated":true}]}}