{"id":499362,"date":"2021-09-03T13:21:13","date_gmt":"2021-09-03T17:21:13","guid":{"rendered":"https:\/\/diarioelpopular.com\/?p=499362"},"modified":"2021-09-03T13:21:13","modified_gmt":"2021-09-03T17:21:13","slug":"vargas-llosa-firma-carta-abierta-a-diaz-canel-donde-se-pide-liberacion-de-los-presos-en-cuba","status":"publish","type":"post","link":"https:\/\/diarioelpopular.com\/index.php\/2021\/09\/03\/vargas-llosa-firma-carta-abierta-a-diaz-canel-donde-se-pide-liberacion-de-los-presos-en-cuba\/","title":{"rendered":"Vargas Llosa firma carta abierta a D\u00edaz-Canel donde se pide liberaci\u00f3n de los presos en Cuba"},"content":{"rendered":"<p>&nbsp;<\/p>\n<p>&nbsp;<\/p>\n<p><img loading=\"lazy\" decoding=\"async\" class=\"alignnone size-custom-full-size wp-image-499364\" src=\"https:\/\/diarioelpopular.com\/wp-content\/uploads\/2021\/09\/medium-1-636x357.jpeg\" alt=\"\" width=\"636\" height=\"357\" srcset=\"https:\/\/diarioelpopular.com\/wp-content\/uploads\/2021\/09\/medium-1-636x357.jpeg 636w, https:\/\/diarioelpopular.com\/wp-content\/uploads\/2021\/09\/medium-1-300x169.jpeg 300w, https:\/\/diarioelpopular.com\/wp-content\/uploads\/2021\/09\/medium-1-768x432.jpeg 768w, https:\/\/diarioelpopular.com\/wp-content\/uploads\/2021\/09\/medium-1-130x73.jpeg 130w, https:\/\/diarioelpopular.com\/wp-content\/uploads\/2021\/09\/medium-1.jpeg 945w\" sizes=\"auto, (max-width: 636px) 100vw, 636px\" \/><\/p>\n<p>Mario Vargas Llosa es la personalidad m\u00e1s reciente que suma su firma a una carta abierta al gobernante cubano Miguel D\u00edaz-Canel que pide la liberaci\u00f3n de los presos pol\u00edticos. Conocido por su condena a las dictaduras, una vez m\u00e1s el <a href=\"https:\/\/www.notimerica.com\/politica\/noticia-cuba-fundacion-vargas-llosa-pide-fin-terrible-opresor-regimen-comunista-cuba-20210712193508.html\" target=\"_blank\" rel=\"Follow noopener\">escritor peruano ofrece su apoyo a los cubanos<\/a>que defienden las libertades en la isla y que han hecho popular en el mundo el grito de \u201c\u00a1Patria y Vida!\u201d<\/p>\n<p>El Premio Nobel de Literatura 2010 se uni\u00f3 a figuras de rango internacional como los escritores espa\u00f1oles Rosa Montero, Fernando Savater y J.J. Armas Marcelo, el campe\u00f3n mundial de ajedrez ruso Garry Kasparov, el actor cubanoamericano Andy Garc\u00eda, el psic\u00f3logo y escritor canadiense Steven Pinker, el escritor venezolano Alberto Barrera Tyszka, el boliviano Edmundo Paz Sold\u00e1n, el m\u00fasico dominicano Michel Camilo y el cineasta salvadore\u00f1o Jorge Dalton, que dieron su firma solidariz\u00e1ndose con la larga lista de personalidades de la cultura y el arte nacidos en la isla y de cientos de cubanos que han entrado a la plataforma Change.org para mostrar su repulsa a quienes reprimen el deseo de los cubanos de expresarse libremente.<\/p>\n<p>\u201cHemos visto con preocupaci\u00f3n y disgusto la respuesta brutal que usted y el gobierno que representa han dado a tales manifestaciones, neg\u00e1ndose a o\u00edr los sencillos reclamos de su pueblo y llamando directamente a la violencia y la represi\u00f3n de unos ciudadanos contra otros\u201d, dice la <a href=\"https:\/\/www.cibercuba.com\/noticias\/2021-08-26-u1-e199370-s27061-intelectuales-artistas-envian-carta-diaz-canel-le-importa\" target=\"_blank\" rel=\"Follow noopener\">carta dirigida a D\u00edaz-Canel<\/a> con m\u00e1s de 700 firmas.<\/p>\n<p>La lista de los artistas cubanos incluye varias generaciones de cubanos y de creadores de distintas disciplinas, algunos residentes en Cuba y otros en m\u00faltiples pa\u00edses del mundo. Paquito D\u2019Rivera, Alejandro de la Fuente, Gustavo P\u00e9rez-Firmat, Carlos Eire, Armando Lucas Correa, Legna Rodr\u00edguez Iglesia, Manuel D\u00edaz Mart\u00ednez, Da\u00edna Chaviano, Carlos Manuel Alvarez, Achy Obejas, Alexis Romay, Ram\u00f3n Fern\u00e1ndez Larrea, Amaury Gutierrez, Carlos Pintado, Amir Valle, Reina Mar\u00eda Rodr\u00edguez, Tania Bruguera, Flavio Garciand\u00eda, Francisco Gattorno, Myrka Dellanos, Eglise Guti\u00e9rrez, Le\u00f3n Ichaso, Fausto Canel, Iv\u00e1n Acosta y Lynn Cruz se cuentan entre los firmantes.<\/p>\n<p>\u201cDesde el pasado 11 de julio no tiene sentido hablar de uni\u00f3n monol\u00edtica entre su gobierno y su pueblo como no tiene sentido negarles la patria a los que protestan y ofrecerles en cambio muerte, represi\u00f3n y silencio\u201d, contin\u00faa la carta.<\/p>\n<p>No se enga\u00f1e ni nos trate de enga\u00f1ar. Es hora de que Cuba avance por caminos diferentes a los que usted y su gobierno les han trazado a los cubanos. Para ello es imprescindible que se les respete su derecho a manifestarse y a elegir su destino, en lugar de buscar nuevas maneras de reprimir al pueblo cubano y silenciarlo. Para demostrar su respeto por los derechos de sus compatriotas debe empezar por liberar al m\u00e1s de medio millar que a un mes de las protestas siguen en prisi\u00f3n o est\u00e1n siendo procesados por participar en ellas y, junto a ellos debe liberar a todos los cubanos que est\u00e1n en prisi\u00f3n por manifestar su desacuerdo con su gobierno\u201d, pide la carta.<\/p>\n<p>Despu\u00e9s de que miles de cubanos salieron a las calles en diferentes ciudades de la isla el 11 de julio para pedir libertad, la ola de arrestos desatada por las fuerzas de seguridad del gobierno cubano deja a\u00fan un saldo de <a href=\"https:\/\/docs.google.com\/spreadsheets\/d\/1-38omFpJdDiKTSBoUOg19tv2nJxtNRS3-2HfVUUwtSw\/edit?fbclid=IwAR2ZXle7b3W3UwEx41m3MLxwxY3NpDiS658RxubsujSYToWdUmpX61PMda4#gid=627497176\" target=\"_blank\" rel=\"Follow noopener\">405 detenidos<\/a>, seg\u00fan documenta la organizaci\u00f3n de asesor\u00eda legal Cubalex.<\/p>\n<p>Casi dos meses despu\u00e9s de las protestas, muchos detenidos contin\u00faan hacinados en precarias condiciones en c\u00e1rceles de la isla, en medio de la <a href=\"https:\/\/www.elnuevoherald.com\/noticias\/mundo\/america-latina\/cuba-es\/article253911983.html\" target=\"_blank\" rel=\"Follow noopener\">pandemia de COVID-19 que azota al pa\u00eds<\/a>. Algunos de los detenidos se cuentan como \u201cdesaparecidos\u201d porque sus familiares no han tenido noticias de ellos, como es el caso del l\u00edder opositor <a href=\"https:\/\/www.diariolasamericas.com\/america-latina\/jose-daniel-ferrer-lleva-50-dias-desaparecido-y-posible-huelga-hambre-n4230835\" target=\"_blank\" rel=\"Follow noopener\">Jos\u00e9 Daniel Ferrer, quien lleva 50 d\u00edas desaparecido<\/a>.<\/p>\n<p><a href=\"https:\/\/www.elnuevoherald.com\/noticias\/mundo\/america-latina\/cuba-es\/article253634078.html\" target=\"_blank\" rel=\"Follow noopener\">Amnist\u00eda Internacional reconoce a seis detenidos como \u201cpresos de conciencia\u201d<\/a>: los artistas Luis Manuel Otero Alc\u00e1ntara, l\u00edder del Movimiento San Isidro, Hamlet Lavastida y Maykel Osorbo; el<a href=\"https:\/\/www.radiotelevisionmarti.com\/a\/recuperado-de-covid-19-por-segunda-vez-esteban-rodr%C3%ADguez-vuelve-a-prisi%C3%B3n-y-contin%C3%BAa-sin-cargos-y-sin-fecha-para-juicio\/302906.html\" target=\"_blank\" rel=\"Follow noopener\">periodista independiente Esteban Rodr\u00edguez<\/a> y la activista <a href=\"https:\/\/diariodecuba.com\/derechos-humanos\/1630065903_33634.html\" target=\"_blank\" rel=\"Follow noopener\">Thais Mail\u00e9n Franco Ben\u00edtez, que particip\u00f3 en la protesta de la calle Obispo<\/a> en abril; y Jos\u00e9 Daniel Ferrer, l\u00edder de UNPACU.<\/p>\n<p>La carta abierta a D\u00edaz-Canel, coordinada por un grupo de exiliados residentes en Nueva Jersey, S.O.S. Cuba, no solo pide la libertad de los presos sino el respeto a los derechos humanos y a la libertad de expresi\u00f3n y el derecho de reuni\u00f3n para todos los cubanos.<\/p>\n<div>\n<p>\u201cEstamos dando voz, coherencia y consistencia al rechazo a la represi\u00f3n\u201d, dijo el escritor Enrique del Risco, uno de los encargados de reunir las firmas. \u201cPara que el gobierno cubano sepa que la gente que est\u00e1 presa no est\u00e1 sola, que los cubanos que se expresan en las calles no est\u00e1n solos, que hay un apoyo internacional a esos cubanos para que se expresen por s\u00ed mismos\u201d.<\/p>\n<p>El objetivo es invitar a todos los cubanos interesados en firmar a hacerlo a trav\u00e9s de Change.org, dijo Del Risco, explicando que la carta se est\u00e1 enviando a universidades e instituciones de todo el mundo como una forma de crear consciencia sobre la situaci\u00f3n de los presos.<\/p>\n<p>Desde mediados de agosto, los c<a href=\"https:\/\/www.elnuevoherald.com\/noticias\/mundo\/america-latina\/cuba-es\/article253549144.html\" target=\"_blank\" rel=\"Follow noopener\">ubanos se enfrentan a m\u00e1s control por el decreto ley 35<\/a>, que puede acusar de \u201cciberterroristas\u201d a quienes critiquen al gobierno en redes.<\/p>\n<p>\u201cA partir del 11 de julio estamos ante la evidencia de que hay un rechazo masivo al gobierno cubano\u201d, concluy\u00f3 Del Risco, indicando que el silencio de muchas personas no significa apoyo a la represi\u00f3n sino que no hab\u00eda habido oportunidad de expresar p\u00fablicamente ese rechazo, y ahora esta carta seguir\u00e1 su curso.<\/p>\n<\/div>\n","protected":false},"excerpt":{"rendered":"<p>&nbsp; &nbsp; Mario Vargas Llosa es la personalidad m\u00e1s reciente que suma su firma a una carta abierta al gobernante cubano Miguel D\u00edaz-Canel que pide&hellip;<\/p>\n","protected":false},"author":99,"featured_media":499364,"comment_status":"open","ping_status":"open","sticky":false,"template":"","format":"standard","meta":{"footnotes":""},"categories":[23],"tags":[],"class_list":["post-499362","post","type-post","status-publish","format-standard","has-post-thumbnail","hentry","category-latinoamerica"],"_links":{"self":[{"href":"https:\/\/diarioelpopular.com\/index.php\/wp-json\/wp\/v2\/posts\/499362","targetHints":{"allow":["GET"]}}],"collection":[{"href":"https:\/\/diarioelpopular.com\/index.php\/wp-json\/wp\/v2\/posts"}],"about":[{"href":"https:\/\/diarioelpopular.com\/index.php\/wp-json\/wp\/v2\/types\/post"}],"author":[{"embeddable":true,"href":"https:\/\/diarioelpopular.com\/index.php\/wp-json\/wp\/v2\/users\/99"}],"replies":[{"embeddable":true,"href":"https:\/\/diarioelpopular.com\/index.php\/wp-json\/wp\/v2\/comments?post=499362"}],"version-history":[{"count":1,"href":"https:\/\/diarioelpopular.com\/index.php\/wp-json\/wp\/v2\/posts\/499362\/revisions"}],"predecessor-version":[{"id":499365,"href":"https:\/\/diarioelpopular.com\/index.php\/wp-json\/wp\/v2\/posts\/499362\/revisions\/499365"}],"wp:featuredmedia":[{"embeddable":true,"href":"https:\/\/diarioelpopular.com\/index.php\/wp-json\/wp\/v2\/media\/499364"}],"wp:attachment":[{"href":"https:\/\/diarioelpopular.com\/index.php\/wp-json\/wp\/v2\/media?parent=499362"}],"wp:term":[{"taxonomy":"category","embeddable":true,"href":"https:\/\/diarioelpopular.com\/index.php\/wp-json\/wp\/v2\/categories?post=499362"},{"taxonomy":"post_tag","embeddable":true,"href":"https:\/\/diarioelpopular.com\/index.php\/wp-json\/wp\/v2\/tags?post=499362"}],"curies":[{"name":"wp","href":"https:\/\/api.w.org\/{rel}","templated":true}]}}