{"id":499369,"date":"2021-09-04T11:53:07","date_gmt":"2021-09-04T15:53:07","guid":{"rendered":"https:\/\/diarioelpopular.com\/?p=499369"},"modified":"2021-09-04T11:53:07","modified_gmt":"2021-09-04T15:53:07","slug":"corte-de-el-salvador-da-luz-verde-para-que-el-presidente-nayib-bukele-pueda-postularse-a-la-reeleccion","status":"publish","type":"post","link":"https:\/\/diarioelpopular.com\/index.php\/2021\/09\/04\/corte-de-el-salvador-da-luz-verde-para-que-el-presidente-nayib-bukele-pueda-postularse-a-la-reeleccion\/","title":{"rendered":"Corte de El Salvador da luz verde para que el presidente Nayib Bukele pueda postularse a la reelecci\u00f3n"},"content":{"rendered":"<p><img loading=\"lazy\" decoding=\"async\" class=\"alignnone size-custom-full-size wp-image-499370\" src=\"https:\/\/diarioelpopular.com\/wp-content\/uploads\/2021\/09\/Screen-Shot-2021-09-04-at-11.52.17-AM-636x323.png\" alt=\"\" width=\"636\" height=\"323\" srcset=\"https:\/\/diarioelpopular.com\/wp-content\/uploads\/2021\/09\/Screen-Shot-2021-09-04-at-11.52.17-AM-636x323.png 636w, https:\/\/diarioelpopular.com\/wp-content\/uploads\/2021\/09\/Screen-Shot-2021-09-04-at-11.52.17-AM-300x152.png 300w, https:\/\/diarioelpopular.com\/wp-content\/uploads\/2021\/09\/Screen-Shot-2021-09-04-at-11.52.17-AM-144x73.png 144w, https:\/\/diarioelpopular.com\/wp-content\/uploads\/2021\/09\/Screen-Shot-2021-09-04-at-11.52.17-AM.png 760w\" sizes=\"auto, (max-width: 636px) 100vw, 636px\" \/><\/p>\n<p><em><strong>La Corte Suprema de Justicia de El Salvador anunci\u00f3 que dio luz verde para que el presidente Nayib Bukele pueda postularse a la reelecci\u00f3n si lo estima conveniente.<\/strong><\/em><\/p>\n<p><span style=\"line-height: 1.5;\">La sala constitucional de la Corte sentenci\u00f3 que \u201cuna persona que ejerza la presidencia de la Rep\u00fablica y no haya sido presidente en el per\u00edodo inmediato anterior participe en la contienda electoral por una segunda ocasi\u00f3n\u201d, dice el fallo dirigido al Tribunal Superior Electoral.<\/span><\/p>\n<div id=\"tinypass_handler_banner_single\" class=\"tinypass_handler_banner_single\"><span style=\"line-height: 1.5;\">Los magistrados de la Sala Constitucional que reinterpretaron la constituci\u00f3n son los que fueron nombrados el pasado 1 de mayo, luego de que la Asamblea Legislativa oficialista destituyera a los cinco magistrados que la conformaban. Tambi\u00e9n fue destituido el Fiscal General Ra\u00fal Melara.<\/span><\/div>\n<div id=\"tinypass_handler_single\" class=\"tinypass_handler_single sart-content\">\n<p>La resoluci\u00f3n se dio en respuesta a un proceso de \u201cp\u00e9rdida de derechos de ciudadan\u00eda\u201d promovido por el abogado constitucionalista, Salvador Enrique Anaya en febrero pasado, luego de que la diputada electa Nanci D\u00edaz, promoviera la reelecci\u00f3n presidencial.<\/p>\n<p>El abogado Anaya bas\u00f3 su demanda en el art\u00edculo 75 de la Constituci\u00f3n que ordena la p\u00e9rdida de derechos de ciudadano a quienes \u201csuscriban actas, proclamas o adhesiones para promover o apoyar la reelecci\u00f3n o la continuaci\u00f3n del presidente de la rep\u00fablica, o emplee medios directos encaminados a ese fin\u201d.<\/p>\n<p>Los anteriores magistrados de la Sala Constitucional sosten\u00edan que el art\u00edculo 152 prohib\u00eda la reelecci\u00f3n de quien \u201chaya desempe\u00f1ado la presidencia de la rep\u00fablica por m\u00e1s de seis meses consecutivos o no, durante el per\u00edodo inmediato anterior, o dentro de los \u00faltimos seis meses anteriores al inicio del periodo presidencial\u201d.<\/p>\n<p>Lo anterior obligaba a que un presidente esperara dos per\u00edodos para postularse nuevamente.<\/p>\n<h3>Bukele aniquila oposici\u00f3n<\/h3>\n<p>Bukele, de 40 a\u00f1os, y perteneciente a la generaci\u00f3n millennial, goza de un elevado nivel de popularidad lo que le permiti\u00f3 alcanzar la presidencia en 2019 dando el tiro de gracia al bipartidismo arraigado de la derecha-izquierda en El Salvador durante tres d\u00e9cadas.<\/p>\n<p>Calificado por algunos como cercano al pueblo, pero criticado por la oposici\u00f3n por sus matices tildados de autoritarios, la popularidad de Bukele aument\u00f3 por su gesti\u00f3n de la pandemia covid-19 con la construcci\u00f3n de un moderno hospital y un acelerado plan de vacunaci\u00f3n, seg\u00fan analistas.<\/p>\n<p>Desde mayo pasado, su partido Nuevas Ideas domina el Congreso donde dispone de mayor\u00eda lo que le permite gobernar sin obst\u00e1culos<\/p>\n<p>Tras conocerse el fallo que permite la reelecci\u00f3n en San Salvador y su periferia se escuch\u00f3 el estruendo de pirot\u00e9cnicos sin que fuente alguna informara si se trataba de una celebraci\u00f3n.<\/p>\n<p>El Centro de Estudios Jur\u00eddicos, integrado por abogados, por medio de su cuenta en Twitter calific\u00f3 la noche del viernes de \u201cinconstitucional la resoluci\u00f3n\u201d.<\/p>\n<p>Ciudadanos en redes sociales recordaron que el art\u00edculo 154 de la Constituci\u00f3n establece que el per\u00edodo presidencial ser\u00e1 de cinco a\u00f1os \u201csin que la persona que haya ejercido la presidencia pueda continuar en sus funciones ni un d\u00eda m\u00e1s\u201d.<\/p>\n<p>Hacia la media noche del viernes, el presidente Bukele no hab\u00eda comentado la resoluci\u00f3n de la Sala Constitucional.<\/p>\n<p>El martes, la Asamblea Legislativa promulg\u00f3 un decreto para retirar magistrados y jueces mayores de 60 a\u00f1os o que cumplieron 30 a\u00f1os de servicio por lo que, seg\u00fan el juez Antonio Dur\u00e1n, ser\u00edan reemplazados al menos 156 administradores de justicia.<\/p>\n<p>Los jueces afectados, adelantaron que podr\u00edan suspender labores si Bukele o la Corte no dan marcha atr\u00e1s con lo que denominaron una \u201cpurga\u201d.<\/p>\n<p>&nbsp;<\/p>\n<\/div>\n","protected":false},"excerpt":{"rendered":"<p>La Corte Suprema de Justicia de El Salvador anunci\u00f3 que dio luz verde para que el presidente Nayib Bukele pueda postularse a la reelecci\u00f3n si&hellip;<\/p>\n","protected":false},"author":99,"featured_media":499370,"comment_status":"open","ping_status":"open","sticky":false,"template":"","format":"standard","meta":{"footnotes":""},"categories":[23],"tags":[],"class_list":["post-499369","post","type-post","status-publish","format-standard","has-post-thumbnail","hentry","category-latinoamerica"],"_links":{"self":[{"href":"https:\/\/diarioelpopular.com\/index.php\/wp-json\/wp\/v2\/posts\/499369","targetHints":{"allow":["GET"]}}],"collection":[{"href":"https:\/\/diarioelpopular.com\/index.php\/wp-json\/wp\/v2\/posts"}],"about":[{"href":"https:\/\/diarioelpopular.com\/index.php\/wp-json\/wp\/v2\/types\/post"}],"author":[{"embeddable":true,"href":"https:\/\/diarioelpopular.com\/index.php\/wp-json\/wp\/v2\/users\/99"}],"replies":[{"embeddable":true,"href":"https:\/\/diarioelpopular.com\/index.php\/wp-json\/wp\/v2\/comments?post=499369"}],"version-history":[{"count":1,"href":"https:\/\/diarioelpopular.com\/index.php\/wp-json\/wp\/v2\/posts\/499369\/revisions"}],"predecessor-version":[{"id":499371,"href":"https:\/\/diarioelpopular.com\/index.php\/wp-json\/wp\/v2\/posts\/499369\/revisions\/499371"}],"wp:featuredmedia":[{"embeddable":true,"href":"https:\/\/diarioelpopular.com\/index.php\/wp-json\/wp\/v2\/media\/499370"}],"wp:attachment":[{"href":"https:\/\/diarioelpopular.com\/index.php\/wp-json\/wp\/v2\/media?parent=499369"}],"wp:term":[{"taxonomy":"category","embeddable":true,"href":"https:\/\/diarioelpopular.com\/index.php\/wp-json\/wp\/v2\/categories?post=499369"},{"taxonomy":"post_tag","embeddable":true,"href":"https:\/\/diarioelpopular.com\/index.php\/wp-json\/wp\/v2\/tags?post=499369"}],"curies":[{"name":"wp","href":"https:\/\/api.w.org\/{rel}","templated":true}]}}