{"id":499404,"date":"2021-09-06T11:16:19","date_gmt":"2021-09-06T15:16:19","guid":{"rendered":"https:\/\/diarioelpopular.com\/?p=499404"},"modified":"2021-09-06T11:16:19","modified_gmt":"2021-09-06T15:16:19","slug":"mexico-dispersan-cuarta-caravana-migratoria","status":"publish","type":"post","link":"https:\/\/diarioelpopular.com\/index.php\/2021\/09\/06\/mexico-dispersan-cuarta-caravana-migratoria\/","title":{"rendered":"M\u00e9xico: Dispersan cuarta caravana migratoria"},"content":{"rendered":"<div id=\"attachment_499405\" style=\"width: 646px\" class=\"wp-caption alignnone\"><img loading=\"lazy\" decoding=\"async\" aria-describedby=\"caption-attachment-499405\" class=\"size-custom-full-size wp-image-499405\" src=\"https:\/\/diarioelpopular.com\/wp-content\/uploads\/2021\/09\/5091f18fd0e6099f655dae644be3b30a-636x423.jpg\" alt=\"\" width=\"636\" height=\"423\" srcset=\"https:\/\/diarioelpopular.com\/wp-content\/uploads\/2021\/09\/5091f18fd0e6099f655dae644be3b30a-636x423.jpg 636w, https:\/\/diarioelpopular.com\/wp-content\/uploads\/2021\/09\/5091f18fd0e6099f655dae644be3b30a-300x200.jpg 300w, https:\/\/diarioelpopular.com\/wp-content\/uploads\/2021\/09\/5091f18fd0e6099f655dae644be3b30a-768x511.jpg 768w, https:\/\/diarioelpopular.com\/wp-content\/uploads\/2021\/09\/5091f18fd0e6099f655dae644be3b30a-110x73.jpg 110w, https:\/\/diarioelpopular.com\/wp-content\/uploads\/2021\/09\/5091f18fd0e6099f655dae644be3b30a.jpg 945w\" sizes=\"auto, (max-width: 636px) 100vw, 636px\" \/><p id=\"caption-attachment-499405\" class=\"wp-caption-text\"><em>Dispersan cuarta caravana migratoria en M\u00e9xico<\/em><br \/><em>(foto: ANSA)<\/em><\/p><\/div>\n<h4><em><strong>Las fuerzas del orden los sorprenden en Huixtla, Chiapas<\/strong><\/em><\/h4>\n<p><em><strong>CIUDAD DE MEXICO, 06 SET &#8211;<\/strong> <\/em>Efectivos de la fuerza p\u00fablica mexicana dispersaron la madrugada de hoy la cuarta caravana de migrantes aprovechando que sus integrantes se hallaban durmiendo en una cancha de b\u00e1squetbol en el centro de Huixtla, estado sure\u00f1o de Chiapas, a pocos kil\u00f3metros de la frontera con Guatemala.<br \/>\nComo las tres anteriores, formadas en su mayor\u00eda por haitianos (aunque esta se integr\u00f3 sobre todo con centroamericanos), el contingente vio frustrado su intento por avanzar hacia el norte y salir de Chiapas, en el marco de una verdadera avalancha de extranjeros indocumentados en la frontera sur de M\u00e9xico.<br \/>\nEl operativo ocurri\u00f3 apenas unos d\u00edas despu\u00e9s de que el presidente, Andr\u00e9s L\u00f3pez Obrador, anunci\u00f3 que continuar\u00eda la estrategia de &#8220;contenci\u00f3n&#8221; de los for\u00e1neos, que huyen de la violencia, la pobreza, el caos pol\u00edtico, los desastres naturales y el impacto del cambio clim\u00e1tico.<br \/>\nEfectivos del Instituto Nacional de Migraci\u00f3n (INM) y de la Guardia Nacional dispersaron a hombres, mujeres y ni\u00f1os que trataron de huir por las calles del centro de Huixtla, pero la mayor\u00eda fueron detenidos.<br \/>\nAlgunos consiguieron eludir la maniobra de &#8220;pinzas&#8221; de las fuerzas de seguridad a trav\u00e9s de las m\u00e1rgenes del r\u00edo Huixtla, pero la mayor\u00eda fueron detenidos y subidos a autobuses para trasladarlos a la estaci\u00f3n siglo XXI, la m\u00e1s grande del INM del pa\u00eds, en Tapachula, donde ser\u00e1n deportados.<br \/>\nEn apenas tres semanas, el gobierno ha frenado de tajo cuatro caravanas, en acciones no siempre limpias e incluso en medio de denuncias de organizaciones civiles sobre violaciones a los derechos humanos.<br \/>\nEl INM se vio obligado a suspender a varios de sus elementos luego que al menos uno de ellos fue grabado en un video que se viraliz\u00f3 por Internet pateando en la cabeza a un migrante, mientras otros separaban a ni\u00f1os de sus padres.<br \/>\nUn ambiente de tensi\u00f3n se percibe en el ambiente en la principal ciudad de la frontera sur del pa\u00eds, Tapachula, que se encuentra totalmente desbordada de migrantes, a pesar de que el gobierno ha estado deportado a diario a cientos de ellos hacia sus lugares de origen apenas son expulsados de Estados Unidos.<br \/>\nLa Procuradur\u00eda de Derechos Humanos de Guatemala denunci\u00f3 que desde hace un mes el Instituto Nacional de Migraci\u00f3n (INM) deporta en forma &#8220;expr\u00e9s&#8221; a un promedio de 5.000 extranjeros a la semana.<br \/>\nApenas llegan vuelos a Villahermosa, estado sure\u00f1o de Tabasco y Tapachula, Chiapas procedentes de ciudades del sur de Texas, como Laredo y Brownsville, son recogidos en autobuses por el INM y llevados a la frontera con Guatemala, donde son abandonados a su suerte en la peque\u00f1a localidad de El Ceibo.<br \/>\nLa organizaci\u00f3n Asylum Access M\u00e9xico se\u00f1al\u00f3 que otros grupos trasladados por tierra desde Estados Unidos hacia las norte\u00f1as ciudades de Monterrey y Ciudad Ju\u00e1rez, se les env\u00eda por avi\u00f3n al sur del pa\u00eds para su repatriaci\u00f3n.<br \/>\nAlejandra Mac\u00edas, directora de la organizaci\u00f3n, se\u00f1al\u00f3 que estuvo en El Ceibo en d\u00edas pasados, en un cruce fronterizo con Guatemala en Tenosique, Tabasco, y constat\u00f3 las &#8220;expulsiones expr\u00e9s sin los procedimientos normales&#8221;.<br \/>\nEl Procurador de Derechos Humanos de Guatemala, Jord\u00e1n Rodas, se\u00f1al\u00f3 a la prensa mexicana, que el problema se va a trasladar a Guatemala y Honduras, porque los migrantes van a seguir intentando regresar.<br \/>\nEl Instituto Guatemalteco de Migraci\u00f3n se\u00f1al\u00f3 que &#8220;M\u00e9xico expulsa a las personas por El Ceibo sin el debido proceso ni garant\u00edas para identificar a las unidades familiares y sin documentos familiares&#8221;.<br \/>\nLas autoridades de Guatemala anunciaron que pedir\u00edan al gobierno expulsar a los migrantes por las ciudades de Tec\u00fan Um\u00e1n y El Carmen, en la frontera con M\u00e9xico, porque El Ceibo &#8220;carece de la infraestructura adecuada&#8221; para afrontar la llegada masiva de migrantes.<br \/>\nEntre los expulsados figuran ciudadanos de Guatemala, Honduras, El Salvador, Belice, Venezuela, Colombia, Hait\u00ed y Rep\u00fablica Dominicana, se\u00f1alo Asylum Access.<\/p>\n","protected":false},"excerpt":{"rendered":"<p>Las fuerzas del orden los sorprenden en Huixtla, Chiapas CIUDAD DE MEXICO, 06 SET &#8211; Efectivos de la fuerza p\u00fablica mexicana dispersaron la madrugada de&hellip;<\/p>\n","protected":false},"author":99,"featured_media":499405,"comment_status":"open","ping_status":"open","sticky":false,"template":"","format":"standard","meta":{"footnotes":""},"categories":[23],"tags":[],"class_list":["post-499404","post","type-post","status-publish","format-standard","has-post-thumbnail","hentry","category-latinoamerica"],"_links":{"self":[{"href":"https:\/\/diarioelpopular.com\/index.php\/wp-json\/wp\/v2\/posts\/499404","targetHints":{"allow":["GET"]}}],"collection":[{"href":"https:\/\/diarioelpopular.com\/index.php\/wp-json\/wp\/v2\/posts"}],"about":[{"href":"https:\/\/diarioelpopular.com\/index.php\/wp-json\/wp\/v2\/types\/post"}],"author":[{"embeddable":true,"href":"https:\/\/diarioelpopular.com\/index.php\/wp-json\/wp\/v2\/users\/99"}],"replies":[{"embeddable":true,"href":"https:\/\/diarioelpopular.com\/index.php\/wp-json\/wp\/v2\/comments?post=499404"}],"version-history":[{"count":1,"href":"https:\/\/diarioelpopular.com\/index.php\/wp-json\/wp\/v2\/posts\/499404\/revisions"}],"predecessor-version":[{"id":499406,"href":"https:\/\/diarioelpopular.com\/index.php\/wp-json\/wp\/v2\/posts\/499404\/revisions\/499406"}],"wp:featuredmedia":[{"embeddable":true,"href":"https:\/\/diarioelpopular.com\/index.php\/wp-json\/wp\/v2\/media\/499405"}],"wp:attachment":[{"href":"https:\/\/diarioelpopular.com\/index.php\/wp-json\/wp\/v2\/media?parent=499404"}],"wp:term":[{"taxonomy":"category","embeddable":true,"href":"https:\/\/diarioelpopular.com\/index.php\/wp-json\/wp\/v2\/categories?post=499404"},{"taxonomy":"post_tag","embeddable":true,"href":"https:\/\/diarioelpopular.com\/index.php\/wp-json\/wp\/v2\/tags?post=499404"}],"curies":[{"name":"wp","href":"https:\/\/api.w.org\/{rel}","templated":true}]}}