{"id":499424,"date":"2021-09-08T09:42:34","date_gmt":"2021-09-08T13:42:34","guid":{"rendered":"https:\/\/diarioelpopular.com\/?p=499424"},"modified":"2021-09-08T09:42:34","modified_gmt":"2021-09-08T13:42:34","slug":"colombia-legislativo-aprueba-reforma-tributaria","status":"publish","type":"post","link":"https:\/\/diarioelpopular.com\/index.php\/2021\/09\/08\/colombia-legislativo-aprueba-reforma-tributaria\/","title":{"rendered":"Colombia: Legislativo aprueba reforma tributaria"},"content":{"rendered":"<div id=\"attachment_499425\" style=\"width: 646px\" class=\"wp-caption alignnone\"><img loading=\"lazy\" decoding=\"async\" aria-describedby=\"caption-attachment-499425\" class=\"size-custom-full-size wp-image-499425\" src=\"https:\/\/diarioelpopular.com\/wp-content\/uploads\/2021\/09\/8178856bcb5da4ea3f6a09907ec1367a-636x413.jpg\" alt=\"\" width=\"636\" height=\"413\" srcset=\"https:\/\/diarioelpopular.com\/wp-content\/uploads\/2021\/09\/8178856bcb5da4ea3f6a09907ec1367a-636x413.jpg 636w, https:\/\/diarioelpopular.com\/wp-content\/uploads\/2021\/09\/8178856bcb5da4ea3f6a09907ec1367a-300x195.jpg 300w, https:\/\/diarioelpopular.com\/wp-content\/uploads\/2021\/09\/8178856bcb5da4ea3f6a09907ec1367a-768x498.jpg 768w, https:\/\/diarioelpopular.com\/wp-content\/uploads\/2021\/09\/8178856bcb5da4ea3f6a09907ec1367a-85x55.jpg 85w, https:\/\/diarioelpopular.com\/wp-content\/uploads\/2021\/09\/8178856bcb5da4ea3f6a09907ec1367a-113x73.jpg 113w, https:\/\/diarioelpopular.com\/wp-content\/uploads\/2021\/09\/8178856bcb5da4ea3f6a09907ec1367a.jpg 945w\" sizes=\"auto, (max-width: 636px) 100vw, 636px\" \/><p id=\"caption-attachment-499425\" class=\"wp-caption-text\"><em>Presidente de Colombia, Iv\u00e1n Duque<\/em><\/p><\/div>\n<p><em><strong>BOGOTA 8 SEPT &#8211;<\/strong> <\/em>Con 124 votos a favor y 8 en contra en el Senado, y 76 positivos y un negativo en la C\u00e1mara de Representantes (Diputados) fue aprobada la reforma tributaria presentada por el gobierno de Iv\u00e1n Duque, la tercera desde que asumi\u00f3 el mandato en 2018.<br \/>\nCon esta reforma, el gobierno espera recaudar 15,2 billones de pesos (unos 4,3 mil millones de d\u00f3lares) que ser\u00e1n destinados en gran parte, de acuerdo a la versi\u00f3n oficial, a garantizar por un a\u00f1o mas una serie de subsidios y ayudas a diferentes sectores de la sociedad, golpeados por la pandemia.<br \/>\nAl contrario de la reforma tributaria presentada en abril pasado, que cargaba con m\u00e1s impuestos a las clases emergentes y trabajadoras, lo que desat\u00f3 las protestas sociales que se extendieron hasta junio pasado, esta iniciativa no establece nuevas cargas tributarias a esos sectores.<br \/>\nPartidos de la oposici\u00f3n se manifestaron en contra de la reforma y se negaron a votar la norma, entre otras, por la inclusi\u00f3n tard\u00eda por parte del gobierno de nuevos art\u00edculos que fueron aprobados sin mayor discusi\u00f3n por las mayor\u00edas oficialistas.<br \/>\n&#8220;Esta ley de inversi\u00f3n social ha recorrido un importante y largo camino, pasar\u00e1 a la historia como un proyecto ampliamente consensuado y que responder\u00e1 a las necesidades urgentes que acarre\u00f3 la pandemia&#8221;, asegur\u00f3 el ministro de Hacienda, Jos\u00e9 Manuel Restrepo.<br \/>\nEste mi\u00e9rcoles las comisiones de Senado y C\u00e1mara conciliar\u00e1n los textos aprobados en cada una para establecer uno solo documento que pasar\u00e1 a sanci\u00f3n presidencial.<\/p>\n","protected":false},"excerpt":{"rendered":"<p>BOGOTA 8 SEPT &#8211; Con 124 votos a favor y 8 en contra en el Senado, y 76 positivos y un negativo en la C\u00e1mara&hellip;<\/p>\n","protected":false},"author":99,"featured_media":499425,"comment_status":"open","ping_status":"open","sticky":false,"template":"","format":"standard","meta":{"footnotes":""},"categories":[23],"tags":[],"class_list":["post-499424","post","type-post","status-publish","format-standard","has-post-thumbnail","hentry","category-latinoamerica"],"_links":{"self":[{"href":"https:\/\/diarioelpopular.com\/index.php\/wp-json\/wp\/v2\/posts\/499424","targetHints":{"allow":["GET"]}}],"collection":[{"href":"https:\/\/diarioelpopular.com\/index.php\/wp-json\/wp\/v2\/posts"}],"about":[{"href":"https:\/\/diarioelpopular.com\/index.php\/wp-json\/wp\/v2\/types\/post"}],"author":[{"embeddable":true,"href":"https:\/\/diarioelpopular.com\/index.php\/wp-json\/wp\/v2\/users\/99"}],"replies":[{"embeddable":true,"href":"https:\/\/diarioelpopular.com\/index.php\/wp-json\/wp\/v2\/comments?post=499424"}],"version-history":[{"count":1,"href":"https:\/\/diarioelpopular.com\/index.php\/wp-json\/wp\/v2\/posts\/499424\/revisions"}],"predecessor-version":[{"id":499426,"href":"https:\/\/diarioelpopular.com\/index.php\/wp-json\/wp\/v2\/posts\/499424\/revisions\/499426"}],"wp:featuredmedia":[{"embeddable":true,"href":"https:\/\/diarioelpopular.com\/index.php\/wp-json\/wp\/v2\/media\/499425"}],"wp:attachment":[{"href":"https:\/\/diarioelpopular.com\/index.php\/wp-json\/wp\/v2\/media?parent=499424"}],"wp:term":[{"taxonomy":"category","embeddable":true,"href":"https:\/\/diarioelpopular.com\/index.php\/wp-json\/wp\/v2\/categories?post=499424"},{"taxonomy":"post_tag","embeddable":true,"href":"https:\/\/diarioelpopular.com\/index.php\/wp-json\/wp\/v2\/tags?post=499424"}],"curies":[{"name":"wp","href":"https:\/\/api.w.org\/{rel}","templated":true}]}}