{"id":499453,"date":"2021-09-09T12:31:18","date_gmt":"2021-09-09T16:31:18","guid":{"rendered":"https:\/\/diarioelpopular.com\/?p=499453"},"modified":"2021-09-09T12:31:18","modified_gmt":"2021-09-09T16:31:18","slug":"venezuela-808-conflictos-laborales-en-2021","status":"publish","type":"post","link":"https:\/\/diarioelpopular.com\/index.php\/2021\/09\/09\/venezuela-808-conflictos-laborales-en-2021\/","title":{"rendered":"Venezuela: 808 conflictos laborales en 2021"},"content":{"rendered":"<div id=\"attachment_499454\" style=\"width: 646px\" class=\"wp-caption alignnone\"><img loading=\"lazy\" decoding=\"async\" aria-describedby=\"caption-attachment-499454\" class=\"size-custom-full-size wp-image-499454\" src=\"https:\/\/diarioelpopular.com\/wp-content\/uploads\/2021\/09\/195b70960625c7027758aecefceff782-636x423.jpg\" alt=\"\" width=\"636\" height=\"423\" srcset=\"https:\/\/diarioelpopular.com\/wp-content\/uploads\/2021\/09\/195b70960625c7027758aecefceff782-636x423.jpg 636w, https:\/\/diarioelpopular.com\/wp-content\/uploads\/2021\/09\/195b70960625c7027758aecefceff782-300x200.jpg 300w, https:\/\/diarioelpopular.com\/wp-content\/uploads\/2021\/09\/195b70960625c7027758aecefceff782-768x511.jpg 768w, https:\/\/diarioelpopular.com\/wp-content\/uploads\/2021\/09\/195b70960625c7027758aecefceff782-110x73.jpg 110w, https:\/\/diarioelpopular.com\/wp-content\/uploads\/2021\/09\/195b70960625c7027758aecefceff782.jpg 945w\" sizes=\"auto, (max-width: 636px) 100vw, 636px\" \/><p id=\"caption-attachment-499454\" class=\"wp-caption-text\"><em>Protesta de trabajadores en Venezuela (foto: EPA)<\/em><\/p><\/div>\n<h4><em><strong>&#8220;El descontento laboral sigue presente en el d\u00eda a d\u00eda&#8221;<\/strong><\/em><\/h4>\n<p><em><strong>CARACAS 9 SEPT &#8211;<\/strong> <\/em>Un total de 808 conflictos laborales se registraron en el pa\u00eds durante los primeros ocho meses del a\u00f1o, inform\u00f3 hoy el Instituto de Altos Estudios sindicales (Inaesin).<br \/>\nDe acuerdo a un informe elaborado por el Observatorio de Conflictividad Laboral y Gesti\u00f3n Sindical del Inaesin, divulgado este jueves, &#8220;el descontento laboral sigue presente en el d\u00eda a d\u00eda de muchos de los venezolanos, lo que elev\u00f3 el n\u00famero de reclamos en el mes de agosto a 132 frente a los 101 registrados en julio&#8221; &#8220;Esto es una variaci\u00f3n de 30,7%. Con el resultado de agosto, el total de conflictos laborales en los primeros ocho meses de 2021 se ubica en 808&#8221;, precis\u00f3 el informe.<br \/>\nAsimismo, destac\u00f3 que los trabajadores &#8220;exigen respuestas en torno a un salario m\u00ednimo simb\u00f3lico que est\u00e1 muy lejos de cubrir sus necesidades b\u00e1sicas&#8221;.<br \/>\n&#8220;El 69% de las quejas estuvieron relacionadas con este punto&#8221;, acot\u00f3.<br \/>\nAdem\u00e1s, apunt\u00f3 que el 52% de los reclamos estuvieron vinculados con las deplorables condiciones de trabajo y 50% al incumplimiento de las convenciones colectivas.<br \/>\nDe acuerdo con el informe el estado Bol\u00edvar encabez\u00f3 el n\u00famero de conflictos con 17% del total, seguido de Distrito Capital (15%) y Lara (14%).<br \/>\n&#8220;La mayor\u00eda de los reclamos fueron realizados por trabajadores del sector p\u00fablico (89%), y los sindicatos de ese sector participaron en 48% de los casos&#8221;, se\u00f1al\u00f3.<br \/>\nEl Observatorio del Inaesin sostuvo que, los sectores de la salud (33%) y la educaci\u00f3n (16%) siguen reportando la mayor cantidad de conflictos, y que &#8220;los trabajadores de ambos sectores manifestaron su desacuerdo con que el pago de sus sueldos se haga a trav\u00e9s del sistema patria -que la oposici\u00f3n denuncia es usado por el chavismo para el &#8220;control social&#8221;- ya que se presentan retrasos&#8221;.<br \/>\n&#8220;En el sector salud, se reportaron en agosto 46 despidos injustificados en contra de trabajadores que ejercieron su derecho a manifestar de manera pac\u00edfica, seg\u00fan el Centro de Justicia y Paz (Cepaz)&#8221;, refiri\u00f3 el reporte.<br \/>\nPor otro lado, resalt\u00f3 que los educadores siguen denunciando la falta de equipos tecnol\u00f3gicos y las fallas en el suministro de electricidad y en la conexi\u00f3n a Internet, como los grandes obst\u00e1culos de las clases online, que ser\u00eda la opci\u00f3n a mantener en medio de la pandemia de Covid-19.<br \/>\n&#8220;A pesar de que las condiciones no est\u00e1n dadas para el regreso a clases presenciales, Nicol\u00e1s Maduro ha insistido en que se dar\u00e1 en octubre. Pero muchas de las instituciones educativas no est\u00e1n aptas por el grado de deterioro f\u00edsico que presentan, y ser\u00eda, adem\u00e1s del Covid-19, una limitante a la hora de garantizar comodidades al estudiantado&#8221;, advirti\u00f3.<br \/>\nEl informe tambi\u00e9n detall\u00f3 que, &#8220;entre los reclamos del mes de agosto, trabajadores de la Administraci\u00f3n P\u00fablica denunciaron la violaci\u00f3n al derecho de privacidad, ya que se les entreg\u00f3 una planilla de solicitud de datos privados como nombres y ubicaci\u00f3n de familiares que vivan fuera del pa\u00eds, redes sociales, lugares que frecuentan, tatuajes, cuentas bancarias, as\u00ed como si la casa donde vive es propia, alquilada o de alg\u00fan familiar y con qui\u00e9n vive&#8221;.<br \/>\n&#8220;Todo esto acompa\u00f1ado de foto, carnet laboral, carnet de la patria y c\u00e9dula de identidad&#8221;, sum\u00f3.<br \/>\nVenezuela registra una profunda crisis econ\u00f3mica, con una &#8220;dolarizaci\u00f3n de facto&#8221; y una hiperinflaci\u00f3n que ha reducido el ingreso m\u00ednimo de 7.000.000 de bol\u00edvares y tambi\u00e9n las pensiones a menos de 2 d\u00f3lares al mes.<br \/>\nAnte esta dura realidad, m\u00e1s el colapso de los servicios p\u00fablicos b\u00e1sicos, como salud, transporte y educaci\u00f3n, la clase trabajadora y pensionados del sector p\u00fablico lideran, casi a diario, peque\u00f1as protestas callejeras exigiendo mejoras en los salarios y en la calidad de vida en el pa\u00eds.<\/p>\n","protected":false},"excerpt":{"rendered":"<p>&#8220;El descontento laboral sigue presente en el d\u00eda a d\u00eda&#8221; CARACAS 9 SEPT &#8211; Un total de 808 conflictos laborales se registraron en el pa\u00eds&hellip;<\/p>\n","protected":false},"author":99,"featured_media":499454,"comment_status":"open","ping_status":"open","sticky":false,"template":"","format":"standard","meta":{"footnotes":""},"categories":[23],"tags":[],"class_list":["post-499453","post","type-post","status-publish","format-standard","has-post-thumbnail","hentry","category-latinoamerica"],"_links":{"self":[{"href":"https:\/\/diarioelpopular.com\/index.php\/wp-json\/wp\/v2\/posts\/499453","targetHints":{"allow":["GET"]}}],"collection":[{"href":"https:\/\/diarioelpopular.com\/index.php\/wp-json\/wp\/v2\/posts"}],"about":[{"href":"https:\/\/diarioelpopular.com\/index.php\/wp-json\/wp\/v2\/types\/post"}],"author":[{"embeddable":true,"href":"https:\/\/diarioelpopular.com\/index.php\/wp-json\/wp\/v2\/users\/99"}],"replies":[{"embeddable":true,"href":"https:\/\/diarioelpopular.com\/index.php\/wp-json\/wp\/v2\/comments?post=499453"}],"version-history":[{"count":1,"href":"https:\/\/diarioelpopular.com\/index.php\/wp-json\/wp\/v2\/posts\/499453\/revisions"}],"predecessor-version":[{"id":499455,"href":"https:\/\/diarioelpopular.com\/index.php\/wp-json\/wp\/v2\/posts\/499453\/revisions\/499455"}],"wp:featuredmedia":[{"embeddable":true,"href":"https:\/\/diarioelpopular.com\/index.php\/wp-json\/wp\/v2\/media\/499454"}],"wp:attachment":[{"href":"https:\/\/diarioelpopular.com\/index.php\/wp-json\/wp\/v2\/media?parent=499453"}],"wp:term":[{"taxonomy":"category","embeddable":true,"href":"https:\/\/diarioelpopular.com\/index.php\/wp-json\/wp\/v2\/categories?post=499453"},{"taxonomy":"post_tag","embeddable":true,"href":"https:\/\/diarioelpopular.com\/index.php\/wp-json\/wp\/v2\/tags?post=499453"}],"curies":[{"name":"wp","href":"https:\/\/api.w.org\/{rel}","templated":true}]}}