{"id":499462,"date":"2021-09-10T09:13:28","date_gmt":"2021-09-10T13:13:28","guid":{"rendered":"https:\/\/diarioelpopular.com\/?p=499462"},"modified":"2021-09-10T09:13:28","modified_gmt":"2021-09-10T13:13:28","slug":"la-belleza-es-de-interes-cultural","status":"publish","type":"post","link":"https:\/\/diarioelpopular.com\/index.php\/2021\/09\/10\/la-belleza-es-de-interes-cultural\/","title":{"rendered":"La belleza es de inter\u00e9s cultural"},"content":{"rendered":"<h4><\/h4>\n<div id=\"attachment_499464\" style=\"width: 646px\" class=\"wp-caption alignnone\"><img loading=\"lazy\" decoding=\"async\" aria-describedby=\"caption-attachment-499464\" class=\"size-custom-full-size wp-image-499464\" src=\"https:\/\/diarioelpopular.com\/wp-content\/uploads\/2021\/09\/af199245bcc271ee47c7f046f0bdc73b-636x382.jpg\" alt=\"\" width=\"636\" height=\"382\" srcset=\"https:\/\/diarioelpopular.com\/wp-content\/uploads\/2021\/09\/af199245bcc271ee47c7f046f0bdc73b-636x382.jpg 636w, https:\/\/diarioelpopular.com\/wp-content\/uploads\/2021\/09\/af199245bcc271ee47c7f046f0bdc73b-300x180.jpg 300w, https:\/\/diarioelpopular.com\/wp-content\/uploads\/2021\/09\/af199245bcc271ee47c7f046f0bdc73b-768x462.jpg 768w, https:\/\/diarioelpopular.com\/wp-content\/uploads\/2021\/09\/af199245bcc271ee47c7f046f0bdc73b-121x73.jpg 121w, https:\/\/diarioelpopular.com\/wp-content\/uploads\/2021\/09\/af199245bcc271ee47c7f046f0bdc73b.jpg 945w\" sizes=\"auto, (max-width: 636px) 100vw, 636px\" \/><p id=\"caption-attachment-499464\" class=\"wp-caption-text\"><em>Miss Paraguay, Nadia Ferreira, desat\u00f3 un debate en el Congreso<\/em><\/p><\/div>\n<h4><em><strong>Parlamentarios aprueban una pol\u00e9mica moci\u00f3n en torno a Miss Paraguay<\/strong><\/em><\/h4>\n<p><em><strong>ASUNCION, 10 SET &#8211;<\/strong> <\/em>La iniciativa de una diputada independiente de Paraguay de presentar una moci\u00f3n en la C\u00e1mara en la que se considera de &#8220;inter\u00e9s nacional y cultural&#8221; la participaci\u00f3n de Miss Paraguay, Nadia Ferreira, en el pr\u00f3ximo certamen de Miss Universo, dispar\u00f3 un animado debate en la sala de audiencias.<br \/>\nFinalmente, la propuesta fue aprobada con una amplia mayor\u00eda, aunque no sin pol\u00e9micas.<br \/>\nSeg\u00fan el impulsor de la moci\u00f3n, Jorge Br\u00edtez, escribe el diario Ultima Hora, Ferreira es &#8220;una persona altamente capacitada para representar a Paraguay en una competencia internacional&#8221;, agregando que &#8220;la figura de la joven puede servir de ejemplo a muchos compatriotas. &#8220;.<br \/>\nAntes de pasar a la votaci\u00f3n, la diputada liberal Celeste Amarilla expres\u00f3 su oposici\u00f3n a la propuesta y asegur\u00f3 que &#8220;la belleza como tal no es un valor para tomarse como ejemplo&#8221;, y sobre todo &#8220;el rostro y el cuerpo de la mujer&#8221;.<br \/>\n&#8220;Se ha desvanecido la \u00e9poca en la que se usaba el cuerpo y el rostro de una mujer como par\u00e1metro&#8221;, insisti\u00f3, y agreg\u00f3 que &#8220;nacer bello es un regalo, pero nacer feo no debe ser considerado una falta para quienes lo son&#8221;.<br \/>\n&#8220;No hay que desconocer que esta sala ya se declar\u00f3 &#8216;por la vida&#8217; y &#8216;por la familia&#8217;, y ahora tambi\u00e9n afirma que la participaci\u00f3n de una ni\u00f1a en un concurso es una cuesti\u00f3n de cultura&#8221;, asever\u00f3 Amarilla.<br \/>\nSin embargo, en el momento de la votaci\u00f3n, los diputados no tuvieron dudas, aprobando la moci\u00f3n con 37 votos a favor, nueve abstenciones y dos en contra.<\/p>\n","protected":false},"excerpt":{"rendered":"<p>Parlamentarios aprueban una pol\u00e9mica moci\u00f3n en torno a Miss Paraguay ASUNCION, 10 SET &#8211; La iniciativa de una diputada independiente de Paraguay de presentar una&hellip;<\/p>\n","protected":false},"author":99,"featured_media":499464,"comment_status":"open","ping_status":"open","sticky":false,"template":"","format":"standard","meta":{"footnotes":""},"categories":[23],"tags":[],"class_list":["post-499462","post","type-post","status-publish","format-standard","has-post-thumbnail","hentry","category-latinoamerica"],"_links":{"self":[{"href":"https:\/\/diarioelpopular.com\/index.php\/wp-json\/wp\/v2\/posts\/499462","targetHints":{"allow":["GET"]}}],"collection":[{"href":"https:\/\/diarioelpopular.com\/index.php\/wp-json\/wp\/v2\/posts"}],"about":[{"href":"https:\/\/diarioelpopular.com\/index.php\/wp-json\/wp\/v2\/types\/post"}],"author":[{"embeddable":true,"href":"https:\/\/diarioelpopular.com\/index.php\/wp-json\/wp\/v2\/users\/99"}],"replies":[{"embeddable":true,"href":"https:\/\/diarioelpopular.com\/index.php\/wp-json\/wp\/v2\/comments?post=499462"}],"version-history":[{"count":1,"href":"https:\/\/diarioelpopular.com\/index.php\/wp-json\/wp\/v2\/posts\/499462\/revisions"}],"predecessor-version":[{"id":499465,"href":"https:\/\/diarioelpopular.com\/index.php\/wp-json\/wp\/v2\/posts\/499462\/revisions\/499465"}],"wp:featuredmedia":[{"embeddable":true,"href":"https:\/\/diarioelpopular.com\/index.php\/wp-json\/wp\/v2\/media\/499464"}],"wp:attachment":[{"href":"https:\/\/diarioelpopular.com\/index.php\/wp-json\/wp\/v2\/media?parent=499462"}],"wp:term":[{"taxonomy":"category","embeddable":true,"href":"https:\/\/diarioelpopular.com\/index.php\/wp-json\/wp\/v2\/categories?post=499462"},{"taxonomy":"post_tag","embeddable":true,"href":"https:\/\/diarioelpopular.com\/index.php\/wp-json\/wp\/v2\/tags?post=499462"}],"curies":[{"name":"wp","href":"https:\/\/api.w.org\/{rel}","templated":true}]}}