{"id":499486,"date":"2021-09-10T09:48:10","date_gmt":"2021-09-10T13:48:10","guid":{"rendered":"https:\/\/diarioelpopular.com\/?p=499486"},"modified":"2021-09-10T09:48:10","modified_gmt":"2021-09-10T13:48:10","slug":"cae-en-espana-exjefe-de-inteligencia-de-venezuela-por-nexos-con-las-terroristas-farc","status":"publish","type":"post","link":"https:\/\/diarioelpopular.com\/index.php\/2021\/09\/10\/cae-en-espana-exjefe-de-inteligencia-de-venezuela-por-nexos-con-las-terroristas-farc\/","title":{"rendered":"Cae en Espa\u00f1a exjefe de inteligencia de Venezuela por nexos con las terroristas Farc"},"content":{"rendered":"<div id=\"attachment_499488\" style=\"width: 646px\" class=\"wp-caption alignnone\"><img loading=\"lazy\" decoding=\"async\" aria-describedby=\"caption-attachment-499488\" class=\"size-custom-full-size wp-image-499488\" src=\"https:\/\/diarioelpopular.com\/wp-content\/uploads\/2021\/09\/whatsapp-image-2021-09-09-at-6-28-45-pm_38509381_20210909183309-1-636x400.jpg\" alt=\"\" width=\"636\" height=\"400\" srcset=\"https:\/\/diarioelpopular.com\/wp-content\/uploads\/2021\/09\/whatsapp-image-2021-09-09-at-6-28-45-pm_38509381_20210909183309-1-636x400.jpg 636w, https:\/\/diarioelpopular.com\/wp-content\/uploads\/2021\/09\/whatsapp-image-2021-09-09-at-6-28-45-pm_38509381_20210909183309-1-300x189.jpg 300w, https:\/\/diarioelpopular.com\/wp-content\/uploads\/2021\/09\/whatsapp-image-2021-09-09-at-6-28-45-pm_38509381_20210909183309-1-768x484.jpg 768w, https:\/\/diarioelpopular.com\/wp-content\/uploads\/2021\/09\/whatsapp-image-2021-09-09-at-6-28-45-pm_38509381_20210909183309-1-116x73.jpg 116w, https:\/\/diarioelpopular.com\/wp-content\/uploads\/2021\/09\/whatsapp-image-2021-09-09-at-6-28-45-pm_38509381_20210909183309-1.jpg 945w\" sizes=\"auto, (max-width: 636px) 100vw, 636px\" \/><p id=\"caption-attachment-499488\" class=\"wp-caption-text\"><em>El venezolano Hugo \u2018el Pollo\u2019 Carvajal est\u00e1 pedido en extradici\u00f3n por Estados Unidos. FOTO: Archivo<\/em><\/p><\/div>\n<p>La polic\u00eda espa\u00f1ola inform\u00f3 la captura del general (r) venezolano <i>Hugo Armando Carvajal<\/i>, exjefe de los servicios de inteligencia del fallecido <i>Hugo Ch\u00e1vez<\/i>, sobre quien pesa una solicitud de extradici\u00f3n a Estados Unidos por narcotr\u00e1fico.<\/p>\n<p>Carvajal, quien adem\u00e1s est\u00e1 sindicado de tener relaci\u00f3n con las extintas terroristas Farc y es clave para la Casa Blanca con el fin de desentramar la corrupci\u00f3n del r\u00e9gimen de <i>Nicol\u00e1s Maduro<\/i>, fue capturado en la noche del mi\u00e9rcoles.<\/p>\n<p>\u201cViv\u00eda totalmente enclaustrado, sin salir al exterior ni asomarse a la ventana, y siempre protegido por personas de confianza\u201d, explicaron las fuerzas de seguridad espa\u00f1olas en un comunicado.<\/p>\n<p>Carvajal se encontraba fugado de la justicia despu\u00e9s de que un tribunal espa\u00f1ol aprobara en noviembre de 2019 el pedido de extradici\u00f3n a Estados Unidos.<\/p>\n<p>En ese entonces, los agentes fueron a su domicilio en Madrid para detenerlo, pero no lo encontraron y su abogado dijo que desconoc\u00eda su paradero.<\/p>\n<p>Conocido como \u2018el Pollo\u2019, Carvajal fue criticado por el gobierno de Maduro tras expresarse p\u00fabicamente en favor del opositor y autoproclamado mandatario interino <i>Juan Guaid\u00f3<\/i>.<\/p>\n<p>Eso fue en febrero de 2019, cuando, adem\u00e1s, huy\u00f3 de Venezuela en barco hasta la Rep\u00fablica Dominicana y de all\u00ed vol\u00f3 a Espa\u00f1a.<\/p>\n<p>Un tribunal de Nueva York acus\u00f3 a Carvajal en 2011 de haber coordinado el env\u00edo de 5,6 toneladas de coca\u00edna de Venezuela hacia M\u00e9xico, en 2006, antes de llegar a su destino final en territorio estadounidense.<\/p>\n<p>A esta extradici\u00f3n se suma la de \u00c1lex Saab, el barranquillero acusado de ser testaferro de Maduro, a quien en dos semanas Cabo Verde enviar\u00e1 a Estados Unidos.<\/p>\n<p>Saab y Carvajal tienen varios secretos de Maduro y sus aliados<\/p>\n","protected":false},"excerpt":{"rendered":"<p>La polic\u00eda espa\u00f1ola inform\u00f3 la captura del general (r) venezolano Hugo Armando Carvajal, exjefe de los servicios de inteligencia del fallecido Hugo Ch\u00e1vez, sobre quien&hellip;<\/p>\n","protected":false},"author":99,"featured_media":499488,"comment_status":"open","ping_status":"open","sticky":false,"template":"","format":"standard","meta":{"footnotes":""},"categories":[23],"tags":[],"class_list":["post-499486","post","type-post","status-publish","format-standard","has-post-thumbnail","hentry","category-latinoamerica"],"_links":{"self":[{"href":"https:\/\/diarioelpopular.com\/index.php\/wp-json\/wp\/v2\/posts\/499486","targetHints":{"allow":["GET"]}}],"collection":[{"href":"https:\/\/diarioelpopular.com\/index.php\/wp-json\/wp\/v2\/posts"}],"about":[{"href":"https:\/\/diarioelpopular.com\/index.php\/wp-json\/wp\/v2\/types\/post"}],"author":[{"embeddable":true,"href":"https:\/\/diarioelpopular.com\/index.php\/wp-json\/wp\/v2\/users\/99"}],"replies":[{"embeddable":true,"href":"https:\/\/diarioelpopular.com\/index.php\/wp-json\/wp\/v2\/comments?post=499486"}],"version-history":[{"count":1,"href":"https:\/\/diarioelpopular.com\/index.php\/wp-json\/wp\/v2\/posts\/499486\/revisions"}],"predecessor-version":[{"id":499489,"href":"https:\/\/diarioelpopular.com\/index.php\/wp-json\/wp\/v2\/posts\/499486\/revisions\/499489"}],"wp:featuredmedia":[{"embeddable":true,"href":"https:\/\/diarioelpopular.com\/index.php\/wp-json\/wp\/v2\/media\/499488"}],"wp:attachment":[{"href":"https:\/\/diarioelpopular.com\/index.php\/wp-json\/wp\/v2\/media?parent=499486"}],"wp:term":[{"taxonomy":"category","embeddable":true,"href":"https:\/\/diarioelpopular.com\/index.php\/wp-json\/wp\/v2\/categories?post=499486"},{"taxonomy":"post_tag","embeddable":true,"href":"https:\/\/diarioelpopular.com\/index.php\/wp-json\/wp\/v2\/tags?post=499486"}],"curies":[{"name":"wp","href":"https:\/\/api.w.org\/{rel}","templated":true}]}}