{"id":499490,"date":"2021-09-10T09:51:37","date_gmt":"2021-09-10T13:51:37","guid":{"rendered":"https:\/\/diarioelpopular.com\/?p=499490"},"modified":"2021-09-10T09:51:37","modified_gmt":"2021-09-10T13:51:37","slug":"cabo-verde-autoriza-extradicion-de-alex-saab-a-estados-unidos","status":"publish","type":"post","link":"https:\/\/diarioelpopular.com\/index.php\/2021\/09\/10\/cabo-verde-autoriza-extradicion-de-alex-saab-a-estados-unidos\/","title":{"rendered":"Cabo Verde autoriza extradici\u00f3n de \u00c1lex Saab a Estados Unidos"},"content":{"rendered":"<div id=\"attachment_499491\" style=\"width: 646px\" class=\"wp-caption alignnone\"><img loading=\"lazy\" decoding=\"async\" aria-describedby=\"caption-attachment-499491\" class=\"size-custom-full-size wp-image-499491\" src=\"https:\/\/diarioelpopular.com\/wp-content\/uploads\/2021\/09\/alex_38485834_20210907160609-636x400.jpg\" alt=\"\" width=\"636\" height=\"400\" srcset=\"https:\/\/diarioelpopular.com\/wp-content\/uploads\/2021\/09\/alex_38485834_20210907160609-636x400.jpg 636w, https:\/\/diarioelpopular.com\/wp-content\/uploads\/2021\/09\/alex_38485834_20210907160609-300x189.jpg 300w, https:\/\/diarioelpopular.com\/wp-content\/uploads\/2021\/09\/alex_38485834_20210907160609-768x484.jpg 768w, https:\/\/diarioelpopular.com\/wp-content\/uploads\/2021\/09\/alex_38485834_20210907160609-116x73.jpg 116w, https:\/\/diarioelpopular.com\/wp-content\/uploads\/2021\/09\/alex_38485834_20210907160609.jpg 945w\" sizes=\"auto, (max-width: 636px) 100vw, 636px\" \/><p id=\"caption-attachment-499491\" class=\"wp-caption-text\"><em>La exfiscal venezolana Luisa Ortega fue quien acus\u00f3 en 2017 a Saab de ser testaferro de Maduro. FOTO: EFE<\/em><\/p><\/div>\n<p>Finalmente se conoci\u00f3 que Tribunal Constitucional de Cabo Verde desestim\u00f3 los reclamos de los abogados defensores de \u00c1lex Saab, el colombo-venezolano presunto testaferro de Nicol\u00e1s Maduro, dejando en pie las decisiones del Tribunal de Barlavento y el Tribunal Supremo de Justicia, instancias que hab\u00edan ya aprobado la extradici\u00f3n de Saab a Estados Unidos, donde se le acusa de blanqueo de dinero.<\/p>\n<p>Con esta decisi\u00f3n terminan las posibilidades judiciales de Saab, detenido el 12 de junio de 2020 cuando el avi\u00f3n en el que se dirig\u00eda a Ir\u00e1n aterriz\u00f3 en el aeropuerto internacional Am\u00edlcar Cabral de Cabo Verde en cumplimento de una petici\u00f3n de Interpol que tramit\u00f3 Estados Unidos. Desde entonces el empresario hab\u00eda cuestionado y objetado una y otra vez las decisiones de los jueces de ese pa\u00eds.Ese camino termin\u00f3 este martes.<\/p>\n<p>La historia de Saab comenz\u00f3 en 2017, cuando la entonces fiscal (destituida) venezolana Luisa Ortega D\u00edaz lo se\u00f1al\u00f3 de ser el principal testaferro del r\u00e9gimen de Maduro. Su investigaci\u00f3n relacionaba a Saab con la empresa Group Grand Limited, de quien \u00e9l era supuestamente uno de tres propietarios.Esta compa\u00f1\u00eda ten\u00eda contratos cprruptos con el gobierno de Maduro en el que le vend\u00eda al Estado paquetes de alimentos para las comunidades pobres.<\/p>\n<p>A trav\u00e9s de esa transacci\u00f3n, se acusa a Saab de haberse lucrado con cientos de millones de d\u00f3lares. Poco despu\u00e9s, en julio de 2019, Estados Unidos lo acus\u00f3 de blanquear 350 millones de d\u00f3lares defraudados a trav\u00e9s del sistema cambiario venezolano. En su momento, la Canciller\u00eda de Maduro calific\u00f3 de \u201carbitrario\u201d e \u201cirregular\u201d el arresto y se\u00f1al\u00f3 que Saab era funcionario del gobierno y por lo tanto diplom\u00e1tico, inmune al enjuiciamiento.<\/p>\n<p>El propio Saab se ha defendido se\u00f1alando que su proceso es un juicio pol\u00edtico. \u201cMi detenci\u00f3n ilegal tiene una motivaci\u00f3n totalmente pol\u00edtica y es pat\u00e9tico que el Gobierno de Cabo Verde haya doblado la rodilla ante (&#8230;) EE. UU.\u201d, declar\u00f3 a Efe a comienzos de marzo pasado. Todos sus reclamos fueron rechazados en una resoluci\u00f3n de 194 p\u00e1ginas del Supremo de Cabo Verde.<\/p>\n<p>A partir de esta decisi\u00f3n, a Saab solo lo aguarda un avi\u00f3n en el que agentes de la DEA lo custodiar\u00e1n hasta una corte estadounidense. All\u00ed se enfrenta a 40 a\u00f1os de c\u00e1rcel.<\/p>\n","protected":false},"excerpt":{"rendered":"<p>Finalmente se conoci\u00f3 que Tribunal Constitucional de Cabo Verde desestim\u00f3 los reclamos de los abogados defensores de \u00c1lex Saab, el colombo-venezolano presunto testaferro de Nicol\u00e1s&hellip;<\/p>\n","protected":false},"author":99,"featured_media":499491,"comment_status":"open","ping_status":"open","sticky":false,"template":"","format":"standard","meta":{"footnotes":""},"categories":[23],"tags":[],"class_list":["post-499490","post","type-post","status-publish","format-standard","has-post-thumbnail","hentry","category-latinoamerica"],"_links":{"self":[{"href":"https:\/\/diarioelpopular.com\/index.php\/wp-json\/wp\/v2\/posts\/499490","targetHints":{"allow":["GET"]}}],"collection":[{"href":"https:\/\/diarioelpopular.com\/index.php\/wp-json\/wp\/v2\/posts"}],"about":[{"href":"https:\/\/diarioelpopular.com\/index.php\/wp-json\/wp\/v2\/types\/post"}],"author":[{"embeddable":true,"href":"https:\/\/diarioelpopular.com\/index.php\/wp-json\/wp\/v2\/users\/99"}],"replies":[{"embeddable":true,"href":"https:\/\/diarioelpopular.com\/index.php\/wp-json\/wp\/v2\/comments?post=499490"}],"version-history":[{"count":1,"href":"https:\/\/diarioelpopular.com\/index.php\/wp-json\/wp\/v2\/posts\/499490\/revisions"}],"predecessor-version":[{"id":499492,"href":"https:\/\/diarioelpopular.com\/index.php\/wp-json\/wp\/v2\/posts\/499490\/revisions\/499492"}],"wp:featuredmedia":[{"embeddable":true,"href":"https:\/\/diarioelpopular.com\/index.php\/wp-json\/wp\/v2\/media\/499491"}],"wp:attachment":[{"href":"https:\/\/diarioelpopular.com\/index.php\/wp-json\/wp\/v2\/media?parent=499490"}],"wp:term":[{"taxonomy":"category","embeddable":true,"href":"https:\/\/diarioelpopular.com\/index.php\/wp-json\/wp\/v2\/categories?post=499490"},{"taxonomy":"post_tag","embeddable":true,"href":"https:\/\/diarioelpopular.com\/index.php\/wp-json\/wp\/v2\/tags?post=499490"}],"curies":[{"name":"wp","href":"https:\/\/api.w.org\/{rel}","templated":true}]}}