{"id":499493,"date":"2021-09-10T12:03:28","date_gmt":"2021-09-10T16:03:28","guid":{"rendered":"https:\/\/diarioelpopular.com\/?p=499493"},"modified":"2021-09-10T12:03:28","modified_gmt":"2021-09-10T16:03:28","slug":"trudeau-jugo-a-la-defensiva-mientras-los-lideres-de-la-oposicion-luchaban-por-puntos-en-el-debate-electoral","status":"publish","type":"post","link":"https:\/\/diarioelpopular.com\/index.php\/2021\/09\/10\/trudeau-jugo-a-la-defensiva-mientras-los-lideres-de-la-oposicion-luchaban-por-puntos-en-el-debate-electoral\/","title":{"rendered":"Trudeau jug\u00f3 a la defensiva mientras los l\u00edderes de la oposici\u00f3n luchaban por puntos en el debate electoral"},"content":{"rendered":"<p><img loading=\"lazy\" decoding=\"async\" class=\"alignnone size-custom-full-size wp-image-499495\" src=\"https:\/\/diarioelpopular.com\/wp-content\/uploads\/2021\/09\/federal-leaders-scaled-1-636x358.jpg\" alt=\"\" width=\"636\" height=\"358\" srcset=\"https:\/\/diarioelpopular.com\/wp-content\/uploads\/2021\/09\/federal-leaders-scaled-1-636x358.jpg 636w, https:\/\/diarioelpopular.com\/wp-content\/uploads\/2021\/09\/federal-leaders-scaled-1-300x169.jpg 300w, https:\/\/diarioelpopular.com\/wp-content\/uploads\/2021\/09\/federal-leaders-scaled-1-768x432.jpg 768w, https:\/\/diarioelpopular.com\/wp-content\/uploads\/2021\/09\/federal-leaders-scaled-1-1990x1119.jpg 1990w, https:\/\/diarioelpopular.com\/wp-content\/uploads\/2021\/09\/federal-leaders-scaled-1-1200x675.jpg 1200w, https:\/\/diarioelpopular.com\/wp-content\/uploads\/2021\/09\/federal-leaders-scaled-1-130x73.jpg 130w, https:\/\/diarioelpopular.com\/wp-content\/uploads\/2021\/09\/federal-leaders-scaled-1.jpg 1024w\" sizes=\"auto, (max-width: 636px) 100vw, 636px\" \/><\/p>\n<h4><em><strong>&#8211; Los l\u00edderes del partido federal de Canad\u00e1 se pisaron r\u00e1pidamente los talones en los primeros momentos del debate en ingl\u00e9s este jueves, el \u00faltimo enfrentamiento antes de que los votantes vayan a las urnas en las elecciones, y sus pies se mantuvieron firmes durante el resto de la noche.<\/strong> <\/em>.<\/h4>\n<h4><em><strong>&#8211; Ontario reporta casi 850 nuevos casos de COVID-19, 11 muertes m\u00e1s<\/strong><\/em><\/h4>\n<p><em><strong>OTTAWA.-<\/strong> <\/em>El l\u00edder liberal Justin Trudeau, el l\u00edder conservador Erin O&#8217;Toole, el l\u00edder del NDP Jagmeet Singh, el l\u00edder del bloque Quebecois Yves-Francois Blanchet y la l\u00edder del Partido Verde Annamie Paul enfrentaron preguntas sobre sus cualidades de liderazgo y deficiencias del moderador Shachi Kurl en el Museo Canadiense de Historia en Gatineau, Que.<\/p>\n<p>A medida que los temas se movieron hacia el cambio clim\u00e1tico, la reconciliaci\u00f3n ind\u00edgena, la asequibilidad y la pandemia de COVID-19, los cinco l\u00edderes defendieron sus registros y planes. Pero Trudeau, que busca un tercer mandato como primer ministro, se enfrent\u00f3 al escrutinio m\u00e1s severo.<\/p>\n<p>Trudeau una vez m\u00e1s, como es habitual, se neg\u00f3 a responder directamente por qu\u00e9 convoc\u00f3 a elecciones en medio de la pandemia de COVID-19 en curso, y les dijo a los votantes que deben &#8220;tomar una decisi\u00f3n&#8221; sobre qu\u00e9 plan de los l\u00edderes es el mejor para el futuro.<\/p>\n<p>Tambi\u00e9n se vio obligado a defender su historial de conducta sexual inapropiada en el ej\u00e9rcito, y Kurl pregunt\u00f3 por qu\u00e9 permiti\u00f3 condiciones que permitieran que continuaran los incidentes.<\/p>\n<p>Paul sostuvo que Trudeau &#8220;no es un feminista real&#8221;, y mencion\u00f3 a las ex diputadas liberales Jody Wilson-Raybould y Jane Philpott, lo que provoc\u00f3 que Trudeau le respondiera al l\u00edder verde que &#8220;no tomar\u00e1 lecciones sobre la gesti\u00f3n de los caucus de usted&#8221;.<\/p>\n<p>Trudeau estuvo a la defensiva durante la primera mitad del debate, mientras O&#8217;Toole, Singh, Blanchet y Paul lo golpeaban en todo, desde el historial de derechos humanos de Canad\u00e1 hasta su lugar en el escenario mundial.<\/p>\n<p>Despu\u00e9s de que O&#8217;Toole acus\u00f3 a Trudeau de no lograr la liberaci\u00f3n de Michael Kovrig y Michael Spavor de la detenci\u00f3n en China, el l\u00edder liberal dijo que adoptar un enfoque m\u00e1s agresivo no dar\u00e1 resultados.<\/p>\n<p>\u201cNo se lanza simplemente tomates a trav\u00e9s del Pac\u00edfico\u201d, dijo Trudeau. &#8220;Eso es lo que el Sr. Harper intent\u00f3 durante varios a\u00f1os, y no lleg\u00f3 a ninguna parte&#8221;.<\/p>\n<p>O&#8217;Toole y Blanchet tambi\u00e9n acusaron a Trudeau de abandonar a los canadienses en Afganist\u00e1n, argumentando adem\u00e1s que no se deber\u00eda haber convocado una elecci\u00f3n a medida que se desarrollaba la toma de posesi\u00f3n del pa\u00eds por los talibanes.<\/p>\n<p>A medida que el tema pas\u00f3 al cambio clim\u00e1tico, los l\u00edderes sostuvieron que sus diversos planes para reducir las emisiones de gases de efecto invernadero en varios porcentajes eran los adecuados para el futuro de Canad\u00e1, con resultados mixtos.<\/p>\n<p>Trudeau dijo que a pesar de los a\u00f1os de aumento de las emisiones bajo su supervisi\u00f3n, que atribuy\u00f3 a heredar un gobierno conservador hace seis a\u00f1os &#8220;a eso no le importaba&#8221;, su plan era el m\u00e1s realista. Pero en la realidad poco o nada ha hecho.<\/p>\n<p>O&#8217;Toole insisti\u00f3 en que se tomaba en serio el abordaje de la crisis clim\u00e1tica a pesar de tener el objetivo de emisiones m\u00e1s bajo del 30 por ciento. Mientras tanto, Singh fue presionado sobre los detalles de su plan clim\u00e1tico, que ha sido criticado por vago.<\/p>\n<p>Singh y Trudeau tuvieron un acalorado intercambio, con el l\u00edder liberal diciendo que la pol\u00edtica del NDP califica una &#8220;F&#8221; mientras afirma que los expertos han dado altas calificaciones al plan liberal.<\/p>\n<p>Singh acus\u00f3 a Trudeau de presidir el peor historial de lucha contra el cambio clim\u00e1tico en el G7 durante sus seis a\u00f1os en el poder.<\/p>\n<p>Paul dijo que Canad\u00e1 podr\u00eda convertirse en una superpotencia de energ\u00eda renovable y que todas las partes deben trabajar juntas para responder a la amenaza compartida.<\/p>\n<p>Cuando un votante ind\u00edgena le pregunt\u00f3 por qu\u00e9 deber\u00eda confiar en alguno de los l\u00edderes despu\u00e9s de &#8220;m\u00e1s de 150 a\u00f1os de mentiras y abusos contra mi pueblo&#8221;, Trudeau dijo que su gobierno ha progresado, pero los otros l\u00edderes r\u00e1pidamente se apresuraron a contradecir.<\/p>\n<p>&#8220;Las llamadas a la acci\u00f3n (de la Comisi\u00f3n de la Verdad y Reconciliaci\u00f3n y la Investigaci\u00f3n Nacional sobre Mujeres y Ni\u00f1as Desaparecidas y Asesinadas) est\u00e1n ah\u00ed y debemos seguirlas&#8221;, dijo Singh, acusando a Trudeau de simplemente pedir las investigaciones, solo para quedar bien ante la opini\u00f3n p\u00fablica, pero no actuar en consecuencia.<\/p>\n<p>El debate sobre la reconciliaci\u00f3n ind\u00edgena no logr\u00f3 ir m\u00e1s all\u00e1 de las promesas superficiales de Trudeau, con O&#8217;Toole prometiendo trabajar con las naciones y Singh instando a detener el uso de la fuerza dentro de la RCMP.<\/p>\n<p>Paul y Blanchet entraron en un acalorado intercambio sobre el racismo sist\u00e9mico, y Paul dijo que el l\u00edder del Bloque necesitaba &#8220;educarse&#8221; sobre el tema.<\/p>\n<p>Cuando Blanchet respondi\u00f3 alegando que lo hab\u00eda insultado, ella respondi\u00f3 diciendo que &#8220;era una invitaci\u00f3n a educarse&#8221;.<\/p>\n<p>La noche se volvi\u00f3 mucho m\u00e1s animada cuando la pregunta de una persona mayor sobre el costo de vida llev\u00f3 a un debate m\u00e1s amplio sobre la asequibilidad, que una vez m\u00e1s puso a Trudeau a la defensiva cuando se plante\u00f3 el aumento de la inflaci\u00f3n y la inasequibilidad de la vivienda.<\/p>\n<p>Sin embargo, O&#8217;Toole acus\u00f3 a los liberales de prometer un nuevo impuesto sobre el valor neto de la vivienda sobre la venta de viviendas, lo que Trudeau correctamente se\u00f1al\u00f3 que no es cierto.<\/p>\n<p>Singh tambi\u00e9n critic\u00f3 a Trudeau por no incluir un compromiso con el cuidado farmac\u00e9utico universal en la plataforma liberal costosa, algo que el partido hab\u00eda prometido en las elecciones de 2019 y mientras estuvo en el gobierno.<\/p>\n<p>Eso llev\u00f3 a O&#8217;Toole a acusar a Trudeau de pretender priorizar los problemas en lugar de seguir con la acci\u00f3n.<\/p>\n<p>\u201c\u00c9l anuncia cosas y nunca las entrega\u201d, dijo. &#8220;Un primer ministro tiene que cumplir con las palabras&#8221;.<\/p>\n<p>Los problemas de asequibilidad se desangraron en los diferentes planes de recuperaci\u00f3n de COVID-19 de los l\u00edderes, que se refer\u00edan al gasto federal y c\u00f3mo abordar el creciente d\u00e9ficit y al mismo tiempo garantizar que los trabajadores y empleadores est\u00e9n protegidos.<\/p>\n<p>El l\u00edder del Partido Popular de Canad\u00e1, Maxime Bernier, no cumpli\u00f3 con los criterios de la Comisi\u00f3n de Debates de L\u00edderes independientes para participar en el debate en ingl\u00e9s o en el debate en franc\u00e9s el mi\u00e9rcoles. Decenas de sus seguidores se presentaron este jueves fuera del lugar del debate para protestar por su ausencia.<\/p>\n<p>Los debates en franc\u00e9s e ingl\u00e9s de esta semana se producen cuando las encuestas de opini\u00f3n sugieren que los liberales y los conservadores est\u00e1n atrapados en una re\u00f1ida carrera de dos v\u00edas. La \u00faltima encuesta de Ipsos para Global News tiene a los conservadores por delante, presionando a Trudeau para que cambie su suerte.<\/p>\n<p>Mientras tanto, el NDP y Bloc parecen estar preparados para determinar cu\u00e1l de los dos partidos principales sale victorioso.<\/p>\n<p>Los temas discutidos durante el evento en franc\u00e9s del mi\u00e9rcoles incluyeron transferencias de salud a las provincias, financiamiento para el cuidado de ni\u00f1os, clima y la pandemia de COVID-19.<\/p>\n<p>&nbsp;<\/p>\n<h4><em><strong>Ontario reporta casi 850 nuevos casos de COVID-19, 11 muertes m\u00e1s<\/strong><\/em><\/h4>\n<p><img loading=\"lazy\" decoding=\"async\" class=\"alignnone size-custom-full-size wp-image-499494\" src=\"https:\/\/diarioelpopular.com\/wp-content\/uploads\/2021\/09\/Screen-Shot-2021-09-10-at-11.41.02-AM-636x337.png\" alt=\"\" width=\"636\" height=\"337\" srcset=\"https:\/\/diarioelpopular.com\/wp-content\/uploads\/2021\/09\/Screen-Shot-2021-09-10-at-11.41.02-AM-636x337.png 636w, https:\/\/diarioelpopular.com\/wp-content\/uploads\/2021\/09\/Screen-Shot-2021-09-10-at-11.41.02-AM-300x159.png 300w, https:\/\/diarioelpopular.com\/wp-content\/uploads\/2021\/09\/Screen-Shot-2021-09-10-at-11.41.02-AM-768x406.png 768w, https:\/\/diarioelpopular.com\/wp-content\/uploads\/2021\/09\/Screen-Shot-2021-09-10-at-11.41.02-AM-138x73.png 138w, https:\/\/diarioelpopular.com\/wp-content\/uploads\/2021\/09\/Screen-Shot-2021-09-10-at-11.41.02-AM.png 1007w\" sizes=\"auto, (max-width: 636px) 100vw, 636px\" \/><\/p>\n<p>Ontario report\u00f3 848 nuevos casos de COVID-19 este viernes, el conteo m\u00e1s alto en casi una semana. El total de casos provinciales asciende ahora a 572, 978.<\/p>\n<p>De los 848 nuevos casos registrados, los datos mostraron que 534 eran personas no vacunadas, 76 eran personas parcialmente vacunadas, 189 estaban completamente vacunadas y para 49 personas se desconoc\u00eda el estado de vacunaci\u00f3n.<\/p>\n<p>Seg\u00fan el informe, se registraron 166 casos en Toronto, 117 en la regi\u00f3n de Peel, 77 en la regi\u00f3n de York, 74 en Windsor-Essex, 53 en Hamilton, 53 en Ottawa y 48 en la regi\u00f3n de Durham.<\/p>\n<p>Todas las dem\u00e1s unidades de salud p\u00fablica locales notificaron menos de 45 casos nuevos en el informe provincial.<\/p>\n<p>El n\u00famero de muertos en la provincia ha aumentado a 9.590, ya que se registraron cinco nuevas muertes. Adem\u00e1s, el Ministerio de Salud de Ontario dijo que seis muertes m\u00e1s ocurrieron hace m\u00e1s de un mes debido a la limpieza de datos y tambi\u00e9n se agregaron al total general.<\/p>\n<p><em><strong>Hospitalizaciones en Ontario<\/strong><\/em><\/p>\n<p>Ontario inform\u00f3 que 361 personas en salas de hospitales generales ten\u00edan COVID-19 (cuatro menos que el d\u00eda anterior) con 177 pacientes en unidades de cuidados intensivos (siete menos) y 153 pacientes en UCI con ventilador (siete menos).<\/p>\n<p>Los funcionarios provinciales anunciaron recientemente que comenzar\u00edan a incluir el estado de vacunaci\u00f3n de los hospitalizados debido a COVID-19 como parte de sus informes de datos diarios de COVID-19. Se\u00f1alaron que el nuevo conjunto de datos crecer\u00e1 y mejorar\u00e1 con el tiempo a medida que se recopile m\u00e1s informaci\u00f3n.<\/p>\n<p>Para aquellos en las salas de hospitales generales con COVID, 155 no estaban vacunados, 16 estaban parcialmente vacunados y 30 estaban completamente vacunados. Para aquellos en UCI, 109 no estaban vacunados, mientras que 9 estaban parcialmente vacunados y 14 estaban completamente vacunados.<\/p>\n<p>En el pico de la tercera ola, que fue la peor ola de hospitalizaciones, la provincia vio hasta 900 pacientes en UCI con COVID. Los datos de la provincia han registrado que 5.707 pacientes en total han estado alguna vez en la UCI y 29.330 pacientes han sido hospitalizados por COVID desde el inicio de la pandemia.<\/p>\n<p><em><strong>Vacunas, recuperaciones, pruebas, <\/strong><\/em><\/p>\n<p><em><strong>promedio de 7 d\u00edas en Ontario<\/strong><\/em><\/p>\n<p>A partir de las 8 p.m. el jueves, se administraron 35,844 vacunas (16,477 para una primera inyecci\u00f3n y 19,367 para una segunda inyecci\u00f3n) en el \u00faltimo d\u00eda.<\/p>\n<p>Hay m\u00e1s de 10,1 millones de personas totalmente inmunizadas con dos dosis, lo que representa el 77,7% de la poblaci\u00f3n elegible (12 a\u00f1os o m\u00e1s). La cobertura de la primera dosis es del 84,1%.<\/p>\n<p>Mientras tanto, se inform\u00f3 que 557,265 residentes de Ontario se hab\u00edan recuperado del COVID-19, que es aproximadamente el 97 por ciento de los casos conocidos. Los casos resueltos aumentaron en 770 respecto al d\u00eda anterior.<\/p>\n<p>Los casos activos en Ontario ahora ascienden a 6,123, m\u00e1s que el d\u00eda anterior cuando estaba en 6,056, y ha aumentado desde el 3 de septiembre cuando estaba en 6,094. En el pico de la oleada de coronavirus de la segunda ola en enero, los casos activos llegaron a poco m\u00e1s de 30.000. En la tercera ola de abril, los casos activos superaron los 43.000.<\/p>\n<p>El promedio de siete d\u00edas ahora ha llegado a 729, que es la baja con respecto al de ayer en 723, y est\u00e1 por debajo de la semana pasada cuando fue de 732. Hace un mes, el promedio de siete d\u00edas fue de alrededor de 300.<\/p>\n<p>El gobierno dijo que se procesaron 28.247 pruebas en las \u00faltimas 24 horas. Actualmente hay una acumulaci\u00f3n de 13.296 pruebas en espera de resultados.<\/p>\n<p>La positividad de la prueba alcanz\u00f3 el 3,1 por ciento. La semana pasada, la positividad de la prueba fue del 3,2 por ciento.<\/p>\n<p><em><strong>Variantes preocupantes en Ontario<\/strong><\/em><\/p>\n<p>Los funcionarios han enumerado datos desglosados \u200b\u200bpara los nuevos COV (variantes de inter\u00e9s) detectados hasta ahora en la provincia, que consisten en:<\/p>\n<p>\u201cAlfa\u201d el VOC B.1.1.7 (detectado por primera vez en el Reino Unido): 146,444 casos variantes, lo que representa un aumento de cuatro desde el d\u00eda anterior. Esta cepa domin\u00f3 la tercera ola de Ontario.<\/p>\n<p>\u201cDelta\u201d el VOC B.1.617.2 (detectado por primera vez en India): 14.051 casos variantes, lo que representa un aumento de 748 desde el d\u00eda anterior. Esta cepa domina la cuarta ola de Ontario.<\/p>\n<p>\u201cBeta\u201d el VOC B.1.351 (detectado por primera vez en Sud\u00e1frica): 1.501 casos variantes, que no ha cambiado desde el d\u00eda anterior.<\/p>\n<p>\u201cGamma\u201d el P.1 VOC (detectado por primera vez en Brasil): 5.223 casos variantes, que se mantiene sin cambios desde el d\u00eda anterior.<\/p>\n<p><em><strong>Casos, muertes y brotes en hogares de cuidados a largo plazo de Ontario<\/strong><\/em><\/p>\n<p>Seg\u00fan el Ministerio de Cuidados a Largo Plazo, se han reportado 3.804 muertes entre residentes y pacientes en hogares de cuidados a largo plazo en Ontario, lo que representa un aumento de dos muertes desde el d\u00eda anterior. Se han informado trece muertes relacionadas con virus en total entre el personal.<\/p>\n<p>Hay siete brotes actuales en los hogares, que no han cambiado con respecto al d\u00eda anterior.<\/p>\n<p>El ministerio tambi\u00e9n indic\u00f3 que actualmente hay 32 casos activos entre los residentes de cuidados a largo plazo y 17 casos activos entre el personal: un aumento de cuatro y un descenso de dos, respectivamente, en el \u00faltimo d\u00eda.<\/p>\n","protected":false},"excerpt":{"rendered":"<p>&#8211; Los l\u00edderes del partido federal de Canad\u00e1 se pisaron r\u00e1pidamente los talones en los primeros momentos del debate en ingl\u00e9s este jueves, el \u00faltimo&hellip;<\/p>\n","protected":false},"author":99,"featured_media":499495,"comment_status":"open","ping_status":"open","sticky":false,"template":"","format":"standard","meta":{"footnotes":""},"categories":[21,11191],"tags":[],"class_list":["post-499493","post","type-post","status-publish","format-standard","has-post-thumbnail","hentry","category-canada","category-top-news"],"_links":{"self":[{"href":"https:\/\/diarioelpopular.com\/index.php\/wp-json\/wp\/v2\/posts\/499493","targetHints":{"allow":["GET"]}}],"collection":[{"href":"https:\/\/diarioelpopular.com\/index.php\/wp-json\/wp\/v2\/posts"}],"about":[{"href":"https:\/\/diarioelpopular.com\/index.php\/wp-json\/wp\/v2\/types\/post"}],"author":[{"embeddable":true,"href":"https:\/\/diarioelpopular.com\/index.php\/wp-json\/wp\/v2\/users\/99"}],"replies":[{"embeddable":true,"href":"https:\/\/diarioelpopular.com\/index.php\/wp-json\/wp\/v2\/comments?post=499493"}],"version-history":[{"count":1,"href":"https:\/\/diarioelpopular.com\/index.php\/wp-json\/wp\/v2\/posts\/499493\/revisions"}],"predecessor-version":[{"id":499496,"href":"https:\/\/diarioelpopular.com\/index.php\/wp-json\/wp\/v2\/posts\/499493\/revisions\/499496"}],"wp:featuredmedia":[{"embeddable":true,"href":"https:\/\/diarioelpopular.com\/index.php\/wp-json\/wp\/v2\/media\/499495"}],"wp:attachment":[{"href":"https:\/\/diarioelpopular.com\/index.php\/wp-json\/wp\/v2\/media?parent=499493"}],"wp:term":[{"taxonomy":"category","embeddable":true,"href":"https:\/\/diarioelpopular.com\/index.php\/wp-json\/wp\/v2\/categories?post=499493"},{"taxonomy":"post_tag","embeddable":true,"href":"https:\/\/diarioelpopular.com\/index.php\/wp-json\/wp\/v2\/tags?post=499493"}],"curies":[{"name":"wp","href":"https:\/\/api.w.org\/{rel}","templated":true}]}}