{"id":499512,"date":"2021-09-11T12:29:37","date_gmt":"2021-09-11T16:29:37","guid":{"rendered":"https:\/\/diarioelpopular.com\/?p=499512"},"modified":"2021-09-11T12:29:37","modified_gmt":"2021-09-11T16:29:37","slug":"mexico-una-mayoria-contra-los-inmigrantes","status":"publish","type":"post","link":"https:\/\/diarioelpopular.com\/index.php\/2021\/09\/11\/mexico-una-mayoria-contra-los-inmigrantes\/","title":{"rendered":"M\u00e9xico: Una mayor\u00eda contra los inmigrantes"},"content":{"rendered":"<div id=\"attachment_499513\" style=\"width: 646px\" class=\"wp-caption alignnone\"><img loading=\"lazy\" decoding=\"async\" aria-describedby=\"caption-attachment-499513\" class=\"size-custom-full-size wp-image-499513\" src=\"https:\/\/diarioelpopular.com\/wp-content\/uploads\/2021\/09\/0e1800001af94aa1264a19014d36d2f4-636x411.jpg\" alt=\"\" width=\"636\" height=\"411\" srcset=\"https:\/\/diarioelpopular.com\/wp-content\/uploads\/2021\/09\/0e1800001af94aa1264a19014d36d2f4-636x411.jpg 636w, https:\/\/diarioelpopular.com\/wp-content\/uploads\/2021\/09\/0e1800001af94aa1264a19014d36d2f4-300x194.jpg 300w, https:\/\/diarioelpopular.com\/wp-content\/uploads\/2021\/09\/0e1800001af94aa1264a19014d36d2f4-768x497.jpg 768w, https:\/\/diarioelpopular.com\/wp-content\/uploads\/2021\/09\/0e1800001af94aa1264a19014d36d2f4-85x55.jpg 85w, https:\/\/diarioelpopular.com\/wp-content\/uploads\/2021\/09\/0e1800001af94aa1264a19014d36d2f4-113x73.jpg 113w, https:\/\/diarioelpopular.com\/wp-content\/uploads\/2021\/09\/0e1800001af94aa1264a19014d36d2f4.jpg 945w\" sizes=\"auto, (max-width: 636px) 100vw, 636px\" \/><p id=\"caption-attachment-499513\" class=\"wp-caption-text\"><em>Una caravana de migrantes en el sur de M\u00e9xico<\/em><\/p><\/div>\n<h4><em><strong>Son m\u00e1s los que rechazan que los que aceptan extranjeros, sondeo<\/strong><\/em><\/h4>\n<p><em><strong>CIUDAD DE MEXICO, 10 SET &#8211;<\/strong><\/em> La avalancha de migrantes que satura centros de detenci\u00f3n en diversas zonas del pa\u00eds, y ciudades enteras de la frontera sur y norte, ha aumentado el sentimiento de rechazo hacia los extranjeros en M\u00e9xico, donde la mayor\u00eda de la gente quiere que sean deportados.<\/p>\n<p>Una encuesta levantada por el diario Reforma arroj\u00f3 que el 46% est\u00e1 a favor de retenerlos donde est\u00e9n y luego repatriarlos, mientras que el 11% incluso quiere que se les impida la entrada al pa\u00eds y solo el 37% est\u00e1 a favor de permitirles el paso.<\/p>\n<p>Pese a la pol\u00edtica de contenci\u00f3n de M\u00e9xico, acusado de hacerle el &#8220;trabajo sucio&#8221; a Estados Unidos y de las deportaciones &#8220;express&#8221; realizadas por medio de vuelos casi diarios a Centroam\u00e9rica, la presencia de for\u00e1neos, ya no solo centroamericanos sino tambi\u00e9n haitianos, cubanos y venezolanos, es cada vez mayor en el pa\u00eds.<\/p>\n<p>El sondeo revela que el 67% de los mexicanos, una cifra a\u00fan m\u00e1s grande que la de quienes rechazan la presencia de los for\u00e1neos sin papeles, cree que estos afectan la disponibilidad de empleos, el 69% sostiene que impacta la calidad de los servicios p\u00fablicos y 70% la seguridad p\u00fablica. Otra cifra tambi\u00e9n abrumadoramente mayoritaria (87) considera que la cantidad tan alta de extranjeros en M\u00e9xico &#8220;dificulta el control de la pandemia del Covid-19&#8221;.<\/p>\n<p>Otra de las conclusiones del relevamiento se\u00f1ala que los mexicanos est\u00e1n divididos sobre la forma en que el gobierno del presidente Andr\u00e9s L\u00f3pez Obrador est\u00e1 manejando el tema de la nueva oleada de migrantes, a ra\u00edz de la llegada al poder del mandatario estadounidense Joe Biden. As\u00ed el 44% estima que la gestiona &#8220;mal o muy mal&#8221; y solo el 38% estima que lo hace de manera correcta.<\/p>\n<p>Para el 69% de los mexicanos, es decir, casi dos tercios, el tema migratorio en el pa\u00eds latinoamericano se est\u00e1 convirtiendo en algo &#8220;muy grave, mientras que el 81% piensa que las personas sin documentos que pisan territorio mexicano est\u00e1n altamente expuestos al crimen organizado. Una pregunta muy elocuente del estudio de opini\u00f3n que demuestra en forma real el sentimiento de los mexicanos hacia los migrantes es s\u00ed le dar\u00eda asilo temporal en su hogar, a la que el 72% dio una lapidaria respuesta negativa.<\/p>\n<p>En cambio, el 63% se mostr\u00f3 dispuesta a darles una ayuda monetaria en las calles y el 39% a darles trabajo en su casa o negocio, aunque el 57% dijo que no har\u00eda esto \u00faltimo. El analista mexicano Le\u00f3n Krauze alert\u00f3 hace unos d\u00edas en el diario The Washington Post que &#8220;hay una crisis inminente en el sur de M\u00e9xico&#8221; de violencia y racismo a ra\u00edz de las cuatro nuevas caravanas surgidas en las \u00faltimas semanas, similares a las primeras que se registraron desde octubre de 2018.<\/p>\n<p>&#8220;En los \u00faltimos d\u00edas, algunos videos de periodistas y activistas que cubren una caravana de inmigrantes en el estado de Chiapas presagian lo grave que podr\u00eda llegar a ser&#8221;, afirm\u00f3 el comentarista pol\u00edtico, en referencia a escenas donde polic\u00edas migratorios golpean y patean inclusive en la cabeza a haitianos y centroamericanos.<\/p>\n<p>&#8220;Estas im\u00e1genes dolorosas confirman el giro del gobierno mexicano hacia una estrategia de disuasi\u00f3n total de los extranjeros a instancias del gobierno de Estados Unidos&#8221;, se\u00f1al\u00f3 Krauze, recordando que cuando gan\u00f3 las elecciones en 2018 el presidente Andr\u00e9s L\u00f3pez Obrador prometi\u00f3 proteger a los inmigrantes. Eunice Rend\u00f3n, activista y experta en el tema, se\u00f1al\u00f3 que el mandatario &#8220;ha entendido la cooperaci\u00f3n con Estados Unidos solo desde el punto de vista de la militarizaci\u00f3n y la represi\u00f3n&#8221;. Carlos Bravo, del Centro de Investigaci\u00f3n y Docencia Econ\u00f3micas (CIDE), se pregunta &#8220;c\u00f3mo hacemos para tener la conciencia nacional tranquila cuando nuestro gobierno maltrata a los migrantes centroamericanos como nunca admitir\u00edamos que el gobierno de otro pa\u00eds maltratara a los mexicanos&#8221;.<\/p>\n<p>Bravo tambi\u00e9n lamenta la &#8220;indiferencia social respecto a lo que est\u00e1 pasando en la frontera sur&#8221; y dice que la sociedad mexicana &#8220;est\u00e1 transigiendo con una pol\u00edtica que deber\u00eda resultarle inaceptable&#8221;. Diversas voces han acusado al gobierno de empujar a algunas ciudades como Tapachula, la principal de la frontera sur de M\u00e9xico, o Tijuana y Matamoros, en los l\u00edmites con Estados Unidos, a ubicarse en el umbral del colapso por la continua afluencia de solicitantes de asilo centroamericanos y caribe\u00f1os.<\/p>\n","protected":false},"excerpt":{"rendered":"<p>Son m\u00e1s los que rechazan que los que aceptan extranjeros, sondeo CIUDAD DE MEXICO, 10 SET &#8211; La avalancha de migrantes que satura centros de&hellip;<\/p>\n","protected":false},"author":99,"featured_media":499513,"comment_status":"open","ping_status":"open","sticky":false,"template":"","format":"standard","meta":{"footnotes":""},"categories":[23],"tags":[],"class_list":["post-499512","post","type-post","status-publish","format-standard","has-post-thumbnail","hentry","category-latinoamerica"],"_links":{"self":[{"href":"https:\/\/diarioelpopular.com\/index.php\/wp-json\/wp\/v2\/posts\/499512","targetHints":{"allow":["GET"]}}],"collection":[{"href":"https:\/\/diarioelpopular.com\/index.php\/wp-json\/wp\/v2\/posts"}],"about":[{"href":"https:\/\/diarioelpopular.com\/index.php\/wp-json\/wp\/v2\/types\/post"}],"author":[{"embeddable":true,"href":"https:\/\/diarioelpopular.com\/index.php\/wp-json\/wp\/v2\/users\/99"}],"replies":[{"embeddable":true,"href":"https:\/\/diarioelpopular.com\/index.php\/wp-json\/wp\/v2\/comments?post=499512"}],"version-history":[{"count":1,"href":"https:\/\/diarioelpopular.com\/index.php\/wp-json\/wp\/v2\/posts\/499512\/revisions"}],"predecessor-version":[{"id":499514,"href":"https:\/\/diarioelpopular.com\/index.php\/wp-json\/wp\/v2\/posts\/499512\/revisions\/499514"}],"wp:featuredmedia":[{"embeddable":true,"href":"https:\/\/diarioelpopular.com\/index.php\/wp-json\/wp\/v2\/media\/499513"}],"wp:attachment":[{"href":"https:\/\/diarioelpopular.com\/index.php\/wp-json\/wp\/v2\/media?parent=499512"}],"wp:term":[{"taxonomy":"category","embeddable":true,"href":"https:\/\/diarioelpopular.com\/index.php\/wp-json\/wp\/v2\/categories?post=499512"},{"taxonomy":"post_tag","embeddable":true,"href":"https:\/\/diarioelpopular.com\/index.php\/wp-json\/wp\/v2\/tags?post=499512"}],"curies":[{"name":"wp","href":"https:\/\/api.w.org\/{rel}","templated":true}]}}