{"id":499522,"date":"2021-09-12T12:18:34","date_gmt":"2021-09-12T16:18:34","guid":{"rendered":"https:\/\/diarioelpopular.com\/?p=499522"},"modified":"2021-09-12T12:18:57","modified_gmt":"2021-09-12T16:18:57","slug":"mexico-muy-lejos-de-las-metas-de-la-onu","status":"publish","type":"post","link":"https:\/\/diarioelpopular.com\/index.php\/2021\/09\/12\/mexico-muy-lejos-de-las-metas-de-la-onu\/","title":{"rendered":"M\u00e9xico muy lejos de las metas de la ONU"},"content":{"rendered":"<div id=\"attachment_499523\" style=\"width: 646px\" class=\"wp-caption alignnone\"><img loading=\"lazy\" decoding=\"async\" aria-describedby=\"caption-attachment-499523\" class=\"size-custom-full-size wp-image-499523\" src=\"https:\/\/diarioelpopular.com\/wp-content\/uploads\/2021\/09\/23531edd1ff2d445a4617d05de75f366-636x404.jpg\" alt=\"\" width=\"636\" height=\"404\" srcset=\"https:\/\/diarioelpopular.com\/wp-content\/uploads\/2021\/09\/23531edd1ff2d445a4617d05de75f366-636x404.jpg 636w, https:\/\/diarioelpopular.com\/wp-content\/uploads\/2021\/09\/23531edd1ff2d445a4617d05de75f366-300x191.jpg 300w, https:\/\/diarioelpopular.com\/wp-content\/uploads\/2021\/09\/23531edd1ff2d445a4617d05de75f366-768x488.jpg 768w, https:\/\/diarioelpopular.com\/wp-content\/uploads\/2021\/09\/23531edd1ff2d445a4617d05de75f366-85x55.jpg 85w, https:\/\/diarioelpopular.com\/wp-content\/uploads\/2021\/09\/23531edd1ff2d445a4617d05de75f366-115x73.jpg 115w, https:\/\/diarioelpopular.com\/wp-content\/uploads\/2021\/09\/23531edd1ff2d445a4617d05de75f366.jpg 945w\" sizes=\"auto, (max-width: 636px) 100vw, 636px\" \/><p id=\"caption-attachment-499523\" class=\"wp-caption-text\">Contaminaci\u00f3n ambiental en M\u00e9xico, el pa\u00eds se aleja de las metas para reducir las emisiones<\/p><\/div>\n<h4><em><strong>Seg\u00fan especialistas, el pa\u00eds est\u00e1 &#8220;reprobado&#8221; en la materia<\/strong><\/em><\/h4>\n<p><em><strong>CIUDAD DE MEXICO, 12 SET &#8211;<\/strong><\/em> M\u00e9xico, uno de los pa\u00edses m\u00e1s vulnerables al cambio clim\u00e1tico, est\u00e1 muy lejos de cumplir con los compromisos que ha adquirido ante organismos internacionales para adoptar medidas orientadas a reducir sus emisiones t\u00f3xicas y promover energ\u00edas limpias.<br \/>\nEsta es la opini\u00f3n concordante de los especialistas, al se\u00f1alar que el pa\u00eds &#8220;va en sentido contrario&#8221; a lo prometido ante la comunidad mundial y &#8220;emplea mal&#8221; los recursos para frenar el calentamiento global y evitar el llamado &#8220;Efecto Invernadero&#8221;.<br \/>\n&#8220;Estamos perdiendo el tiempo, destinando recursos mal.<br \/>\nDebemos de diversificar la matriz energ\u00e9tica, apostar por energ\u00edas limpias, renovables que se esperar\u00eda fuera el centro de la pol\u00edtica energ\u00e9tica&#8221;, se\u00f1al\u00f3 Fernando Arag\u00f3n, investigador de la Universidad Nacional Aut\u00f3noma de M\u00e9xico (UNAM).<br \/>\n&#8220;No puede ser que nosotros nos estemos escudando en que, como tenemos hidrocarburos y queremos ser autosuficientes en gasolinas, retrasemos nuestra aportaci\u00f3n. Eso no es correcto&#8221;, se\u00f1al\u00f3 a su vez Julia Carabias, exministra de Ambiente.<br \/>\n&#8220;No estamos cumpliendo ni con las normas mexicanas como la Ley General de Cambio Clim\u00e1tico, que fija claramente las metas, las cuales son violadas&#8221;, indic\u00f3.<br \/>\nM\u00e9xico firm\u00f3 en 2015 el Acuerdo de Par\u00eds, que forma parte de la Convenci\u00f3n Marco de Naciones Unidas para el Cambio clim\u00e1tico, por el cual se comprometi\u00f3 a reducir 22% de sus emisiones t\u00f3xicas a la atm\u00f3sfera para 2030.<br \/>\nDesde que se suscribi\u00f3 este convenio, los entendidos se mostraron abiertamente esc\u00e9pticos la capacidad del pa\u00eds para lograr la meta, pero hoy ya no hay ninguna duda de que M\u00e9xico ser\u00e1 incapaz de cumplir este arreglo.<br \/>\nEl presidente Andr\u00e9s L\u00f3pez Obrador anunci\u00f3 desde que lleg\u00f3 al poder hace casi tres a\u00f1os su intenci\u00f3n de construir una nueva refiner\u00eda para reducir las crecientes importaciones de carburante desde Estados Unidos y lograr la autosuficiencia.<br \/>\nAl mismo tiempo, ha dado prioridad al uso de carb\u00f3n y del petr\u00f3leo para generar electricidad, relegando el apoyo a las energ\u00edas renovables.<br \/>\nOrganizaciones ambientalistas y expertos han alertado que M\u00e9xico, con m\u00e1s de 12.000 kil\u00f3metros de costas, es uno de los lugares que podr\u00edan ser m\u00e1s afectados por el impacto del calentamiento global.<br \/>\nEntre otras cosas, vaticinan que en unas cuantas d\u00e9cadas podr\u00edan desaparecer algunas ciudades costeras, como los populares centros veraniegos de Acapulco (sur) y Los Cabos (noroeste) y el puerto occidental de Manzanillo.<br \/>\nAdem\u00e1s, se prev\u00e9n sequ\u00edas cada vez m\u00e1s agobiantes y prolongadas y lluvias extremas e inundaciones en otras ciudades.<br \/>\n&#8220;El tema del cambio clim\u00e1tico lo tenemos en casa, lo tenemos ya, ahora&#8221;, se\u00f1al\u00f3 Carabias, al indicar que los fen\u00f3menos ambientales a nivel mundial, como las inundaciones y las sequ\u00edas, van a &#8220;intensificarse en magnitud y frecuencia sin que quede rinc\u00f3n alguno donde evadirlos&#8221;.<br \/>\nM\u00e9xico se ubica entre los oc\u00e9anos Pac\u00edfico y Atl\u00e1ntico y 17 de los 32 estados del pa\u00eds son costeros.<br \/>\nMucho se habla de que podr\u00edan desaparecer grandes metr\u00f3polis estadounidenses como Nueva York o Miami, pero en M\u00e9xico no se descarta que ocurra algo as\u00ed con algunas ciudades costeras, se\u00f1al\u00f3 Fernando Arag\u00f3n, doctor en Planeaci\u00f3n de la University College London.<br \/>\nLos especialistas propusieron reducir estos impactos como el aumento en el nivel del mar protegiendo los humedales y manglares, la barrera natural que permite apaciguar el aumento del nivel del mar y el impacto de los huracanes.<br \/>\nCecilia Conde, especialista en Ciencias de la Tierra, se\u00f1al\u00f3 que se precisa &#8220;un manejo m\u00e1s inteligente de nuestros recursos naturales y protegerlos&#8221; y aumentar los fondos para los estudios y operaci\u00f3n del Servicio Meteorol\u00f3gico Nacional y del Centro Nacional de Prevenci\u00f3n de Desastres.<br \/>\nNo obstante, Arag\u00f3n estim\u00f3 que &#8220;no hay voluntad pol\u00edtica&#8221; por parte del gobierno para adoptar medidas que mitiguen el impacto implacable de las fuerzas de la naturaleza.<br \/>\nHuracanes recientes como Grace, que impact\u00f3 dos veces territorio mexicano, en agosto pasado al pa\u00eds dejando 11 muertos y da\u00f1os cuantiosos en la agricultura, demostraron que ciclones y sequ\u00edas ser\u00e1n en el futuro &#8220;cada vez m\u00e1s frecuentes e intensos&#8221;, advirtieron los expertos.<\/p>\n","protected":false},"excerpt":{"rendered":"<p>Seg\u00fan especialistas, el pa\u00eds est\u00e1 &#8220;reprobado&#8221; en la materia CIUDAD DE MEXICO, 12 SET &#8211; M\u00e9xico, uno de los pa\u00edses m\u00e1s vulnerables al cambio clim\u00e1tico,&hellip;<\/p>\n","protected":false},"author":99,"featured_media":499523,"comment_status":"open","ping_status":"open","sticky":false,"template":"","format":"standard","meta":{"footnotes":""},"categories":[23],"tags":[],"class_list":["post-499522","post","type-post","status-publish","format-standard","has-post-thumbnail","hentry","category-latinoamerica"],"_links":{"self":[{"href":"https:\/\/diarioelpopular.com\/index.php\/wp-json\/wp\/v2\/posts\/499522","targetHints":{"allow":["GET"]}}],"collection":[{"href":"https:\/\/diarioelpopular.com\/index.php\/wp-json\/wp\/v2\/posts"}],"about":[{"href":"https:\/\/diarioelpopular.com\/index.php\/wp-json\/wp\/v2\/types\/post"}],"author":[{"embeddable":true,"href":"https:\/\/diarioelpopular.com\/index.php\/wp-json\/wp\/v2\/users\/99"}],"replies":[{"embeddable":true,"href":"https:\/\/diarioelpopular.com\/index.php\/wp-json\/wp\/v2\/comments?post=499522"}],"version-history":[{"count":1,"href":"https:\/\/diarioelpopular.com\/index.php\/wp-json\/wp\/v2\/posts\/499522\/revisions"}],"predecessor-version":[{"id":499524,"href":"https:\/\/diarioelpopular.com\/index.php\/wp-json\/wp\/v2\/posts\/499522\/revisions\/499524"}],"wp:featuredmedia":[{"embeddable":true,"href":"https:\/\/diarioelpopular.com\/index.php\/wp-json\/wp\/v2\/media\/499523"}],"wp:attachment":[{"href":"https:\/\/diarioelpopular.com\/index.php\/wp-json\/wp\/v2\/media?parent=499522"}],"wp:term":[{"taxonomy":"category","embeddable":true,"href":"https:\/\/diarioelpopular.com\/index.php\/wp-json\/wp\/v2\/categories?post=499522"},{"taxonomy":"post_tag","embeddable":true,"href":"https:\/\/diarioelpopular.com\/index.php\/wp-json\/wp\/v2\/tags?post=499522"}],"curies":[{"name":"wp","href":"https:\/\/api.w.org\/{rel}","templated":true}]}}