{"id":499526,"date":"2021-09-12T12:22:45","date_gmt":"2021-09-12T16:22:45","guid":{"rendered":"https:\/\/diarioelpopular.com\/?p=499526"},"modified":"2021-09-12T12:22:45","modified_gmt":"2021-09-12T16:22:45","slug":"chile-bataholas-en-el-repudio-al-golpe-de-hace-48-anos","status":"publish","type":"post","link":"https:\/\/diarioelpopular.com\/index.php\/2021\/09\/12\/chile-bataholas-en-el-repudio-al-golpe-de-hace-48-anos\/","title":{"rendered":"Chile: Bataholas en el repudio al golpe de hace 48 a\u00f1os"},"content":{"rendered":"<div id=\"attachment_499527\" style=\"width: 646px\" class=\"wp-caption alignnone\"><img loading=\"lazy\" decoding=\"async\" aria-describedby=\"caption-attachment-499527\" class=\"size-custom-full-size wp-image-499527\" src=\"https:\/\/diarioelpopular.com\/wp-content\/uploads\/2021\/09\/2c274c48a64b4cdaa7e9f20b4364fcb2-636x499.jpg\" alt=\"\" width=\"636\" height=\"499\" srcset=\"https:\/\/diarioelpopular.com\/wp-content\/uploads\/2021\/09\/2c274c48a64b4cdaa7e9f20b4364fcb2-636x499.jpg 636w, https:\/\/diarioelpopular.com\/wp-content\/uploads\/2021\/09\/2c274c48a64b4cdaa7e9f20b4364fcb2-300x236.jpg 300w, https:\/\/diarioelpopular.com\/wp-content\/uploads\/2021\/09\/2c274c48a64b4cdaa7e9f20b4364fcb2-768x603.jpg 768w, https:\/\/diarioelpopular.com\/wp-content\/uploads\/2021\/09\/2c274c48a64b4cdaa7e9f20b4364fcb2-93x73.jpg 93w, https:\/\/diarioelpopular.com\/wp-content\/uploads\/2021\/09\/2c274c48a64b4cdaa7e9f20b4364fcb2.jpg 945w\" sizes=\"auto, (max-width: 636px) 100vw, 636px\" \/><p id=\"caption-attachment-499527\" class=\"wp-caption-text\"><em>Manifestaci\u00f3n contra el golpe de estado de 1973 en Chile (foto: ANSA)<\/em><\/p><\/div>\n<h4><em><strong>Partidos de izquierda colocan ofrendas en monumento de Salvador Allende<\/strong><\/em><\/h4>\n<p><em><strong>SANTIAGO DE CHILE, 12 SET &#8211;<\/strong><\/em> Grupos de descolgados de la tradicional marcha en memoria de las v\u00edctimas del Golpe Militar en Chile lanzaron petardos y bengalas frente al palacio de gobierno de La Moneda este s\u00e1bado 11.<br \/>\nCon banderas de diversos colectivos, movimientos sociales y agrupaciones de derechos humanos realizaron la romer\u00eda desde el centro de Santiago hasta el Cementerio General.<br \/>\nAlicia Lira, presidenta de la Agrupaci\u00f3n de Familiares de Ejecutados Pol\u00edticos, expres\u00f3: &#8220;Tenemos un pasado digno que hoy d\u00eda sigue presente. (Salvador) Allende va con nosotros ac\u00e1, tambi\u00e9n es una conmemoraci\u00f3n de dolor, por lo que fue el golpe c\u00edvico militar&#8221;.<br \/>\n&#8220;Es doloroso -a\u00f1adi\u00f3- porque a 48 a\u00f1os han gozado de total impunidad (los autores de cr\u00edmenes de lesa humanidad), han ocupado cargos p\u00fablicos, han sido parte del Gobierno&#8221;.<br \/>\nLira subray\u00f3 que hoy &#8220;tambi\u00e9n rendimos un homenaje sentido a nuestros familiares, a los que fueron parte del gobierno de la Unidad Popular y aquellos que resistieron la dictadura en todas las formas de lucha, para acabar con el terrorismo de Estado.<br \/>\nAqu\u00ed estamos por ellos&#8221;.<br \/>\nDurante los incidentes hubo saqueo de locales comerciales y algunos manifestantes lanzaron fuegos artificiales contra los carros policiales. Carabineros actu\u00f3 con el carro lanza aguas y con bombas lacrim\u00f3genas.<br \/>\nLa due\u00f1a de un kiosko relat\u00f3 a radio Cooperativa que &#8220;se llevaron todo, hicieron pedazo todo. Pero gracias a Dios que a m\u00ed no hicieron nada, me cuidaron incluso&#8221;.<br \/>\n&#8220;Ellos dijeron: &#8216;con los kioskos, no; con los grandes s\u00ed, porque los grandes son grandes empresarios y nosotros somos unos pobres peluches al lado de ellos&#8221;, agreg\u00f3 la comerciante.<br \/>\nEn otra esquina se lanzaron artefactos incendiarios y se instalaron barricadas obligando al desv\u00edo del tr\u00e1nsito, mientras otro grupo hacia rayados en el frontis del teatro Municipal.<br \/>\nEn la sensible fecha, los partidos pol\u00edticos de izquierda rindieron homenaje al depuesto presidente Salvador Allende ante el monumento que se levanta a un costado del palacio de Gobierno y ratificaron el apoyo a sus candidatos presidenciales.<br \/>\nEl timonel del Partido Socialista, Alvaro Elizalde (PS), se\u00f1al\u00f3 que el legado de Allende &#8220;trasciende las barreras partidarias&#8221;. Acot\u00f3 que &#8220;la necesidad de enfrentar con decisi\u00f3n las desigualdades, erradicar los abusos y profundizar la democracia, tambi\u00e9n la representa de muy buena forma la senadora Yasna Provoste&#8221;, dem\u00f3crata cristiana, candidata de Nuevo Pacto Social (centroizquierda).<br \/>\nEn tanto, el presidente del Partido Comunista, Guillermo Teillier, indic\u00f3 que como fuerza se enfilan &#8220;a conquistar un Gobierno popular. Cumpliremos la palabra de los comunistas de respaldar a (Gabriel) Boric&#8221;.<br \/>\nBoric, candidato presidencial de la coalici\u00f3n de izquierda Apruebo Dignidad, recorri\u00f3 el Museo de la Memoria y los Derechos Humanos.<br \/>\nEn su cuenta de Twitter, el diputado public\u00f3: &#8220;Tengo 35 a\u00f1os, y el Golpe de Estado criminal de hace 48 a\u00f1os es parte de la historia que nos constituye. Porque la vida no son solo las experiencias personales, sino los proyectos colectivos de los cuales nos hacemos parte.\u00a0 \u00a0 \u00a0 Pertenecemos a una larga posta, y estamos orgulloso de ello&#8221;.<br \/>\nProvoste escribi\u00f3 a su vez en la red social que &#8220;nunca m\u00e1s violaciones de derechos humanos en Chile, ni antes ni ahora. Que la unidad pol\u00edtica y social del pueblo nunca m\u00e1s se quiebre.<br \/>\nCuando ello sucede, todas y todos retrocedemos. Cuando el pueblo avanza unido, Chile es mejor&#8221;.<br \/>\nEntretanto, adherentes a la dictadura de Augusto Pinochet recordaron el Golpe de Estado en las afueras de la Escuela Militar.<br \/>\nHasta el lugar lleg\u00f3 un grupo de manifestantes portando banderas, pancartas y letreros en los que se le\u00edan consignas como &#8220;Pinochet vive&#8221;, y fotograf\u00edas del extinto comandante en Jefe del Ej\u00e9rcito, quien falleci\u00f3 a los 91 a\u00f1os producto de una falla sist\u00e9mica, en diciembre de 2006. Se encontraba encausado por enriquecimiento il\u00edcito y cr\u00edmenes de esa humanidad.<\/p>\n","protected":false},"excerpt":{"rendered":"<p>Partidos de izquierda colocan ofrendas en monumento de Salvador Allende SANTIAGO DE CHILE, 12 SET &#8211; Grupos de descolgados de la tradicional marcha en memoria&hellip;<\/p>\n","protected":false},"author":99,"featured_media":499527,"comment_status":"open","ping_status":"open","sticky":false,"template":"","format":"standard","meta":{"footnotes":""},"categories":[23],"tags":[],"class_list":["post-499526","post","type-post","status-publish","format-standard","has-post-thumbnail","hentry","category-latinoamerica"],"_links":{"self":[{"href":"https:\/\/diarioelpopular.com\/index.php\/wp-json\/wp\/v2\/posts\/499526","targetHints":{"allow":["GET"]}}],"collection":[{"href":"https:\/\/diarioelpopular.com\/index.php\/wp-json\/wp\/v2\/posts"}],"about":[{"href":"https:\/\/diarioelpopular.com\/index.php\/wp-json\/wp\/v2\/types\/post"}],"author":[{"embeddable":true,"href":"https:\/\/diarioelpopular.com\/index.php\/wp-json\/wp\/v2\/users\/99"}],"replies":[{"embeddable":true,"href":"https:\/\/diarioelpopular.com\/index.php\/wp-json\/wp\/v2\/comments?post=499526"}],"version-history":[{"count":1,"href":"https:\/\/diarioelpopular.com\/index.php\/wp-json\/wp\/v2\/posts\/499526\/revisions"}],"predecessor-version":[{"id":499528,"href":"https:\/\/diarioelpopular.com\/index.php\/wp-json\/wp\/v2\/posts\/499526\/revisions\/499528"}],"wp:featuredmedia":[{"embeddable":true,"href":"https:\/\/diarioelpopular.com\/index.php\/wp-json\/wp\/v2\/media\/499527"}],"wp:attachment":[{"href":"https:\/\/diarioelpopular.com\/index.php\/wp-json\/wp\/v2\/media?parent=499526"}],"wp:term":[{"taxonomy":"category","embeddable":true,"href":"https:\/\/diarioelpopular.com\/index.php\/wp-json\/wp\/v2\/categories?post=499526"},{"taxonomy":"post_tag","embeddable":true,"href":"https:\/\/diarioelpopular.com\/index.php\/wp-json\/wp\/v2\/tags?post=499526"}],"curies":[{"name":"wp","href":"https:\/\/api.w.org\/{rel}","templated":true}]}}