{"id":499541,"date":"2021-09-13T09:13:24","date_gmt":"2021-09-13T13:13:24","guid":{"rendered":"https:\/\/diarioelpopular.com\/?p=499541"},"modified":"2021-09-13T09:13:24","modified_gmt":"2021-09-13T13:13:24","slug":"argentina-golpe-al-oficialismo","status":"publish","type":"post","link":"https:\/\/diarioelpopular.com\/index.php\/2021\/09\/13\/argentina-golpe-al-oficialismo\/","title":{"rendered":"Argentina: Golpe al oficialismo"},"content":{"rendered":"<div id=\"attachment_499542\" style=\"width: 646px\" class=\"wp-caption alignnone\"><img loading=\"lazy\" decoding=\"async\" aria-describedby=\"caption-attachment-499542\" class=\"size-custom-full-size wp-image-499542\" src=\"https:\/\/diarioelpopular.com\/wp-content\/uploads\/2021\/09\/2cd6fdfc1e1cb9486813d642af9e2030-636x423.jpg\" alt=\"\" width=\"636\" height=\"423\" srcset=\"https:\/\/diarioelpopular.com\/wp-content\/uploads\/2021\/09\/2cd6fdfc1e1cb9486813d642af9e2030-636x423.jpg 636w, https:\/\/diarioelpopular.com\/wp-content\/uploads\/2021\/09\/2cd6fdfc1e1cb9486813d642af9e2030-300x200.jpg 300w, https:\/\/diarioelpopular.com\/wp-content\/uploads\/2021\/09\/2cd6fdfc1e1cb9486813d642af9e2030-768x511.jpg 768w, https:\/\/diarioelpopular.com\/wp-content\/uploads\/2021\/09\/2cd6fdfc1e1cb9486813d642af9e2030-110x73.jpg 110w, https:\/\/diarioelpopular.com\/wp-content\/uploads\/2021\/09\/2cd6fdfc1e1cb9486813d642af9e2030.jpg 945w\" sizes=\"auto, (max-width: 636px) 100vw, 636px\" \/><p id=\"caption-attachment-499542\" class=\"wp-caption-text\"><em>La elecci\u00f3n interna de candidatos a diputados y senadores (PASO) se transform\u00f3 en un plebiscito a la gesti\u00f3n del gobierno argentino<\/em><br \/><em>(foto: ANSA)<\/em><\/p><\/div>\n<h4><em><strong>Elecci\u00f3n de candidatos para el Congreso fue un plebiscito<\/strong><\/em><\/h4>\n<p><em><strong>BUENOS AIRES 13 SEPT &#8211;<\/strong><\/em> La alianza opositora de Argentina Juntos por el Cambio (centroderecha) lograba imponerse este domingo en casi todos los distritos, incluso en la populosa provincia de Buenos Aires, en elecciones primarias abiertas simult\u00e1neas y obligatorias (PASO), que definen las candidaturas para las legislativas de noviembre.<br \/>\nEscrutados algo m\u00e1s del 80% de los votos, una firme tendencia mostraba datos contundentes, entre los m\u00e1s salientes, el retroceso de los respaldos al oficialismo que encabeza el presidente Alberto Fern\u00e1ndez (peronismo de centroizquierda).<br \/>\nTambi\u00e9n la irrupci\u00f3n notoria de un economista antisistema y el regreso al escenario pol\u00edtico de la Uni\u00f3n C\u00edvica Radical (UCR), legendario partido liderado por Ra\u00fal Alfons\u00edn en el regreso del pa\u00eds a la democracia en 1983.<br \/>\nMar\u00eda Eugenia Vidal sobresal\u00eda con una c\u00f3moda ventaja en la capital Buenos Aires (m\u00e1s del 48%), un reducto donde gobierna ininterrumpidamente Juntos por el Cambio desde 2007, cuando Mauricio Macri (presidente entre 2015-2019) cre\u00f3 el PRO.<br \/>\nLos votos dijeron &#8220;basta al atropello y al abuso&#8221; y es por eso que &#8220;7 de cada 10 porte\u00f1os eligi\u00f3 un camino distinto&#8221; al del oficialismo nacional, dispar\u00f3 Vidal.<br \/>\nPero la oposici\u00f3n tambi\u00e9n sorprend\u00eda con un mayor caudal de votos para sus postulantes a legisladores que el oficialismo en la Provincia de Buenos Aires, con algo m\u00e1s del 38% por encima del 32% del peronismo, que es gobierno en ese distrito electoral clave y suele estar bajo su control.<br \/>\nJuntos tambi\u00e9n era superior en casi todas las provincias, como C\u00f3rdoba (centro oeste), Santa Fe (centro), La Pampa (centro) e, incluso, en Santa Cruz (sur), de donde surgi\u00f3 el movimiento kirchnerista de los otrora presidentes N\u00e9stor Kirchner y Cristina Fern\u00e1ndez de Kirchner, actualmente vicepresidente.<br \/>\nLa sorprendente elecci\u00f3n del histri\u00f3nico economista antisistema Javier Milei, sorprend\u00eda y aterraba a la clase pol\u00edtica profesional, pues cosechaba un 13% en la capital y se consolidaba como tercera fuerza en esa circunscripci\u00f3n.<br \/>\nUn discurso incendiario de Milei reforz\u00f3 esta noche su estilo. Habl\u00f3 de &#8220;leones que est\u00e1n llegando&#8221;, repudi\u00f3 a &#8220;la casta pol\u00edtica&#8221; que, seg\u00fan proyect\u00f3, &#8220;tendr\u00e1 que irse&#8221; y cant\u00f3 loas por un modelo neoliberal.<br \/>\nJunto al afianzamiento de la oposici\u00f3n, las internas abiertas de hoy mostraron un reverdecer de la UCR (fundada en 1891), aunque con candidatos enrolados en las filas de Juntos, como Facundo Manes, un neuro-cient\u00edfico que se encamina a ser diputado por la Provincia de Buenos Aires.<br \/>\nFagocitada en los \u00faltimos a\u00f1os por la fuerza pol\u00edtica que impuls\u00f3 Macri, la UCR mostr\u00f3 tambi\u00e9n una notable actuaci\u00f3n en Mendoza (centro oeste) con el dominio de Alfredo Cornejo (casi 44%).<br \/>\nLa pandemia, la demora con las vacunas, una econom\u00eda desguazada, con m\u00e1s de un 40% de inflaci\u00f3n anual y m\u00e1s de 40% de pobres en el pa\u00eds, fue demasiado viento en contra para el oficialismo, que en su campa\u00f1a careci\u00f3 de propuestas y de una comunicaci\u00f3n acertada.<br \/>\nEsta misma noche, la prensa especializaba advert\u00eda que se avecinaban cambios profundos en el gobierno, &#8220;especialmente en el equipo de comunicaci\u00f3n&#8221;, se\u00f1al\u00f3 la cadena A24.<br \/>\nSi bien las PASO definen los candidatos a bancas en la C\u00e1mara de Diputados y el Senado -elecci\u00f3n que se llevar\u00e1 a cabo el 14 de noviembre-, actuaron al mismo tiempo ayer como un plebiscito a la administraci\u00f3n de Fern\u00e1ndez (con dos a\u00f1os de gobierno y dos m\u00e1s en el poder) y el resultado fue un claro rechazo a lo actuado.<\/p>\n","protected":false},"excerpt":{"rendered":"<p>Elecci\u00f3n de candidatos para el Congreso fue un plebiscito BUENOS AIRES 13 SEPT &#8211; La alianza opositora de Argentina Juntos por el Cambio (centroderecha) lograba&hellip;<\/p>\n","protected":false},"author":99,"featured_media":499542,"comment_status":"open","ping_status":"open","sticky":false,"template":"","format":"standard","meta":{"footnotes":""},"categories":[23],"tags":[],"class_list":["post-499541","post","type-post","status-publish","format-standard","has-post-thumbnail","hentry","category-latinoamerica"],"_links":{"self":[{"href":"https:\/\/diarioelpopular.com\/index.php\/wp-json\/wp\/v2\/posts\/499541","targetHints":{"allow":["GET"]}}],"collection":[{"href":"https:\/\/diarioelpopular.com\/index.php\/wp-json\/wp\/v2\/posts"}],"about":[{"href":"https:\/\/diarioelpopular.com\/index.php\/wp-json\/wp\/v2\/types\/post"}],"author":[{"embeddable":true,"href":"https:\/\/diarioelpopular.com\/index.php\/wp-json\/wp\/v2\/users\/99"}],"replies":[{"embeddable":true,"href":"https:\/\/diarioelpopular.com\/index.php\/wp-json\/wp\/v2\/comments?post=499541"}],"version-history":[{"count":1,"href":"https:\/\/diarioelpopular.com\/index.php\/wp-json\/wp\/v2\/posts\/499541\/revisions"}],"predecessor-version":[{"id":499543,"href":"https:\/\/diarioelpopular.com\/index.php\/wp-json\/wp\/v2\/posts\/499541\/revisions\/499543"}],"wp:featuredmedia":[{"embeddable":true,"href":"https:\/\/diarioelpopular.com\/index.php\/wp-json\/wp\/v2\/media\/499542"}],"wp:attachment":[{"href":"https:\/\/diarioelpopular.com\/index.php\/wp-json\/wp\/v2\/media?parent=499541"}],"wp:term":[{"taxonomy":"category","embeddable":true,"href":"https:\/\/diarioelpopular.com\/index.php\/wp-json\/wp\/v2\/categories?post=499541"},{"taxonomy":"post_tag","embeddable":true,"href":"https:\/\/diarioelpopular.com\/index.php\/wp-json\/wp\/v2\/tags?post=499541"}],"curies":[{"name":"wp","href":"https:\/\/api.w.org\/{rel}","templated":true}]}}