{"id":499565,"date":"2021-09-15T09:21:01","date_gmt":"2021-09-15T13:21:01","guid":{"rendered":"https:\/\/diarioelpopular.com\/?p=499565"},"modified":"2021-09-15T09:21:01","modified_gmt":"2021-09-15T13:21:01","slug":"argentina-con-50-inflacion-en-un-ano-clave-en-eleccion","status":"publish","type":"post","link":"https:\/\/diarioelpopular.com\/index.php\/2021\/09\/15\/argentina-con-50-inflacion-en-un-ano-clave-en-eleccion\/","title":{"rendered":"Argentina con 50% inflaci\u00f3n en un a\u00f1o; clave en elecci\u00f3n"},"content":{"rendered":"<p>&nbsp;<\/p>\n<div id=\"attachment_499566\" style=\"width: 646px\" class=\"wp-caption alignnone\"><img loading=\"lazy\" decoding=\"async\" aria-describedby=\"caption-attachment-499566\" class=\"size-custom-full-size wp-image-499566\" src=\"https:\/\/diarioelpopular.com\/wp-content\/uploads\/2021\/09\/ARGENTINA-PRIMARIAS_97462-636x358.jpg\" alt=\"\" width=\"636\" height=\"358\" srcset=\"https:\/\/diarioelpopular.com\/wp-content\/uploads\/2021\/09\/ARGENTINA-PRIMARIAS_97462-636x358.jpg 636w, https:\/\/diarioelpopular.com\/wp-content\/uploads\/2021\/09\/ARGENTINA-PRIMARIAS_97462-300x169.jpg 300w, https:\/\/diarioelpopular.com\/wp-content\/uploads\/2021\/09\/ARGENTINA-PRIMARIAS_97462-768x432.jpg 768w, https:\/\/diarioelpopular.com\/wp-content\/uploads\/2021\/09\/ARGENTINA-PRIMARIAS_97462-130x73.jpg 130w, https:\/\/diarioelpopular.com\/wp-content\/uploads\/2021\/09\/ARGENTINA-PRIMARIAS_97462.jpg 1024w\" sizes=\"auto, (max-width: 636px) 100vw, 636px\" \/><p id=\"caption-attachment-499566\" class=\"wp-caption-text\"><em>El presidente argentino Alberto Fern\u00e1ndez hace gestos a los miembros de la prensa despu\u00e9s de votar por las elecciones primarias de mitad de per\u00edodo en una mesa de votaci\u00f3n en Buenos Aires, Argentina, el domingo 12 de septiembre de 2021.<\/em><br \/><em>(AP Foto\/Marcos Brindicci) MARCOS BRINDICCI AP<\/em><\/p><\/div>\n<p><em><strong>&#8211; Mientras el gobierno del presidente Alberto Fern\u00e1ndez se debate entre m\u00e1s populismo o por un rumbo ortodoxo tras la derrota del oficialismo en las elecciones primarias, la inflaci\u00f3n en Argentina super\u00f3 el 50% en los \u00faltimos 12 meses.<\/strong><\/em><\/p>\n<p><em><strong>BUENOS AIRES. 15 SEPT.-<\/strong> <\/em>El Instituto Nacional de Estad\u00edsticas y Censos (INDEC) inform\u00f3 el martes que la inflaci\u00f3n de agosto fue de 2,5%, lo cual muestra una leve desaceleraci\u00f3n respecto a julio (3%). No obstante, los argentinos sufrieron un aumento de 51,4% en el costo de vida de acuerdo a la variaci\u00f3n interanual.<\/p>\n<p>Los analistas coinciden que la incapacidad del gobierno de Fern\u00e1ndez para contener la inflaci\u00f3n que azota los bolsillos de los argentinos desde hace m\u00e1s de una d\u00e9cada y que se agrav\u00f3 con la pandemia es una de las causas de la derrota que sufri\u00f3 el oficialismo en las primarias abiertas, simult\u00e1neas y obligatorias (PASO) el \u00faltimo domingo. Esta elecci\u00f3n tuvo por objetivo la definici\u00f3n de las candidaturas para las legislativas generales del 14 de noviembre.<\/p>\n<p>Los votantes tambi\u00e9n expresaron su malestar en las urnas contra la gesti\u00f3n sanitaria y los esc\u00e1ndalos por la vacunaci\u00f3n indiscriminada de allegados al gobierno y el festejo del cumplea\u00f1os de la primera dama, del cual particip\u00f3 el mandatario, en julio de 2020, cuando en el pa\u00eds reg\u00eda una estricta cuarentena.<\/p>\n<p>De profundizarse el malestar en las elecciones de noviembre, donde se renovar\u00e1 la mitad de la C\u00e1mara de Diputados y un tercio del Senado, el oficialismo perder\u00eda el control de la c\u00e1mara alta y la mayor\u00eda simple en la c\u00e1mara baja, lo que lo obligar\u00eda a negociar su agenda con la oposici\u00f3n.<\/p>\n<div>\n<p>\u201cLo que hicimos mal lo corregiremos, lo que no hicimos lo haremos\u201d, dijo el martes el presidente Fern\u00e1ndez durante un acto de lanzamiento de obras p\u00fablicas. \u201cNosotros valoramos mucho la democracia y por eso escuchamos la voz del pueblo y por eso no voy a esperar ni un d\u00eda para seguir trabajando\u201d.<\/p>\n<p>Para el analista Alberto Ramos, del banco de inversi\u00f3n Goldman Sachs &amp; Co, \u201clos resultados primarios adversos probablemente debiliten al presidente Alberto Fern\u00e1ndez y al ministro de Finanzas Mart\u00edn Guzm\u00e1n frente a la vicepresidenta Cristina Kirchner, m\u00e1s heterodoxa en cuanto a pol\u00edticas\u201d econ\u00f3micas.<\/p>\n<p>\u201cEs probable que el mercado tenga una visi\u00f3n netamente positiva de los resultados de las elecciones primarias, ya que aumentan la probabilidad de un cambio de r\u00e9gimen en (elecciones generales) 2023 y controles y contrapesos m\u00e1s efectivos hasta entonces; esto mitigado por el riesgo de pol\u00edticas a corto plazo m\u00e1s populistas\u201d, se\u00f1al\u00f3 el economista.<\/p>\n<p>Durante su presidencia de ocho a\u00f1os, Fern\u00e1ndez de Kirchner profundiz\u00f3 el gasto p\u00fablico durante las campa\u00f1as electorales. Pero a diferencia de aquel entonces, el margen de maniobra del actual gobierno peronista es m\u00e1s acotado por la gravedad de la crisis econ\u00f3mica; las negociaciones con el Fondo Monetario Internacional (FMI) por el pr\u00e9stamo de 45.000 millones de d\u00f3lares otorgado en 2018 y los pagos de la deuda con acreedores privados.<\/p>\n<p>La incertidumbre sobre el rumbo que tomar\u00e1 el gobierno empezar\u00e1 a develarse el pr\u00f3ximo jueves con el anuncio de nuevas medias econ\u00f3micas para atender \u201cla p\u00e9rdida de poder adquisitivo\u201d, confirm\u00f3 el candidato a diputado del oficialismo, Leandro Santoro.<\/p>\n<\/div>\n","protected":false},"excerpt":{"rendered":"<p>&nbsp; &#8211; Mientras el gobierno del presidente Alberto Fern\u00e1ndez se debate entre m\u00e1s populismo o por un rumbo ortodoxo tras la derrota del oficialismo en&hellip;<\/p>\n","protected":false},"author":99,"featured_media":499566,"comment_status":"open","ping_status":"open","sticky":false,"template":"","format":"standard","meta":{"footnotes":""},"categories":[23],"tags":[],"class_list":["post-499565","post","type-post","status-publish","format-standard","has-post-thumbnail","hentry","category-latinoamerica"],"_links":{"self":[{"href":"https:\/\/diarioelpopular.com\/index.php\/wp-json\/wp\/v2\/posts\/499565","targetHints":{"allow":["GET"]}}],"collection":[{"href":"https:\/\/diarioelpopular.com\/index.php\/wp-json\/wp\/v2\/posts"}],"about":[{"href":"https:\/\/diarioelpopular.com\/index.php\/wp-json\/wp\/v2\/types\/post"}],"author":[{"embeddable":true,"href":"https:\/\/diarioelpopular.com\/index.php\/wp-json\/wp\/v2\/users\/99"}],"replies":[{"embeddable":true,"href":"https:\/\/diarioelpopular.com\/index.php\/wp-json\/wp\/v2\/comments?post=499565"}],"version-history":[{"count":1,"href":"https:\/\/diarioelpopular.com\/index.php\/wp-json\/wp\/v2\/posts\/499565\/revisions"}],"predecessor-version":[{"id":499567,"href":"https:\/\/diarioelpopular.com\/index.php\/wp-json\/wp\/v2\/posts\/499565\/revisions\/499567"}],"wp:featuredmedia":[{"embeddable":true,"href":"https:\/\/diarioelpopular.com\/index.php\/wp-json\/wp\/v2\/media\/499566"}],"wp:attachment":[{"href":"https:\/\/diarioelpopular.com\/index.php\/wp-json\/wp\/v2\/media?parent=499565"}],"wp:term":[{"taxonomy":"category","embeddable":true,"href":"https:\/\/diarioelpopular.com\/index.php\/wp-json\/wp\/v2\/categories?post=499565"},{"taxonomy":"post_tag","embeddable":true,"href":"https:\/\/diarioelpopular.com\/index.php\/wp-json\/wp\/v2\/tags?post=499565"}],"curies":[{"name":"wp","href":"https:\/\/api.w.org\/{rel}","templated":true}]}}