{"id":499596,"date":"2021-09-18T10:20:50","date_gmt":"2021-09-18T14:20:50","guid":{"rendered":"https:\/\/diarioelpopular.com\/?p=499596"},"modified":"2021-09-18T10:20:50","modified_gmt":"2021-09-18T14:20:50","slug":"esto-es-lo-que-sucede-cuando-se-llama-a-una-eleccion-que-los-canadienses-no-quieren","status":"publish","type":"post","link":"https:\/\/diarioelpopular.com\/index.php\/2021\/09\/18\/esto-es-lo-que-sucede-cuando-se-llama-a-una-eleccion-que-los-canadienses-no-quieren\/","title":{"rendered":"Esto es lo que sucede cuando se llama a una elecci\u00f3n que los canadienses no quieren"},"content":{"rendered":"<p><img loading=\"lazy\" decoding=\"async\" class=\"alignnone size-custom-full-size wp-image-499597\" src=\"https:\/\/diarioelpopular.com\/wp-content\/uploads\/2021\/09\/Screen-Shot-2021-09-18-at-10.19.41-AM-636x290.png\" alt=\"\" width=\"636\" height=\"290\" srcset=\"https:\/\/diarioelpopular.com\/wp-content\/uploads\/2021\/09\/Screen-Shot-2021-09-18-at-10.19.41-AM-636x290.png 636w, https:\/\/diarioelpopular.com\/wp-content\/uploads\/2021\/09\/Screen-Shot-2021-09-18-at-10.19.41-AM-300x137.png 300w, https:\/\/diarioelpopular.com\/wp-content\/uploads\/2021\/09\/Screen-Shot-2021-09-18-at-10.19.41-AM-768x350.png 768w, https:\/\/diarioelpopular.com\/wp-content\/uploads\/2021\/09\/Screen-Shot-2021-09-18-at-10.19.41-AM-146x67.png 146w, https:\/\/diarioelpopular.com\/wp-content\/uploads\/2021\/09\/Screen-Shot-2021-09-18-at-10.19.41-AM.png 945w\" sizes=\"auto, (max-width: 636px) 100vw, 636px\" \/><\/p>\n<p><em><strong>El pasado 15 de agosto, el primer ministro Justin Trudeau visit\u00f3 a la reci\u00e9n nombrada gobernadora general Mary Simon para disolver el Parlamento y convocar elecciones anticipadas bajo la excusa que esta elecci\u00f3n permitir\u00eda a los canadienses opinar sobre qui\u00e9n deber\u00eda guiar a los canadienses para salir de la pandemia.<\/strong><\/em><\/p>\n<p>Por supuesto, el objetivo principal del primer ministro era aprovechar la oportunidad (percibida) de ganar un gobierno mayoritario. Ni la llegada de las elecciones ni los motivos del primer ministro sorprendieron a los canadienses. Pero el propio Trudeau parece sorprendido al enterarse de que los canadienses no quer\u00edan unas elecciones, lo que claramente est\u00e1 teniendo un impacto perjudicial en la suerte de los liberales en todas las encuestas.<\/p>\n<p>Hist\u00f3ricamente, los l\u00edderes conservadores suelen poseer la poco envidiable etiqueta de ser el l\u00edder que los canadienses creen que tiene una agenda oculta. Sin embargo, los canadienses dicen que esta vez es el l\u00edder liberal quien tiene sus motivos ocultos.<\/p>\n<p>Los liberales estaban en una posici\u00f3n fuerte de cara a las elecciones. Las calificaciones de aprobaci\u00f3n del desempe\u00f1o de Trudeau han sido s\u00f3lidas, inmediatamente despu\u00e9s del lanzamiento exitoso de la vacuna COVID-19 en Canad\u00e1. Adem\u00e1s, las encuestas de Ipsos a lo largo de 2021 han colocado a los liberales en el asiento del conductor, en un momento disfrutando de una ventaja de dos d\u00edgitos sobre los conservadores en segundo lugar en el voto popular nacional.<\/p>\n<p>A principios de verano, la brecha entre los partidos l\u00edderes se redujo a seis puntos. Si los liberales pudieran ganar una pluralidad de esca\u00f1os y formar un gobierno minoritario a pesar de haber perdido el voto popular ante los conservadores en 2019, entonces incluso una ventaja de seis puntos sobre los conservadores deber\u00eda darles una buena oportunidad de formar un gobierno mayoritario, \u00bfverdad?\u00a0Incorrecto.<\/p>\n<p>El gran error de c\u00e1lculo del Partido Liberal al creer que los canadienses estar\u00edan de acuerdo con una campa\u00f1a electoral en medio de la cuarta ola de la pandemia podr\u00e1 ser su ruina, o al menos, evitar que obtengan un mandato mayoritario.<\/p>\n<p>Al comienzo de la campa\u00f1a, el 56 por ciento de los canadienses dijo que no deber\u00edamos tener elecciones durante una pandemia. En ausencia de un argumento convincente de Trudeau que explique por qu\u00e9 es necesaria una elecci\u00f3n, la proporci\u00f3n de canadienses que sienten que no deber\u00edamos estar en una campa\u00f1a en este momento ha aumentado al 69 por ciento. Adem\u00e1s, uno de cada cuatro canadienses dice que no se siente seguro al votar en persona.<\/p>\n<p>Lo que agrava los desaf\u00edos del gobierno liberal es la ausencia de un problema de cu\u00f1a dominante. Los canadienses dicen que la pandemia, la asequibilidad, la econom\u00eda, la atenci\u00f3n m\u00e9dica, la vivienda y el cambio clim\u00e1tico se encuentran entre los problemas m\u00e1s importantes para ellos.<\/p>\n<p>El l\u00edder liberal Trudeau ha tratado de crear una brecha entre varios de estos, incluidos la atenci\u00f3n m\u00e9dica, el cambio clim\u00e1tico, el control de armas y los derechos al aborto, pero el l\u00edder del Partido Conservador Erin O&#8217;Toole ha evitado en gran medida la brecha al decir que apoya la salud. -sistema de atenci\u00f3n que tiene Canad\u00e1 actualmente, que cree en el cambio clim\u00e1tico y que est\u00e1 a favor del aborto. La cu\u00f1a de control de armas est\u00e1 funcionando un poco dentro de Quebec, evitando que los conservadores ganen demasiada tracci\u00f3n en la provincia de la belle.<\/p>\n<p>Por lo tanto, nos quedamos con una campa\u00f1a electoral sin un tema principal claro para impulsar la narrativa. Sin una brecha clave entre \u00e9l y O&#8217;Toole, Trudeau est\u00e1 respondiendo una vez m\u00e1s a lo que se ha convertido en una pregunta familiar en esta campa\u00f1a: \u00bfpor qu\u00e9 estamos teniendo elecciones? A trav\u00e9s de sus intenciones de voto cambiantes en comparaci\u00f3n con el inicio de la campa\u00f1a, los canadienses est\u00e1n indicando que una respuesta convincente sigue siendo dif\u00edcil de alcanzar.<\/p>\n<p>La elecci\u00f3n ha dado a los canadienses la oportunidad de ver m\u00e1s de cerca a los otros l\u00edderes del partido. Durante los \u00faltimos 18 meses, el primer ministro ha dominado las noticias, y con raz\u00f3n, ya que los canadienses se han unido a sus l\u00edderes durante estas dif\u00edciles circunstancias.<\/p>\n<p>Esto dej\u00f3 a O&#8217;Toole, al l\u00edder del NDP Jagmeet Singh y a los otros l\u00edderes luchando por el tiempo de transmisi\u00f3n. La campa\u00f1a ha puesto el foco en los l\u00edderes de la oposici\u00f3n, y a los canadienses les gusta lo que est\u00e1n viendo.<\/p>\n<p>Singh es visto como el m\u00e1s simp\u00e1tico de todos los l\u00edderes del partido, mientras que la percepci\u00f3n de O&#8217;Toole tambi\u00e9n est\u00e1 mejorando considerablemente, ya que muchos canadienses creen que \u00e9l no es el hombre malo que Trudeau est\u00e1 tratando de hacer ver.<\/p>\n<p>La s\u00f3lida ventaja que alguna vez disfrutaron los liberales se ha evaporado y tenemos una carrera de caballos en nuestras manos. Existe una buena posibilidad de que terminemos de nuevo donde comenzamos, con un gobierno de minor\u00eda liberal y m\u00e1s de $600 millones de d\u00f3lares de nuestros impuestos menos en las arcas del gobierno gracias a Trudeau.<\/p>\n<p>Este es probablemente el mejor escenario para los liberales. Y si ganan con un Parlamento que se parece mucho al anterior, es posible que Trudeau deba explicar una vez m\u00e1s a los canadienses por qu\u00e9 tuvimos elecciones. No es una posici\u00f3n envidiable para el inicio del pr\u00f3ximo mandato de uno.<\/p>\n","protected":false},"excerpt":{"rendered":"<p>El pasado 15 de agosto, el primer ministro Justin Trudeau visit\u00f3 a la reci\u00e9n nombrada gobernadora general Mary Simon para disolver el Parlamento y convocar&hellip;<\/p>\n","protected":false},"author":99,"featured_media":499597,"comment_status":"open","ping_status":"open","sticky":false,"template":"","format":"standard","meta":{"footnotes":""},"categories":[21,11191],"tags":[],"class_list":["post-499596","post","type-post","status-publish","format-standard","has-post-thumbnail","hentry","category-canada","category-top-news"],"_links":{"self":[{"href":"https:\/\/diarioelpopular.com\/index.php\/wp-json\/wp\/v2\/posts\/499596","targetHints":{"allow":["GET"]}}],"collection":[{"href":"https:\/\/diarioelpopular.com\/index.php\/wp-json\/wp\/v2\/posts"}],"about":[{"href":"https:\/\/diarioelpopular.com\/index.php\/wp-json\/wp\/v2\/types\/post"}],"author":[{"embeddable":true,"href":"https:\/\/diarioelpopular.com\/index.php\/wp-json\/wp\/v2\/users\/99"}],"replies":[{"embeddable":true,"href":"https:\/\/diarioelpopular.com\/index.php\/wp-json\/wp\/v2\/comments?post=499596"}],"version-history":[{"count":1,"href":"https:\/\/diarioelpopular.com\/index.php\/wp-json\/wp\/v2\/posts\/499596\/revisions"}],"predecessor-version":[{"id":499598,"href":"https:\/\/diarioelpopular.com\/index.php\/wp-json\/wp\/v2\/posts\/499596\/revisions\/499598"}],"wp:featuredmedia":[{"embeddable":true,"href":"https:\/\/diarioelpopular.com\/index.php\/wp-json\/wp\/v2\/media\/499597"}],"wp:attachment":[{"href":"https:\/\/diarioelpopular.com\/index.php\/wp-json\/wp\/v2\/media?parent=499596"}],"wp:term":[{"taxonomy":"category","embeddable":true,"href":"https:\/\/diarioelpopular.com\/index.php\/wp-json\/wp\/v2\/categories?post=499596"},{"taxonomy":"post_tag","embeddable":true,"href":"https:\/\/diarioelpopular.com\/index.php\/wp-json\/wp\/v2\/tags?post=499596"}],"curies":[{"name":"wp","href":"https:\/\/api.w.org\/{rel}","templated":true}]}}