{"id":499606,"date":"2021-09-20T09:26:33","date_gmt":"2021-09-20T13:26:33","guid":{"rendered":"https:\/\/diarioelpopular.com\/?p=499606"},"modified":"2021-09-20T09:26:33","modified_gmt":"2021-09-20T13:26:33","slug":"argentina-un-nuevo-gabinete-despoblado-de-mujeres","status":"publish","type":"post","link":"https:\/\/diarioelpopular.com\/index.php\/2021\/09\/20\/argentina-un-nuevo-gabinete-despoblado-de-mujeres\/","title":{"rendered":"Argentina: Un nuevo gabinete despoblado de mujeres"},"content":{"rendered":"<div id=\"attachment_499607\" style=\"width: 646px\" class=\"wp-caption alignnone\"><img loading=\"lazy\" decoding=\"async\" aria-describedby=\"caption-attachment-499607\" class=\"size-custom-full-size wp-image-499607\" src=\"https:\/\/diarioelpopular.com\/wp-content\/uploads\/2021\/09\/51d3cdc0b6250d52d2dbdb889b278f83-636x423.jpg\" alt=\"\" width=\"636\" height=\"423\" srcset=\"https:\/\/diarioelpopular.com\/wp-content\/uploads\/2021\/09\/51d3cdc0b6250d52d2dbdb889b278f83-636x423.jpg 636w, https:\/\/diarioelpopular.com\/wp-content\/uploads\/2021\/09\/51d3cdc0b6250d52d2dbdb889b278f83-300x200.jpg 300w, https:\/\/diarioelpopular.com\/wp-content\/uploads\/2021\/09\/51d3cdc0b6250d52d2dbdb889b278f83-768x511.jpg 768w, https:\/\/diarioelpopular.com\/wp-content\/uploads\/2021\/09\/51d3cdc0b6250d52d2dbdb889b278f83-110x73.jpg 110w, https:\/\/diarioelpopular.com\/wp-content\/uploads\/2021\/09\/51d3cdc0b6250d52d2dbdb889b278f83.jpg 945w\" sizes=\"auto, (max-width: 636px) 100vw, 636px\" \/><p id=\"caption-attachment-499607\" class=\"wp-caption-text\"><em>El presidente argentino, Alberto Fern\u00e1ndez, y un gesto afectuoso hacia la ministra de Mujeres, G\u00e9neros y Diversidad, Elizabeth G\u00f3mez Alcorta (foto: ANSA)<\/em><\/p><\/div>\n<h4><em><strong>M\u00e1s de 90% de ministros en equipo del presidente. Cr\u00edticas llueven<\/strong><\/em><\/h4>\n<p><em><strong>BUENOS AIRES 19 SEPT &#8211;<\/strong> <\/em>La crisis pol\u00edtica que a\u00fan agita a la Argentina, con una fiera pugna dentro de la coalici\u00f3n gobernante, deriv\u00f3 en varios cambios en el gabinete decididos por el presidente Alberto Fern\u00e1ndez, que ya le est\u00e1 causando problemas porque ahora solo cuenta con dos ministras y un 90% de presencia masculina.<br \/>\nVarias organizaciones y referentes feministas est\u00e1n cuestionando al gobierno peronista (centroizquierda) por alejarse de algo que dijo defender: la igualdad de g\u00e9nero.<br \/>\nLos nuevos designados son todos varones y encabezar\u00e1n cinco ministerios clave, entre ellos la secretar\u00eda de Prensa y Comunicaci\u00f3n y la Jefatura de Gabinete (ministro de coordinaci\u00f3n).<br \/>\nTras el anuncio de los ministros, las redes sociales se inundaron de cr\u00edticas objetando el organigrama ministerial, que quedar\u00e1 integrado con m\u00e1s del 90 por ciento de presencias masculinas, inform\u00f3 hoy P\u00e1gina 12.<br \/>\nAntes de la transformaci\u00f3n, las ministras ya eran minor\u00eda en el Gabinete, pero con este cambio se pierde incluso una m\u00e1s, ya que Sabina Frederic ser\u00e1 reemplazada por An\u00edbal Fern\u00e1ndez en Seguridad.<br \/>\nAs\u00ed, mientras que al comienzo del gobierno de Fern\u00e1ndez -en diciembre de 2019- hab\u00eda cuatro mujeres sobre 21 ministerios, tras la derrota electoral y los cambios ese n\u00famero qued\u00f3 reducido a la mitad.<br \/>\nYa se hab\u00eda reemplazado por hombres a Mar\u00eda Eugenia Bielsa en el ministerio de Desarrollo Territorial y H\u00e1bitat y a Marcela Losardo en Justicia y Derechos Humanos.<br \/>\nLa \u00fanica que entr\u00f3 por un var\u00f3n, meses atr\u00e1s, fue Carla Vizzotti, quien ocup\u00f3 el lugar de Gin\u00e9s Gonz\u00e1lez Garc\u00eda cuando este renunci\u00f3 como ministro de Salud a principios de este a\u00f1o.<br \/>\nLa otra mujer ministra a nivel nacional en Argentina es Elizabeth G\u00f3mez Alcorta, al frente de la cartera Mujeres, G\u00e9neros y Diversidad.<br \/>\nLas cr\u00edticas tambi\u00e9n apuntan a la designaci\u00f3n de Juan Manzur, quien ma\u00f1ana jurar\u00e1 como Jefe de Gabinete de Ministros y que es objetado por su postura contraria al derecho al aborto.<br \/>\nLa agrupaci\u00f3n Actrices Argentinas public\u00f3 un duro comunicado en el que mostraron su &#8220;repudio&#8221; y &#8220;enorme preocupaci\u00f3n&#8221; ante este nombramiento y exigieron al Estado &#8220;que se garanticen los derechos conquistados por mujeres y diversidades&#8221;.<br \/>\nAl cruce de la arremetida ontra el gobierno, emergi\u00f3 la voz de la diputada Gabriela Cerruti (Unidad Ciudadana, oficialista), quien record\u00f3 que gracias a la lucha popular en esta gesti\u00f3n se consiguieron la ley de interrupci\u00f3n voluntaria del embarazo, la ley de cupo travesti trans y la de equidad en los medios de comunicaci\u00f3n, entre otras.<br \/>\nAnte tantos cuestionamientos y la agitaci\u00f3n feminista en redes sociales, ayer el presidente recibi\u00f3 en Olivos a la ministra G\u00f3mez Alcorta para darle explicaciones.<br \/>\nTras eso, la funcionaria escribi\u00f3 en las redes sociales que el presidente reafirm\u00f3 su &#8220;compromiso irrevocable e ineludible con las pol\u00edticas de g\u00e9nero y diversidad&#8221; y cont\u00f3 que le prometi\u00f3 que revertir\u00e1 la notoria desigualdad en su equipo de gesti\u00f3n.<br \/>\nFern\u00e1ndez le encomend\u00f3 que avanzara &#8220;hoy mismo&#8221; en la redacci\u00f3n de un decreto que promueva la igualdad de g\u00e9nero en las designaciones de funcionarias y funcionarios de los ministerios del Poder Ejecutivo Nacional, adelant\u00f3 P\u00e1gina 12.<br \/>\nDe concretarse, ser\u00eda una medida hist\u00f3rica y significativa, en un pa\u00eds donde las mujeres defienden a viva voz su derecho a la igualdad.<\/p>\n","protected":false},"excerpt":{"rendered":"<p>M\u00e1s de 90% de ministros en equipo del presidente. Cr\u00edticas llueven BUENOS AIRES 19 SEPT &#8211; La crisis pol\u00edtica que a\u00fan agita a la Argentina,&hellip;<\/p>\n","protected":false},"author":99,"featured_media":499607,"comment_status":"open","ping_status":"open","sticky":false,"template":"","format":"standard","meta":{"footnotes":""},"categories":[23],"tags":[],"class_list":["post-499606","post","type-post","status-publish","format-standard","has-post-thumbnail","hentry","category-latinoamerica"],"_links":{"self":[{"href":"https:\/\/diarioelpopular.com\/index.php\/wp-json\/wp\/v2\/posts\/499606","targetHints":{"allow":["GET"]}}],"collection":[{"href":"https:\/\/diarioelpopular.com\/index.php\/wp-json\/wp\/v2\/posts"}],"about":[{"href":"https:\/\/diarioelpopular.com\/index.php\/wp-json\/wp\/v2\/types\/post"}],"author":[{"embeddable":true,"href":"https:\/\/diarioelpopular.com\/index.php\/wp-json\/wp\/v2\/users\/99"}],"replies":[{"embeddable":true,"href":"https:\/\/diarioelpopular.com\/index.php\/wp-json\/wp\/v2\/comments?post=499606"}],"version-history":[{"count":1,"href":"https:\/\/diarioelpopular.com\/index.php\/wp-json\/wp\/v2\/posts\/499606\/revisions"}],"predecessor-version":[{"id":499608,"href":"https:\/\/diarioelpopular.com\/index.php\/wp-json\/wp\/v2\/posts\/499606\/revisions\/499608"}],"wp:featuredmedia":[{"embeddable":true,"href":"https:\/\/diarioelpopular.com\/index.php\/wp-json\/wp\/v2\/media\/499607"}],"wp:attachment":[{"href":"https:\/\/diarioelpopular.com\/index.php\/wp-json\/wp\/v2\/media?parent=499606"}],"wp:term":[{"taxonomy":"category","embeddable":true,"href":"https:\/\/diarioelpopular.com\/index.php\/wp-json\/wp\/v2\/categories?post=499606"},{"taxonomy":"post_tag","embeddable":true,"href":"https:\/\/diarioelpopular.com\/index.php\/wp-json\/wp\/v2\/tags?post=499606"}],"curies":[{"name":"wp","href":"https:\/\/api.w.org\/{rel}","templated":true}]}}