{"id":499621,"date":"2021-09-21T09:31:03","date_gmt":"2021-09-21T13:31:03","guid":{"rendered":"https:\/\/diarioelpopular.com\/?p=499621"},"modified":"2021-09-21T09:31:03","modified_gmt":"2021-09-21T13:31:03","slug":"colombia-ivan-duque-cada-vez-con-menos-apoyo","status":"publish","type":"post","link":"https:\/\/diarioelpopular.com\/index.php\/2021\/09\/21\/colombia-ivan-duque-cada-vez-con-menos-apoyo\/","title":{"rendered":"Colombia: Iv\u00e1n Duque cada vez con menos apoyo"},"content":{"rendered":"<div id=\"attachment_499622\" style=\"width: 646px\" class=\"wp-caption alignnone\"><img loading=\"lazy\" decoding=\"async\" aria-describedby=\"caption-attachment-499622\" class=\"size-custom-full-size wp-image-499622\" src=\"https:\/\/diarioelpopular.com\/wp-content\/uploads\/2021\/09\/8178856bcb5da4ea3f6a09907ec1367a-1-636x413.jpg\" alt=\"\" width=\"636\" height=\"413\" srcset=\"https:\/\/diarioelpopular.com\/wp-content\/uploads\/2021\/09\/8178856bcb5da4ea3f6a09907ec1367a-1-636x413.jpg 636w, https:\/\/diarioelpopular.com\/wp-content\/uploads\/2021\/09\/8178856bcb5da4ea3f6a09907ec1367a-1-300x195.jpg 300w, https:\/\/diarioelpopular.com\/wp-content\/uploads\/2021\/09\/8178856bcb5da4ea3f6a09907ec1367a-1-768x498.jpg 768w, https:\/\/diarioelpopular.com\/wp-content\/uploads\/2021\/09\/8178856bcb5da4ea3f6a09907ec1367a-1-85x55.jpg 85w, https:\/\/diarioelpopular.com\/wp-content\/uploads\/2021\/09\/8178856bcb5da4ea3f6a09907ec1367a-1-113x73.jpg 113w, https:\/\/diarioelpopular.com\/wp-content\/uploads\/2021\/09\/8178856bcb5da4ea3f6a09907ec1367a-1.jpg 945w\" sizes=\"auto, (max-width: 636px) 100vw, 636px\" \/><p id=\"caption-attachment-499622\" class=\"wp-caption-text\"><em>Iv\u00e1n Duque cada vez con menos aceptaci\u00f3n<\/em><\/p><\/div>\n<h4><em><strong>Colombianos todav\u00eda no saben por qui\u00e9n votar en presidenciales<\/strong><\/em><\/h4>\n<p><em><strong>BOGOTA 21 SEPT &#8211;<\/strong> <\/em>Cuando restan ocho meses para elegir a un nuevo mandatario en Colombia, la imagen del actual presidente, Iv\u00e1n Duque, lleg\u00f3 a su peor nivel al situarse en el 71% y con solo el 27% de aceptaci\u00f3n, de acuerdo con una encuesta divulgada este lunes.<br \/>\nEl sondeo lo realiz\u00f3 la firma privada Cifras y Conceptos, entre el 3 y el 16 de septiembre, mediante 2231 encuestas personales en seis ciudades del pa\u00eds, incluida Bogot\u00e1, y con un margen de error del 3,4%.<br \/>\nEn la medici\u00f3n anterior, de abril pasado, la imagen del jefe de Estado hab\u00eda llegada al 65%, hasta ese momento la peor calificaci\u00f3n en sus tres a\u00f1os de gobierno, de acuerdo a los estudios hechos durante ese periodo por la firma encuestadora.<br \/>\nLa de hoy &#8220;es la peor medici\u00f3n del presidente Duque desde que es Presidente&#8221;, puntualiz\u00f3 C\u00e9sar Caballero, director de Cifras y Conceptos, al se\u00f1alar que su sondeo coincide con los hechos por otras firmas donde la mala imagen del mandatario sigue en aumento.<br \/>\nA ser consultados, los colombianos manifestaron que donde peor le va al mandatario en cuanto a su gesti\u00f3n era en la lucha contra la corrupci\u00f3n con 69%, seguida de la falta de justicia y la reducci\u00f3n de la pobreza con el 66%.<br \/>\nDisminuir el desempleo (65%), mejorar los servicios de salud (64%), combatir a la delincuencia (64%) y luchar contra el narcotr\u00e1fico (63%) fueron otros de los aspectos de la gesti\u00f3n de Duque que fueron criticados.<br \/>\n&#8220;La explicaci\u00f3n es que el Presidente lo est\u00e1 haciendo, en la percepci\u00f3n de los ciudadanos, muy mal en todos los frentes&#8221;, agreg\u00f3 Caballero.<br \/>\nLa imagen negativa de la vicepresidenta, Marta Luc\u00eda Ram\u00edrez, tambi\u00e9n creci\u00f3 en la medici\u00f3n al situarse en el 74% cuando era del 65% en abril pasado.<br \/>\nLa debacle en la imagen del gobierno tambi\u00e9n est\u00e1 dejando en claro, seg\u00fan Caballero, que los colombianos no quieren que el pr\u00f3ximo mandatario sea o encarne la continuidad de las pol\u00edticas de la actual administraci\u00f3n y estar\u00edan abiertos a un cambio.<br \/>\nSin embargo, el 77% de los consultados respondi\u00f3 que a\u00fan no decidi\u00f3 por qui\u00e9n votar\u00e1 en las elecciones presidenciales de mayo del 2022, mientras que el 91% todav\u00eda no se decidi\u00f3 por los candidatos al Senado.<br \/>\nLo que s\u00ed est\u00e1 claro para los electores que el pr\u00f3ximo a\u00f1o ir\u00e1n a las urnas es que quieren que el pr\u00f3ximo jefe de Estado sepa de econom\u00eda (88%), que sea sensible a los temas sociales (86%), que sea un &#8220;l\u00edder social&#8221; (83%), que plante\u00e9 un cambio al actual gobierno (82%) y que sea un acad\u00e9mico (81%).<br \/>\nFinalmente, la encuesta pregunt\u00f3 por la ideolog\u00eda de los consultados, en ese sentido el 71% dijo ser de centro en el espectro pol\u00edtico, el 17% se manifest\u00f3 de izquierda y el 12% de derecha.<\/p>\n","protected":false},"excerpt":{"rendered":"<p>Colombianos todav\u00eda no saben por qui\u00e9n votar en presidenciales BOGOTA 21 SEPT &#8211; Cuando restan ocho meses para elegir a un nuevo mandatario en Colombia,&hellip;<\/p>\n","protected":false},"author":99,"featured_media":499622,"comment_status":"open","ping_status":"open","sticky":false,"template":"","format":"standard","meta":{"footnotes":""},"categories":[23],"tags":[],"class_list":["post-499621","post","type-post","status-publish","format-standard","has-post-thumbnail","hentry","category-latinoamerica"],"_links":{"self":[{"href":"https:\/\/diarioelpopular.com\/index.php\/wp-json\/wp\/v2\/posts\/499621","targetHints":{"allow":["GET"]}}],"collection":[{"href":"https:\/\/diarioelpopular.com\/index.php\/wp-json\/wp\/v2\/posts"}],"about":[{"href":"https:\/\/diarioelpopular.com\/index.php\/wp-json\/wp\/v2\/types\/post"}],"author":[{"embeddable":true,"href":"https:\/\/diarioelpopular.com\/index.php\/wp-json\/wp\/v2\/users\/99"}],"replies":[{"embeddable":true,"href":"https:\/\/diarioelpopular.com\/index.php\/wp-json\/wp\/v2\/comments?post=499621"}],"version-history":[{"count":1,"href":"https:\/\/diarioelpopular.com\/index.php\/wp-json\/wp\/v2\/posts\/499621\/revisions"}],"predecessor-version":[{"id":499623,"href":"https:\/\/diarioelpopular.com\/index.php\/wp-json\/wp\/v2\/posts\/499621\/revisions\/499623"}],"wp:featuredmedia":[{"embeddable":true,"href":"https:\/\/diarioelpopular.com\/index.php\/wp-json\/wp\/v2\/media\/499622"}],"wp:attachment":[{"href":"https:\/\/diarioelpopular.com\/index.php\/wp-json\/wp\/v2\/media?parent=499621"}],"wp:term":[{"taxonomy":"category","embeddable":true,"href":"https:\/\/diarioelpopular.com\/index.php\/wp-json\/wp\/v2\/categories?post=499621"},{"taxonomy":"post_tag","embeddable":true,"href":"https:\/\/diarioelpopular.com\/index.php\/wp-json\/wp\/v2\/tags?post=499621"}],"curies":[{"name":"wp","href":"https:\/\/api.w.org\/{rel}","templated":true}]}}