{"id":499624,"date":"2021-09-21T09:35:21","date_gmt":"2021-09-21T13:35:21","guid":{"rendered":"https:\/\/diarioelpopular.com\/?p=499624"},"modified":"2021-09-21T09:35:21","modified_gmt":"2021-09-21T13:35:21","slug":"argentina-tras-la-crisis-politica-un-shock-economico","status":"publish","type":"post","link":"https:\/\/diarioelpopular.com\/index.php\/2021\/09\/21\/argentina-tras-la-crisis-politica-un-shock-economico\/","title":{"rendered":"Argentina: Tras la crisis pol\u00edtica, un shock econ\u00f3mico"},"content":{"rendered":"<div id=\"attachment_499625\" style=\"width: 646px\" class=\"wp-caption alignnone\"><img loading=\"lazy\" decoding=\"async\" aria-describedby=\"caption-attachment-499625\" class=\"size-custom-full-size wp-image-499625\" src=\"https:\/\/diarioelpopular.com\/wp-content\/uploads\/2021\/09\/6256066201f37450c401dd34cc0a13f2-636x423.jpg\" alt=\"\" width=\"636\" height=\"423\" srcset=\"https:\/\/diarioelpopular.com\/wp-content\/uploads\/2021\/09\/6256066201f37450c401dd34cc0a13f2-636x423.jpg 636w, https:\/\/diarioelpopular.com\/wp-content\/uploads\/2021\/09\/6256066201f37450c401dd34cc0a13f2-300x200.jpg 300w, https:\/\/diarioelpopular.com\/wp-content\/uploads\/2021\/09\/6256066201f37450c401dd34cc0a13f2-768x511.jpg 768w, https:\/\/diarioelpopular.com\/wp-content\/uploads\/2021\/09\/6256066201f37450c401dd34cc0a13f2-110x73.jpg 110w, https:\/\/diarioelpopular.com\/wp-content\/uploads\/2021\/09\/6256066201f37450c401dd34cc0a13f2.jpg 945w\" sizes=\"auto, (max-width: 636px) 100vw, 636px\" \/><p id=\"caption-attachment-499625\" class=\"wp-caption-text\"><em>El presidente argentino Alberto Fern\u00e1ndez (derecha), la vicepresidente Cristina Fern\u00e1ndez de Kichner (centro) y el ministro de Econom\u00eda, Mart\u00edn Guzm\u00e1n (izquierda)<\/em><br \/><em>(foto: ANSA)<\/em><\/p><\/div>\n<h4><em><strong>Medidas de alivio ante colapso, incentivos al consumo<\/strong><\/em><\/h4>\n<p><em><strong>BUENOS AIRES 21 SEPT &#8211;<\/strong><\/em> Tras la crisis pol\u00edtica desatada en Argentina por la brutal derrota del oficialismo en las internas abiertas simult\u00e1neas (PASO) para las legislativas de noviembre, juraron este lunes los nuevos ministros del remozado gabinete del presidente Alberto Fern\u00e1ndez y se apura un paquete de medidas econ\u00f3micas de impacto en el consumo.<br \/>\nEl gobierno peronista (centroizquierda) busca poner dinero en los bolsillos de la gente e incentivar el consumo en una econom\u00eda que ven\u00eda deteriorada y que la pandemia termin\u00f3 de hundir a\u00fan m\u00e1s.<br \/>\nArgentina soporta elevados \u00edndices de pobreza (42%) y de desempleo (10%), y, adem\u00e1s, suma una de las tasas de inflaci\u00f3n m\u00e1s altas del mundo (32% de enero-agosto) con una gran p\u00e9rdida del poder adquisitivo del salario.<br \/>\nAdem\u00e1s, este 22 de septiembre, debe pagar al FMI un vencimiento de capital por 1.900 millones de d\u00f3lares y en diciembre otro por el mismo monto. La deuda total con el Fondo llega a 44 mil millones de d\u00f3lares y est\u00e1 en un arduo proceso de renegociaci\u00f3n.<br \/>\nEn ese contexto, en las pr\u00f3ximas horas y tras la jura de los nuevos ministros, el Gobierno lanzar\u00e1 una bater\u00eda de medidas con el objetivo de &#8220;fortalecer los ingresos&#8221;.<br \/>\nSeg\u00fan adelantos de la prensa, incluir\u00e1 la suba del salario m\u00ednimo vital y m\u00f3vil (se presume un 46%), sumar\u00e1 un bono (subsidio) para los trabajadores informales y los jubilados, un programa para ampliar el empleo y reconvertir planes sociales en trabajo, cr\u00e9ditos no bancarios para proyectos productivos de la econom\u00eda popular, quita de la tasa a salarios altos y ampliaci\u00f3n de la obra p\u00fablica.<br \/>\nEl paquete ser\u00eda de al menos medio punto del PBI, estima la consultora Equilibra, seg\u00fan public\u00f3 hoy el peri\u00f3dico Ambito, especializado en temas financieros.<br \/>\n&#8220;Las medidas se van a tomar escalonadamente, para que haya un shock de consumo entre los sectores m\u00e1s postergados y de momento no se esperan m\u00e1s cambios en el Gabinete&#8221;, dijo a P\u00e1gina 12 una fuente de la Presidencia.<br \/>\nEl objetivo principal de dise\u00f1o del plan del ministerio de Econom\u00eda -lo encabeza Mart\u00edn Guzm\u00e1n, quien &#8220;sobrevivi\u00f3&#8221; a los despidos de ministros- es &#8220;fortalecer ingresos&#8221;, sobre todo en los trabajadores informales, que se desempe\u00f1an en sectores donde todav\u00eda no hubo ning\u00fan tipo de reactivaci\u00f3n.<br \/>\nTambi\u00e9n buscar\u00e1 llegar a los asalariados que aun teniendo trabajo &#8220;rozan&#8221; la l\u00ednea de pobreza.<br \/>\nEl gobierno lee el mensaje de las urnas -una derrota de una magnitud jam\u00e1s sufrida por el peronismo- como un enojo de la ciudadan\u00eda sobre todo por la delicada situaci\u00f3n econ\u00f3mica.<br \/>\nLas medidas tambi\u00e9n indican que el ratificado gabinete econ\u00f3mico acepta la dura cr\u00edtica de la vicepresidenta Cristina Fern\u00e1ndez de Kirchner de &#8220;atraso salarial y aceleraci\u00f3n de precios&#8221;.<br \/>\nLa exmandataria, tras la derrota electoral, puso con sus objeciones en una carta p\u00fablica a la coalici\u00f3n gobernante al borde de un quiebre y dispar\u00f3 los cambios en el gabinete.<br \/>\nNo obstante, se\u00f1al\u00f3 Ambito, la idea de &#8220;ajuste econ\u00f3mico&#8221; est\u00e1 descartada pese a que el gasto creci\u00f3 este a\u00f1o 12% en t\u00e9rminos reales contra 2020, con una feroz emisi\u00f3n monetaria.<br \/>\n&#8220;Lo que el pueblo necesita es tener dinero en el bolsillo, que le alcance, que le den su salario, que cumplamos las promesas que le hicimos al pueblo&#8221;, enfatiz\u00f3 la senadora oficialista Juliana Di Tullio, cercana a la vicepresidenta Kirchner.<\/p>\n","protected":false},"excerpt":{"rendered":"<p>Medidas de alivio ante colapso, incentivos al consumo BUENOS AIRES 21 SEPT &#8211; Tras la crisis pol\u00edtica desatada en Argentina por la brutal derrota del&hellip;<\/p>\n","protected":false},"author":99,"featured_media":499625,"comment_status":"open","ping_status":"open","sticky":false,"template":"","format":"standard","meta":{"footnotes":""},"categories":[23],"tags":[],"class_list":["post-499624","post","type-post","status-publish","format-standard","has-post-thumbnail","hentry","category-latinoamerica"],"_links":{"self":[{"href":"https:\/\/diarioelpopular.com\/index.php\/wp-json\/wp\/v2\/posts\/499624","targetHints":{"allow":["GET"]}}],"collection":[{"href":"https:\/\/diarioelpopular.com\/index.php\/wp-json\/wp\/v2\/posts"}],"about":[{"href":"https:\/\/diarioelpopular.com\/index.php\/wp-json\/wp\/v2\/types\/post"}],"author":[{"embeddable":true,"href":"https:\/\/diarioelpopular.com\/index.php\/wp-json\/wp\/v2\/users\/99"}],"replies":[{"embeddable":true,"href":"https:\/\/diarioelpopular.com\/index.php\/wp-json\/wp\/v2\/comments?post=499624"}],"version-history":[{"count":1,"href":"https:\/\/diarioelpopular.com\/index.php\/wp-json\/wp\/v2\/posts\/499624\/revisions"}],"predecessor-version":[{"id":499626,"href":"https:\/\/diarioelpopular.com\/index.php\/wp-json\/wp\/v2\/posts\/499624\/revisions\/499626"}],"wp:featuredmedia":[{"embeddable":true,"href":"https:\/\/diarioelpopular.com\/index.php\/wp-json\/wp\/v2\/media\/499625"}],"wp:attachment":[{"href":"https:\/\/diarioelpopular.com\/index.php\/wp-json\/wp\/v2\/media?parent=499624"}],"wp:term":[{"taxonomy":"category","embeddable":true,"href":"https:\/\/diarioelpopular.com\/index.php\/wp-json\/wp\/v2\/categories?post=499624"},{"taxonomy":"post_tag","embeddable":true,"href":"https:\/\/diarioelpopular.com\/index.php\/wp-json\/wp\/v2\/tags?post=499624"}],"curies":[{"name":"wp","href":"https:\/\/api.w.org\/{rel}","templated":true}]}}