{"id":499663,"date":"2021-09-27T09:12:09","date_gmt":"2021-09-27T13:12:09","guid":{"rendered":"https:\/\/diarioelpopular.com\/?p=499663"},"modified":"2021-09-27T09:12:09","modified_gmt":"2021-09-27T13:12:09","slug":"los-canadienses-vacunados-y-no-vacunados-tienen-relaciones-muy-negativas-encuesta","status":"publish","type":"post","link":"https:\/\/diarioelpopular.com\/index.php\/2021\/09\/27\/los-canadienses-vacunados-y-no-vacunados-tienen-relaciones-muy-negativas-encuesta\/","title":{"rendered":"Los canadienses vacunados y no vacunados tienen relaciones muy negativas: encuesta"},"content":{"rendered":"<p><img loading=\"lazy\" decoding=\"async\" class=\"alignnone size-custom-full-size wp-image-499664\" src=\"https:\/\/diarioelpopular.com\/wp-content\/uploads\/2021\/09\/imgres-6-636x334.jpg\" alt=\"\" width=\"636\" height=\"334\" srcset=\"https:\/\/diarioelpopular.com\/wp-content\/uploads\/2021\/09\/imgres-6-636x334.jpg 636w, https:\/\/diarioelpopular.com\/wp-content\/uploads\/2021\/09\/imgres-6-300x158.jpg 300w, https:\/\/diarioelpopular.com\/wp-content\/uploads\/2021\/09\/imgres-6-768x404.jpg 768w, https:\/\/diarioelpopular.com\/wp-content\/uploads\/2021\/09\/imgres-6-139x73.jpg 139w, https:\/\/diarioelpopular.com\/wp-content\/uploads\/2021\/09\/imgres-6.jpg 945w\" sizes=\"auto, (max-width: 636px) 100vw, 636px\" \/><\/p>\n<h4><em><strong>Una nueva encuesta sugiere que las tensiones sobre las vacunas COVID-19 en Canad\u00e1 son altas a medida que aumentan las fricciones entre los que est\u00e1n vacunados contra el virus y los que no.<\/strong><\/em><\/h4>\n<p><em><strong>OTTAWA.-<\/strong> <\/em>La encuesta Leger, realizada para la Asociaci\u00f3n de Estudios Canadienses, encontr\u00f3 que m\u00e1s de tres de cada cuatro encuestados tienen opiniones negativas sobre quienes no est\u00e1n inmunizados.<\/p>\n<p>El presidente de la asociaci\u00f3n, Jack Jedwab, dice que las relaciones entre los canadienses vacunados y no vacunados tambi\u00e9n son vistas negativamente por dos de cada tres participantes de la encuesta.<\/p>\n<p>La encuesta en l\u00ednea encuest\u00f3 a 1.549 canadienses entre el 10 y el 12 de septiembre.<\/p>\n<p>No se puede asignar un margen de error a las encuestas en l\u00ednea, ya que no se consideran muestras verdaderamente aleatorias de la poblaci\u00f3n.<\/p>\n<p>La encuesta encontr\u00f3 que las personas vacunadas consideran a los no vacunados como irresponsables y ego\u00edstas, un punto de vista cuestionado por aquellos que no est\u00e1n inmunizados.<\/p>\n<p>Algunos miembros de este \u00faltimo grupo han realizado manifestaciones frente a hospitales y escuelas en las \u00faltimas semanas para protestar contra los pasaportes de vacunas y otras medidas de salud p\u00fablica.<\/p>\n<p>\u201cDir\u00eda que hay un alto nivel de antipat\u00eda o animosidad hacia las personas que no est\u00e1n vacunadas en este momento\u201d, dijo Jedwab. \u201cLo que est\u00e1 viendo es la tensi\u00f3n que se desarrolla entre familiares y amigos, compa\u00f1eros de trabajo, donde hay relaciones entre personas vacunadas y no vacunadas\u201d.<\/p>\n<p>La situaci\u00f3n crea fricciones y es persistente, agreg\u00f3.<\/p>\n<p>Los resultados de la encuesta, se\u00f1al\u00f3, tambi\u00e9n sugieren que las tensiones entre los canadienses vacunados y no vacunados est\u00e1n a la par con algunos de los otros problemas sociales, raciales y culturales que dividen a la poblaci\u00f3n.<\/p>\n<p>\u201cMi sensaci\u00f3n es que muchos sentimientos negativos que la gente siente hacia ciertos grupos est\u00e1n siendo desplazados por su sentimiento de antipat\u00eda hacia las personas que no est\u00e1n vacunadas\u201d, dijo.<\/p>\n<p>Jedwab dijo que la encuesta tambi\u00e9n encontr\u00f3 divisiones entre las personas que no est\u00e1n inmunizadas, y que aproximadamente uno de cada cuatro encuestados no vacunados tiene opiniones negativas hacia otras personas con el mismo estado de vacunaci\u00f3n.<\/p>\n<p>Los hallazgos de la encuesta sugieren que las personas no vacunadas justifican personalmente sus razones para no estar inmunizadas, pero rechazar\u00e1n la decisi\u00f3n de otros de seguir el mismo curso, dijo Jedwab.<\/p>\n<p>Una encuesta anterior de la asociaci\u00f3n sugiri\u00f3 que los canadienses no vacunados est\u00e1n m\u00e1s preocupados por recibir la vacuna que por contraer COVID-19, y la mayor\u00eda de los canadienses se negar\u00edan a permitir que adultos no vacunados ingresen a sus hogares.<\/p>\n<p>Jedwab dijo que esperaba que las tensiones entre los vacunados y los no vacunados aumentaran a\u00fan m\u00e1s a medida que los gobiernos y los empleadores contin\u00faan presionando para que m\u00e1s personas se vacunen.<\/p>\n","protected":false},"excerpt":{"rendered":"<p>Una nueva encuesta sugiere que las tensiones sobre las vacunas COVID-19 en Canad\u00e1 son altas a medida que aumentan las fricciones entre los que est\u00e1n&hellip;<\/p>\n","protected":false},"author":99,"featured_media":499664,"comment_status":"open","ping_status":"open","sticky":false,"template":"","format":"standard","meta":{"footnotes":""},"categories":[21,11191],"tags":[],"class_list":["post-499663","post","type-post","status-publish","format-standard","has-post-thumbnail","hentry","category-canada","category-top-news"],"_links":{"self":[{"href":"https:\/\/diarioelpopular.com\/index.php\/wp-json\/wp\/v2\/posts\/499663","targetHints":{"allow":["GET"]}}],"collection":[{"href":"https:\/\/diarioelpopular.com\/index.php\/wp-json\/wp\/v2\/posts"}],"about":[{"href":"https:\/\/diarioelpopular.com\/index.php\/wp-json\/wp\/v2\/types\/post"}],"author":[{"embeddable":true,"href":"https:\/\/diarioelpopular.com\/index.php\/wp-json\/wp\/v2\/users\/99"}],"replies":[{"embeddable":true,"href":"https:\/\/diarioelpopular.com\/index.php\/wp-json\/wp\/v2\/comments?post=499663"}],"version-history":[{"count":1,"href":"https:\/\/diarioelpopular.com\/index.php\/wp-json\/wp\/v2\/posts\/499663\/revisions"}],"predecessor-version":[{"id":499665,"href":"https:\/\/diarioelpopular.com\/index.php\/wp-json\/wp\/v2\/posts\/499663\/revisions\/499665"}],"wp:featuredmedia":[{"embeddable":true,"href":"https:\/\/diarioelpopular.com\/index.php\/wp-json\/wp\/v2\/media\/499664"}],"wp:attachment":[{"href":"https:\/\/diarioelpopular.com\/index.php\/wp-json\/wp\/v2\/media?parent=499663"}],"wp:term":[{"taxonomy":"category","embeddable":true,"href":"https:\/\/diarioelpopular.com\/index.php\/wp-json\/wp\/v2\/categories?post=499663"},{"taxonomy":"post_tag","embeddable":true,"href":"https:\/\/diarioelpopular.com\/index.php\/wp-json\/wp\/v2\/tags?post=499663"}],"curies":[{"name":"wp","href":"https:\/\/api.w.org\/{rel}","templated":true}]}}