{"id":499666,"date":"2021-09-27T09:21:38","date_gmt":"2021-09-27T13:21:38","guid":{"rendered":"https:\/\/diarioelpopular.com\/?p=499666"},"modified":"2021-09-27T09:21:38","modified_gmt":"2021-09-27T13:21:38","slug":"al-extranjero-le-pagan-peor-que-a-chilenos","status":"publish","type":"post","link":"https:\/\/diarioelpopular.com\/index.php\/2021\/09\/27\/al-extranjero-le-pagan-peor-que-a-chilenos\/","title":{"rendered":"Al extranjero le pagan peor que a chilenos"},"content":{"rendered":"<div id=\"attachment_499667\" style=\"width: 646px\" class=\"wp-caption alignnone\"><img loading=\"lazy\" decoding=\"async\" aria-describedby=\"caption-attachment-499667\" class=\"size-custom-full-size wp-image-499667\" src=\"https:\/\/diarioelpopular.com\/wp-content\/uploads\/2021\/09\/2c18d27f58deba122c5ca0c91a47e2b9-636x429.jpg\" alt=\"\" width=\"636\" height=\"429\" srcset=\"https:\/\/diarioelpopular.com\/wp-content\/uploads\/2021\/09\/2c18d27f58deba122c5ca0c91a47e2b9-636x429.jpg 636w, https:\/\/diarioelpopular.com\/wp-content\/uploads\/2021\/09\/2c18d27f58deba122c5ca0c91a47e2b9-300x202.jpg 300w, https:\/\/diarioelpopular.com\/wp-content\/uploads\/2021\/09\/2c18d27f58deba122c5ca0c91a47e2b9-768x518.jpg 768w, https:\/\/diarioelpopular.com\/wp-content\/uploads\/2021\/09\/2c18d27f58deba122c5ca0c91a47e2b9-80x55.jpg 80w, https:\/\/diarioelpopular.com\/wp-content\/uploads\/2021\/09\/2c18d27f58deba122c5ca0c91a47e2b9-108x73.jpg 108w, https:\/\/diarioelpopular.com\/wp-content\/uploads\/2021\/09\/2c18d27f58deba122c5ca0c91a47e2b9.jpg 945w\" sizes=\"auto, (max-width: 636px) 100vw, 636px\" \/><p id=\"caption-attachment-499667\" class=\"wp-caption-text\"><em>Un trabajador extranjero en su faena diaria.<\/em><\/p><\/div>\n<h4>\u00a0<em><strong>&#8220;Lo que quiere hacer el gobierno es seguir precarizando m\u00e1s la mano de obra trayendo extranjeros&#8221; a Chile, reaccion\u00f3 la dirigente de la Asociaci\u00f3n Nacional de Mujeres Rurales e Ind\u00edgenas (Anamuri), Alicia Mu\u00f1oz.<\/strong><\/em><\/h4>\n<p><em><strong>\u00a0SANTIAGO DE CHILE, 27 SET &#8211;\u00a0<\/strong><\/em>\u00a0 El gobierno del presidente, Sebasti\u00e1n Pi\u00f1era, estudia implementar una visa laboral para migrantes ante la falta de mano de obra en el campo chileno.<br \/>\n&#8220;El extranjero lo pasa mucho m\u00e1s mal que los chilenos&#8221;, dijo Mu\u00f1oz durante una pausa de una reuni\u00f3n con trabajadoras agr\u00edcolas en Santa Familia, zona netamente rural, a 217 kil\u00f3metros de Santiago.<br \/>\nConfirm\u00f3 que &#8220;existe un problema de mano de obra, pero uno sabe que se aprovecha el empresariado y el gobierno que est\u00e1 haciendo esta facilitaci\u00f3n. Sabemos que significa esto, es mayor flexibilidad laboral&#8221;.<br \/>\nLa destacada dirigente campesina record\u00f3 que en marzo del a\u00f1o pasado los empresarios &#8220;despu\u00e9s que trajeron a los extranjeros a Chile los fueron a dejar a las puertas de las embajadas&#8221;. As\u00ed grafic\u00f3 la situaci\u00f3n de miles de mujeres y hombres que debieron pernoctar en las afueras de las sedes diplom\u00e1ticas, principalmente, de Per\u00fa, Bolivia y Argentina.<\/p>\n<p>Alicia Mu\u00f1oz relat\u00f3 que &#8220;la misma gente dice que los traen enga\u00f1ados. Los enganchadores (contratistas) les ofrecen una suma de dinero y despu\u00e9s le pagan menos, como muchos no tienen papeles, les da miedo reclamar&#8221;.<br \/>\nMencion\u00f3 que en Las Cabras (a 168 kil\u00f3metros al surponiente de Santiago) &#8220;las condiciones laborales son deprimentes, hay cuadrillas de gente (mayor\u00eda haitianos) que est\u00e1n en condiciones muy reprobables, pr\u00e1cticamente a la gente la dejan a las de &#8216;arr\u00e9glatelas como puedas'&#8221;.<br \/>\nEdulisa, una de las temporeras &#8220;estrellas&#8221; de Santa Familia por su capacidad de trabajo, cont\u00f3 que est\u00e1n trabajando por el salario m\u00ednimo bruto de 432 d\u00f3lares (menos leyes sociales de 20%), y a veces las compensan con &#8220;un bonito&#8221;, una cantidad de dinero adicional.<br \/>\nDijo que todas esperan la cosecha de cerezas, cuando &#8220;pagan un poco m\u00e1s, pero nos &#8216;descrestamos&#8217; trabajando&#8221; con m\u00e1s de 12 horas diarias.<br \/>\nConsultada por la falta de mano de obra, se\u00f1al\u00f3 que &#8220;los j\u00f3venes no quieren trabajar por lo que pagan. El salario m\u00ednimo no alcanza, y se trabaja hasta el s\u00e1bado&#8221;.<br \/>\nPor eso, acot\u00f3, &#8220;tenemos que desdoblarnos trabajando para tener otros bonos&#8221;, y as\u00ed ocurri\u00f3 en el verano, por lo cual &#8220;no recibimos el Ingreso Familiar Universal&#8221;, ayuda que dio el gobierno por la pandemia en septiembre de este a\u00f1o equivalente a 217 d\u00f3lares por persona.<br \/>\nSeg\u00fan la ministra de Agricultura, Mar\u00eda Emilia Undurraga, los trabajadores faltantes en el agro son entre 100 y 150 mil con respecto a una temporada normal.<br \/>\nEl presidente de la Federaci\u00f3n de Productores de Fruta de Chile (Fedefruta), Jorge Valenzuela, asegur\u00f3 -sobre la base de una encuesta levantada por el gremio entre 550 empresas- que &#8220;la mayor\u00eda nos dijo que ten\u00eda un d\u00e9ficit entre un 50% y 70% de trabajadores para las labores agr\u00edcolas&#8221;.<br \/>\nAgreg\u00f3 al diario El Mercurio que en el invierno, por falta de mano de obra se perdi\u00f3 el 24% de los c\u00edtricos.<br \/>\nValenzuela asegur\u00f3 que &#8220;a un poco m\u00e1s de un mes de partir con el fuerte de las cosechas de la temporada 2021-2022, ha habido un aumento de al menos un 30% en la remuneraci\u00f3n promedio por jornada, pero el d\u00e9ficit de trabajadores es inverso, es decir, un 30% menos&#8221;.<br \/>\n&#8220;De mantenerse esta brecha cuando llegue la cosecha de cerezas en noviembre, efectivamente vamos a tener un problema&#8221;, advirti\u00f3.<br \/>\nEl presidente de la Asociaci\u00f3n de Exportadores de Chile, Ronald Bown, pidi\u00f3 en EmolTV que se emule lo que hace Estados Unidos que autoriza por un tiempo la inmigraci\u00f3n desde M\u00e9xico.<br \/>\n&#8220;Esperamos que con esta visa temporal que estamos conversando con el Minagri y tambi\u00e9n con el Ministerio del Interior, podamos tener mejores facilidades para poder ingresar gente proveniente de Bolivia y Per\u00fa, especialmente&#8221;, afirm\u00f3.<br \/>\nDesde el Ministerio de Agricultura se\u00f1alaron a El Mercurio que est\u00e1n elaborando un reglamento que &#8220;se hace cargo de la ley de migraciones -promulgada en abril- para tener una migraci\u00f3n segura para los trabajadores y, en el fondo, con reglas claras para ambos involucrados, tanto los trabajadores como el pa\u00eds que los recibe&#8221;.<br \/>\nSer\u00eda como funciona en pa\u00edses como Nueva Zelanda, Australia, o California en Estados Unidos.<br \/>\nEl presidente de Fedefruta coment\u00f3 que &#8220;se ha planteado una subcategor\u00eda migratoria para trabajos agr\u00edcolas de temporada, con un registro de trabajadores agr\u00edcolas de pa\u00edses vecinos que puedan acceder a esta visa, para que puedan trabajar con distintos empleadores agr\u00edcolas en la medida que vaya avanzando la cosecha de norte a sur, puedan ingresar y salir y volver a entrar si es necesario, sin perder el permiso&#8221;.<br \/>\nAdelant\u00f3 que los tiempos ser\u00edan acordados &#8220;por per\u00edodo de faenas&#8221; y que &#8220;habr\u00eda un registro de contratos para acreditar el v\u00ednculo, entre otros&#8221;.<br \/>\nLa idea, apunt\u00f3 Bown, es &#8220;que se sepa d\u00f3nde est\u00e1 el trabajador, si est\u00e1 trabajando o no, qu\u00e9 perspectivas tiene.<br \/>\nEsperamos que ojal\u00e1 la visa sea de seis meses al menos o m\u00e1ximo once meses&#8221;.<br \/>\nAntonio Err\u00e1zuriz, presidente de la C\u00e1mara Chilena de la Construcci\u00f3n (CChC), opin\u00f3 que si se quiere atraer mano de obra, &#8220;tambi\u00e9n tenemos que ser s\u00faper responsables con aquellos migrantes que nosotros invitamos a trabajar a nuestro pa\u00eds&#8221;.<br \/>\n&#8220;La migraci\u00f3n tiene que ser un poquito m\u00e1s desarrollada que decir &#8216;oye vamos a liberar el acceso para tener mano de obra para tal o cual sector&#8217;. Preocup\u00e9monos de que realmente las condiciones de vida de las personas que tienen que salir de sus pa\u00edses sean condiciones dentro de par\u00e1metros dignos&#8221;, concluy\u00f3.<\/p>\n","protected":false},"excerpt":{"rendered":"<p>\u00a0&#8220;Lo que quiere hacer el gobierno es seguir precarizando m\u00e1s la mano de obra trayendo extranjeros&#8221; a Chile, reaccion\u00f3 la dirigente de la Asociaci\u00f3n Nacional&hellip;<\/p>\n","protected":false},"author":99,"featured_media":499667,"comment_status":"open","ping_status":"open","sticky":false,"template":"","format":"standard","meta":{"footnotes":""},"categories":[23],"tags":[],"class_list":["post-499666","post","type-post","status-publish","format-standard","has-post-thumbnail","hentry","category-latinoamerica"],"_links":{"self":[{"href":"https:\/\/diarioelpopular.com\/index.php\/wp-json\/wp\/v2\/posts\/499666","targetHints":{"allow":["GET"]}}],"collection":[{"href":"https:\/\/diarioelpopular.com\/index.php\/wp-json\/wp\/v2\/posts"}],"about":[{"href":"https:\/\/diarioelpopular.com\/index.php\/wp-json\/wp\/v2\/types\/post"}],"author":[{"embeddable":true,"href":"https:\/\/diarioelpopular.com\/index.php\/wp-json\/wp\/v2\/users\/99"}],"replies":[{"embeddable":true,"href":"https:\/\/diarioelpopular.com\/index.php\/wp-json\/wp\/v2\/comments?post=499666"}],"version-history":[{"count":1,"href":"https:\/\/diarioelpopular.com\/index.php\/wp-json\/wp\/v2\/posts\/499666\/revisions"}],"predecessor-version":[{"id":499668,"href":"https:\/\/diarioelpopular.com\/index.php\/wp-json\/wp\/v2\/posts\/499666\/revisions\/499668"}],"wp:featuredmedia":[{"embeddable":true,"href":"https:\/\/diarioelpopular.com\/index.php\/wp-json\/wp\/v2\/media\/499667"}],"wp:attachment":[{"href":"https:\/\/diarioelpopular.com\/index.php\/wp-json\/wp\/v2\/media?parent=499666"}],"wp:term":[{"taxonomy":"category","embeddable":true,"href":"https:\/\/diarioelpopular.com\/index.php\/wp-json\/wp\/v2\/categories?post=499666"},{"taxonomy":"post_tag","embeddable":true,"href":"https:\/\/diarioelpopular.com\/index.php\/wp-json\/wp\/v2\/tags?post=499666"}],"curies":[{"name":"wp","href":"https:\/\/api.w.org\/{rel}","templated":true}]}}