{"id":499682,"date":"2021-09-29T09:30:24","date_gmt":"2021-09-29T13:30:24","guid":{"rendered":"https:\/\/diarioelpopular.com\/?p=499682"},"modified":"2021-09-29T09:30:24","modified_gmt":"2021-09-29T13:30:24","slug":"mensaje-a-mexico-no-evocar-dolores-del-pasado","status":"publish","type":"post","link":"https:\/\/diarioelpopular.com\/index.php\/2021\/09\/29\/mensaje-a-mexico-no-evocar-dolores-del-pasado\/","title":{"rendered":"Mensaje a M\u00e9xico, &#8220;no evocar dolores del pasado&#8221;"},"content":{"rendered":"<div id=\"attachment_499683\" style=\"width: 646px\" class=\"wp-caption alignnone\"><img loading=\"lazy\" decoding=\"async\" aria-describedby=\"caption-attachment-499683\" class=\"size-custom-full-size wp-image-499683\" src=\"https:\/\/diarioelpopular.com\/wp-content\/uploads\/2021\/09\/92c35fb1e2a5b709e5e3592faf4a37c9-636x425.jpg\" alt=\"\" width=\"636\" height=\"425\" srcset=\"https:\/\/diarioelpopular.com\/wp-content\/uploads\/2021\/09\/92c35fb1e2a5b709e5e3592faf4a37c9-636x425.jpg 636w, https:\/\/diarioelpopular.com\/wp-content\/uploads\/2021\/09\/92c35fb1e2a5b709e5e3592faf4a37c9-300x200.jpg 300w, https:\/\/diarioelpopular.com\/wp-content\/uploads\/2021\/09\/92c35fb1e2a5b709e5e3592faf4a37c9-768x513.jpg 768w, https:\/\/diarioelpopular.com\/wp-content\/uploads\/2021\/09\/92c35fb1e2a5b709e5e3592faf4a37c9-109x73.jpg 109w, https:\/\/diarioelpopular.com\/wp-content\/uploads\/2021\/09\/92c35fb1e2a5b709e5e3592faf4a37c9.jpg 945w\" sizes=\"auto, (max-width: 636px) 100vw, 636px\" \/><p id=\"caption-attachment-499683\" class=\"wp-caption-text\"><em>Procesi\u00f3n de fieles cat\u00f3licos en M\u00e9xico<\/em><\/p><\/div>\n<h4><em><strong>Exhorta a &#8220;sanar heridas&#8221; en carta por Aniversario Independencia<\/strong><\/em><\/h4>\n<p><em><strong>CIUDAD DEL VATICANO, 28 SET &#8211;<\/strong><\/em> El Papa Francisco envi\u00f3 una carta de felicitaci\u00f3n a los mexicanos con motivo de la efem\u00e9ride de la Independencia Nacional en la cual convoc\u00f3 a &#8220;dar prioridad al di\u00e1logo sobre el conflicto, no evocar los dolores del pasado para quedarse ah\u00ed, sino para aprender&#8221; y esforzarse para &#8220;sanar heridas&#8221;.<br \/>\nLa misiva, cursada a monse\u00f1or Rogelio Cabrera, presidente de la Conferencia del Episcopado Mexicano (CEM), fue le\u00edda durante la conferencia cotidiana matutina del presidente Andr\u00e9s L\u00f3pez Obrador.<br \/>\n&#8220;Para fortalecer las ra\u00edces es preciso hacer una relectura del pasado, teniendo en cuenta tanto las luces como las sombras que han forjado la historia del pa\u00eds. Esa mirada retrospectiva incluye necesariamente un proceso de purificaci\u00f3n de la memoria&#8221;, afirm\u00f3 el Pont\u00edfice.<br \/>\nEl l\u00edder de la Iglesia cat\u00f3lica se\u00f1al\u00f3 que se requiere &#8220;reconocer los errores cometidos en el pasado, que han sido muy dolorosos&#8221;.<br \/>\n&#8220;Por eso, en diversas ocasiones, tantos mis antecesores como yo mismo, hemos pedido perd\u00f3n por los pecados personales y sociales, por todas las acciones u omisiones que no contribuyeron a la evangelizaci\u00f3n&#8221;, indic\u00f3.<br \/>\nSe refer\u00eda a una petici\u00f3n planteada al Papa por L\u00f3pez Obrador el 10 de octubre del 2020, en una carta entregada en persona por su esposa, Beatriz Guti\u00e9rrez, en la cual exigi\u00f3 al Vaticano una disculpa oficial a los indios de M\u00e9xico que padecieron durante la Conquista espa\u00f1ola &#8220;las m\u00e1s oprobiosas atrocidades para saquear sus bienes, tierras y someterlos&#8221;.<br \/>\nLa misiva requiri\u00f3 al dirigente eclesi\u00e1stico el &#8220;compromiso p\u00fablico de la Iglesia de que nunca m\u00e1s se repetir\u00e1n episodios como los vividos en el per\u00edodo de la conquista, en el que se utilizaron m\u00e9todos poco humanitarios para efectuar la evangelizaci\u00f3n&#8221;.<br \/>\nEl Papa respondi\u00f3 ahora que &#8220;no evocamos los dolores del pasado para quedarnos ah\u00ed, sino para aprender de ellos y seguir dando pasos&#8221; con el fin de &#8220;sanar las heridas, cultivar un di\u00e1logo abierto y respetuoso&#8221; y construir la tan anhelada fraternidad, priorizando el bien com\u00fan por encima de los intereses particulares, las tensiones y los conflictos&#8221;.<br \/>\nAsimismo, Francisco se\u00f1al\u00f3 que la Virgen de Guadalupe, cuya imagen sirvi\u00f3 de estandarte del movimiento independentista enarbolado por los Padres de la Patria, los sacerdotes Miguel Hidalgo y Jos\u00e9 Mar\u00eda Morelos, &#8220;favoreci\u00f3 la hermandad y la libertad, la reconciliaci\u00f3n y la inculturaci\u00f3n del mensaje cristiano, no solo en M\u00e9xico sino en todas las Am\u00e9ricas&#8221;.<\/p>\n","protected":false},"excerpt":{"rendered":"<p>Exhorta a &#8220;sanar heridas&#8221; en carta por Aniversario Independencia CIUDAD DEL VATICANO, 28 SET &#8211; El Papa Francisco envi\u00f3 una carta de felicitaci\u00f3n a los&hellip;<\/p>\n","protected":false},"author":99,"featured_media":499683,"comment_status":"open","ping_status":"open","sticky":false,"template":"","format":"standard","meta":{"footnotes":""},"categories":[23],"tags":[],"class_list":["post-499682","post","type-post","status-publish","format-standard","has-post-thumbnail","hentry","category-latinoamerica"],"_links":{"self":[{"href":"https:\/\/diarioelpopular.com\/index.php\/wp-json\/wp\/v2\/posts\/499682","targetHints":{"allow":["GET"]}}],"collection":[{"href":"https:\/\/diarioelpopular.com\/index.php\/wp-json\/wp\/v2\/posts"}],"about":[{"href":"https:\/\/diarioelpopular.com\/index.php\/wp-json\/wp\/v2\/types\/post"}],"author":[{"embeddable":true,"href":"https:\/\/diarioelpopular.com\/index.php\/wp-json\/wp\/v2\/users\/99"}],"replies":[{"embeddable":true,"href":"https:\/\/diarioelpopular.com\/index.php\/wp-json\/wp\/v2\/comments?post=499682"}],"version-history":[{"count":1,"href":"https:\/\/diarioelpopular.com\/index.php\/wp-json\/wp\/v2\/posts\/499682\/revisions"}],"predecessor-version":[{"id":499684,"href":"https:\/\/diarioelpopular.com\/index.php\/wp-json\/wp\/v2\/posts\/499682\/revisions\/499684"}],"wp:featuredmedia":[{"embeddable":true,"href":"https:\/\/diarioelpopular.com\/index.php\/wp-json\/wp\/v2\/media\/499683"}],"wp:attachment":[{"href":"https:\/\/diarioelpopular.com\/index.php\/wp-json\/wp\/v2\/media?parent=499682"}],"wp:term":[{"taxonomy":"category","embeddable":true,"href":"https:\/\/diarioelpopular.com\/index.php\/wp-json\/wp\/v2\/categories?post=499682"},{"taxonomy":"post_tag","embeddable":true,"href":"https:\/\/diarioelpopular.com\/index.php\/wp-json\/wp\/v2\/tags?post=499682"}],"curies":[{"name":"wp","href":"https:\/\/api.w.org\/{rel}","templated":true}]}}