{"id":499685,"date":"2021-09-29T09:32:56","date_gmt":"2021-09-29T13:32:56","guid":{"rendered":"https:\/\/diarioelpopular.com\/?p=499685"},"modified":"2021-09-29T09:32:56","modified_gmt":"2021-09-29T13:32:56","slug":"chile-mas-cerca-de-la-despenalizacion-del-aborto","status":"publish","type":"post","link":"https:\/\/diarioelpopular.com\/index.php\/2021\/09\/29\/chile-mas-cerca-de-la-despenalizacion-del-aborto\/","title":{"rendered":"Chile: M\u00e1s cerca de la despenalizaci\u00f3n del aborto"},"content":{"rendered":"<div id=\"attachment_499686\" style=\"width: 646px\" class=\"wp-caption alignnone\"><img loading=\"lazy\" decoding=\"async\" aria-describedby=\"caption-attachment-499686\" class=\"size-custom-full-size wp-image-499686\" src=\"https:\/\/diarioelpopular.com\/wp-content\/uploads\/2021\/09\/21efd74eb34ea94f248cc3d4bab24398-636x410.jpg\" alt=\"\" width=\"636\" height=\"410\" srcset=\"https:\/\/diarioelpopular.com\/wp-content\/uploads\/2021\/09\/21efd74eb34ea94f248cc3d4bab24398-636x410.jpg 636w, https:\/\/diarioelpopular.com\/wp-content\/uploads\/2021\/09\/21efd74eb34ea94f248cc3d4bab24398-300x193.jpg 300w, https:\/\/diarioelpopular.com\/wp-content\/uploads\/2021\/09\/21efd74eb34ea94f248cc3d4bab24398-768x495.jpg 768w, https:\/\/diarioelpopular.com\/wp-content\/uploads\/2021\/09\/21efd74eb34ea94f248cc3d4bab24398-85x55.jpg 85w, https:\/\/diarioelpopular.com\/wp-content\/uploads\/2021\/09\/21efd74eb34ea94f248cc3d4bab24398-113x73.jpg 113w, https:\/\/diarioelpopular.com\/wp-content\/uploads\/2021\/09\/21efd74eb34ea94f248cc3d4bab24398.jpg 945w\" sizes=\"auto, (max-width: 636px) 100vw, 636px\" \/><p id=\"caption-attachment-499686\" class=\"wp-caption-text\"><em>M\u00e1s cerca de la despenalizaci\u00f3n del aborto en Chile (foto: Ag\u00eancia Brasil)<\/em><\/p><\/div>\n<h4><em><strong>Con 75 votos a favor permitir\u00e1 interrupci\u00f3n dentro 14 semanas<\/strong><\/em><\/h4>\n<p><em><strong>SANTIAGO DE CHILE, 28 SET &#8211;<\/strong><\/em> La C\u00e1mara de Diputados aprob\u00f3 hoy en general el proyecto que busca despenalizar el aborto en Chile hasta la semana 14 de gestaci\u00f3n, en su primer paso legislativo.<br \/>\nLa iniciativa cont\u00f3 con 75 votos a favor, 68 en contra y 2 abstenciones, teniendo que regresar a la Comisi\u00f3n de Mujer y Equidad de G\u00e9nero con indicaciones para continuar su tr\u00e1mite legislativo.<br \/>\nLas parlamentarias opositoras festejaron en el hemiciclo levantando los pa\u00f1uelos verdes.<br \/>\nMaite Orsini, una de las impulsoras del proyecto, destac\u00f3 la importancia de la iniciativa y el avance que logr\u00f3 en el Congreso.<br \/>\n&#8220;Hemos dado un paso tremendo, que no esper\u00e1bamos, en los derechos de las mujeres. No vamos a bajar los brazos hasta que el aborto sea legal, seguro y gratuito para todas las mujeres&#8221;, expres\u00f3 la parlamentaria de Revoluci\u00f3n Democr\u00e1tica (RD).<br \/>\nEn la sala, la diputada comunista (PC) y ex dirigente estudiantil, Camila Vallejo, argument\u00f3 que &#8220;m\u00e1s all\u00e1 de las creencias religiosas y creencias personales, esto es una necesidad. Tenemos que legislar sobre una pol\u00edtica p\u00fablica porque actualmente se criminaliza a la mujer&#8221;.<br \/>\nAndrea Parra, del tambi\u00e9n opositor Partido Por la Democracia (PPD), se\u00f1al\u00f3 que &#8220;soy mujer, creyente y enfermera. Nunca me hice un aborto y jam\u00e1s se lo recomendar\u00eda a nadie. Creo en otros caminos para proteger la dignidad de la mujer sin afectar otra vida. Pero soy legisladora y no tengo derecho alguno a imponer mis convicciones. Por eso apoyo aborto legal&#8221;.<br \/>\nEn cambio, el dem\u00f3crata cristiano (DC) Jorge Sabag afirm\u00f3 que la iniciativa en discusi\u00f3n &#8220;es un tema de derechos humanos, donde jam\u00e1s podr\u00e9 aceptar que se mate a un ser humano. No existe raz\u00f3n para negarle la vida a un ser que est\u00e1 en gestaci\u00f3n&#8221;.<br \/>\nEn el oficialismo, Crist\u00f3bal Urriticoechea sostuvo estar dispuesto a &#8220;dar la pelea sin miedo a nada ni a nadie para impedir que nos sometan a sus delirios sectarismos y su infame pacto con la muerte&#8221;.<br \/>\nEl proyecto plantea despenalizar la acci\u00f3n de un tercero que causa un aborto consentido por una mujer cuando el embarazo es menor a las 14 semanas; despenalizar la decisi\u00f3n de la mujer de interrumpir un embarazo antes de las 14 semanas; despenalizar la acci\u00f3n de un facultativo que causa o coopera con un aborto consentido por la mujer cuando el embarazo es menor a 14 semanas.<br \/>\nLa aprobaci\u00f3n coincide con que cada 28 de septiembre se realizan distintas actividades a nivel internacional para la promoci\u00f3n del aborto seguro. Promovida por distintas organizaciones sociales y feministas, busca que los gobiernos legalicen el aborto y faciliten el acceso de este, para reducir las muertes que cada a\u00f1o ocurren por interrupciones ilegales e inseguras del embarazo.<br \/>\nSeg\u00fan el Fondo de Poblaciones de las Naciones Unidas (UNFPA), un 8% de las muertes maternas se deben a abortos practicados en condiciones riesgosas, es por esto, que es fundamental abordar la problem\u00e1tica desde la perspectiva de la salud p\u00fablica.<br \/>\nUna barrera que sufren las mujeres son los profesionales &#8220;objetores de conciencia&#8221; que se niegan a practicar un aborto.<br \/>\nLa Corporaci\u00f3n Humanas realiz\u00f3 en diciembre de 2019 un estudio que demostraron que, del total de m\u00e9dicos y obstetras contratados por los servicios p\u00fablicos, un 18,4% se declaraba objetor de conciencia en caso de riesgo vital de la madre.<br \/>\nEn el caso de inviabilidad fetal, el n\u00famero aumentaba a un 25,3%. Mientras que, en la causal de violaci\u00f3n, los objetores crec\u00edan hasta el 46%, es decir, casi la mitad de los m\u00e9dicos y obstetras no practicaban una interrupci\u00f3n al embarazo por esta causal.<br \/>\nEstas tres causales son las que est\u00e1n vigentes en la normativa actual en Chile.<br \/>\nLa semana pasada, un estudio de la consultora internacional Ipsos mostr\u00f3 que el 73% de la poblaci\u00f3n en Chile est\u00e1 a favor del aborto.<\/p>\n","protected":false},"excerpt":{"rendered":"<p>Con 75 votos a favor permitir\u00e1 interrupci\u00f3n dentro 14 semanas SANTIAGO DE CHILE, 28 SET &#8211; La C\u00e1mara de Diputados aprob\u00f3 hoy en general el&hellip;<\/p>\n","protected":false},"author":99,"featured_media":499686,"comment_status":"open","ping_status":"open","sticky":false,"template":"","format":"standard","meta":{"footnotes":""},"categories":[23],"tags":[],"class_list":["post-499685","post","type-post","status-publish","format-standard","has-post-thumbnail","hentry","category-latinoamerica"],"_links":{"self":[{"href":"https:\/\/diarioelpopular.com\/index.php\/wp-json\/wp\/v2\/posts\/499685","targetHints":{"allow":["GET"]}}],"collection":[{"href":"https:\/\/diarioelpopular.com\/index.php\/wp-json\/wp\/v2\/posts"}],"about":[{"href":"https:\/\/diarioelpopular.com\/index.php\/wp-json\/wp\/v2\/types\/post"}],"author":[{"embeddable":true,"href":"https:\/\/diarioelpopular.com\/index.php\/wp-json\/wp\/v2\/users\/99"}],"replies":[{"embeddable":true,"href":"https:\/\/diarioelpopular.com\/index.php\/wp-json\/wp\/v2\/comments?post=499685"}],"version-history":[{"count":1,"href":"https:\/\/diarioelpopular.com\/index.php\/wp-json\/wp\/v2\/posts\/499685\/revisions"}],"predecessor-version":[{"id":499687,"href":"https:\/\/diarioelpopular.com\/index.php\/wp-json\/wp\/v2\/posts\/499685\/revisions\/499687"}],"wp:featuredmedia":[{"embeddable":true,"href":"https:\/\/diarioelpopular.com\/index.php\/wp-json\/wp\/v2\/media\/499686"}],"wp:attachment":[{"href":"https:\/\/diarioelpopular.com\/index.php\/wp-json\/wp\/v2\/media?parent=499685"}],"wp:term":[{"taxonomy":"category","embeddable":true,"href":"https:\/\/diarioelpopular.com\/index.php\/wp-json\/wp\/v2\/categories?post=499685"},{"taxonomy":"post_tag","embeddable":true,"href":"https:\/\/diarioelpopular.com\/index.php\/wp-json\/wp\/v2\/tags?post=499685"}],"curies":[{"name":"wp","href":"https:\/\/api.w.org\/{rel}","templated":true}]}}