{"id":499704,"date":"2021-09-30T09:47:24","date_gmt":"2021-09-30T13:47:24","guid":{"rendered":"https:\/\/diarioelpopular.com\/?p=499704"},"modified":"2021-09-30T09:47:24","modified_gmt":"2021-09-30T13:47:24","slug":"uruguay-gobierno-de-lacalle-pou-con-61-aprobacion-sondeos","status":"publish","type":"post","link":"https:\/\/diarioelpopular.com\/index.php\/2021\/09\/30\/uruguay-gobierno-de-lacalle-pou-con-61-aprobacion-sondeos\/","title":{"rendered":"Uruguay: Gobierno de Lacalle Pou con 61% aprobaci\u00f3n, sondeos"},"content":{"rendered":"<div id=\"attachment_499705\" style=\"width: 646px\" class=\"wp-caption alignnone\"><img loading=\"lazy\" decoding=\"async\" aria-describedby=\"caption-attachment-499705\" class=\"size-custom-full-size wp-image-499705\" src=\"https:\/\/diarioelpopular.com\/wp-content\/uploads\/2021\/09\/199cdbc1677627e8e555a019da715097-636x423.jpg\" alt=\"\" width=\"636\" height=\"423\" srcset=\"https:\/\/diarioelpopular.com\/wp-content\/uploads\/2021\/09\/199cdbc1677627e8e555a019da715097-636x423.jpg 636w, https:\/\/diarioelpopular.com\/wp-content\/uploads\/2021\/09\/199cdbc1677627e8e555a019da715097-300x200.jpg 300w, https:\/\/diarioelpopular.com\/wp-content\/uploads\/2021\/09\/199cdbc1677627e8e555a019da715097-768x511.jpg 768w, https:\/\/diarioelpopular.com\/wp-content\/uploads\/2021\/09\/199cdbc1677627e8e555a019da715097-110x73.jpg 110w, https:\/\/diarioelpopular.com\/wp-content\/uploads\/2021\/09\/199cdbc1677627e8e555a019da715097.jpg 945w\" sizes=\"auto, (max-width: 636px) 100vw, 636px\" \/><p id=\"caption-attachment-499705\" class=\"wp-caption-text\"><em>Gobierno de Lacalle Pou con 61% aprobaci\u00f3n, sondeos (foto: EPA)<\/em><\/p><\/div>\n<h4><em><strong>Aumento de 5 puntos respecto a encuesta anterior<\/strong><\/em><\/h4>\n<p><em><strong>MONTEVIDEO, 30 SET &#8211;<\/strong><\/em> La aprobaci\u00f3n de la gesti\u00f3n del presidente de Uruguay Luis Lacalle Pou se mantiene en niveles altos alcanzando el 61%, seg\u00fan la \u00faltima encuesta de la consultora Factum.<br \/>\nEl dato evidencia un incremento respecto a la investigaci\u00f3n anterior, realizada en julio, en la que la aprobaci\u00f3n del jefe de Estado se situ\u00f3 en el 56%.<br \/>\nSeg\u00fan la \u00faltima encuesta, publicada hoy por el diario uruguayo El Pa\u00eds, la desaprobaci\u00f3n se sit\u00faa en el 35%, registrando una ca\u00edda de 5 puntos porcentuales en comparaci\u00f3n con los sondeos anteriores.<br \/>\nSeg\u00fan Factum, &#8220;la aprobaci\u00f3n crece con el aumento de la edad y es m\u00e1s alta en el interior del pa\u00eds, as\u00ed como en las clases media y media alta&#8221;.<br \/>\nEn el an\u00e1lisis de la encuesta que present\u00f3 la consultora, se agreg\u00f3 que, si bien se mantiene la polarizaci\u00f3n de opiniones entre los votantes del Frente Amplio -la coalici\u00f3n de izquierda que gobern\u00f3 de 2005 a 2020 y que ahora se encuentra en la oposici\u00f3n- y los votantes de la coalici\u00f3n de gobierno, esto &#8220;disminuy\u00f3&#8221;.<br \/>\nMientras que entre los electores del Frente Amplio la aprobaci\u00f3n de Lacalle Pou se sit\u00faa en el 21% (en la medici\u00f3n anterior era del 12%), entre los votantes de la coalici\u00f3n alcanza el 92%.<\/p>\n","protected":false},"excerpt":{"rendered":"<p>Aumento de 5 puntos respecto a encuesta anterior MONTEVIDEO, 30 SET &#8211; La aprobaci\u00f3n de la gesti\u00f3n del presidente de Uruguay Luis Lacalle Pou se&hellip;<\/p>\n","protected":false},"author":99,"featured_media":499705,"comment_status":"open","ping_status":"open","sticky":false,"template":"","format":"standard","meta":{"footnotes":""},"categories":[23],"tags":[],"class_list":["post-499704","post","type-post","status-publish","format-standard","has-post-thumbnail","hentry","category-latinoamerica"],"_links":{"self":[{"href":"https:\/\/diarioelpopular.com\/index.php\/wp-json\/wp\/v2\/posts\/499704","targetHints":{"allow":["GET"]}}],"collection":[{"href":"https:\/\/diarioelpopular.com\/index.php\/wp-json\/wp\/v2\/posts"}],"about":[{"href":"https:\/\/diarioelpopular.com\/index.php\/wp-json\/wp\/v2\/types\/post"}],"author":[{"embeddable":true,"href":"https:\/\/diarioelpopular.com\/index.php\/wp-json\/wp\/v2\/users\/99"}],"replies":[{"embeddable":true,"href":"https:\/\/diarioelpopular.com\/index.php\/wp-json\/wp\/v2\/comments?post=499704"}],"version-history":[{"count":1,"href":"https:\/\/diarioelpopular.com\/index.php\/wp-json\/wp\/v2\/posts\/499704\/revisions"}],"predecessor-version":[{"id":499706,"href":"https:\/\/diarioelpopular.com\/index.php\/wp-json\/wp\/v2\/posts\/499704\/revisions\/499706"}],"wp:featuredmedia":[{"embeddable":true,"href":"https:\/\/diarioelpopular.com\/index.php\/wp-json\/wp\/v2\/media\/499705"}],"wp:attachment":[{"href":"https:\/\/diarioelpopular.com\/index.php\/wp-json\/wp\/v2\/media?parent=499704"}],"wp:term":[{"taxonomy":"category","embeddable":true,"href":"https:\/\/diarioelpopular.com\/index.php\/wp-json\/wp\/v2\/categories?post=499704"},{"taxonomy":"post_tag","embeddable":true,"href":"https:\/\/diarioelpopular.com\/index.php\/wp-json\/wp\/v2\/tags?post=499704"}],"curies":[{"name":"wp","href":"https:\/\/api.w.org\/{rel}","templated":true}]}}