{"id":499715,"date":"2021-09-30T09:56:20","date_gmt":"2021-09-30T13:56:20","guid":{"rendered":"https:\/\/diarioelpopular.com\/?p=499715"},"modified":"2021-09-30T09:56:20","modified_gmt":"2021-09-30T13:56:20","slug":"el-94-5-de-los-venezolanos-en-la-pobreza","status":"publish","type":"post","link":"https:\/\/diarioelpopular.com\/index.php\/2021\/09\/30\/el-94-5-de-los-venezolanos-en-la-pobreza\/","title":{"rendered":"El 94,5% de los venezolanos en la pobreza"},"content":{"rendered":"<div id=\"attachment_499717\" style=\"width: 646px\" class=\"wp-caption alignnone\"><img loading=\"lazy\" decoding=\"async\" aria-describedby=\"caption-attachment-499717\" class=\"size-custom-full-size wp-image-499717\" src=\"https:\/\/diarioelpopular.com\/wp-content\/uploads\/2021\/09\/4e1d3310914f692107ea264454534637-1-636x989.jpg\" alt=\"\" width=\"636\" height=\"989\" srcset=\"https:\/\/diarioelpopular.com\/wp-content\/uploads\/2021\/09\/4e1d3310914f692107ea264454534637-1-636x989.jpg 636w, https:\/\/diarioelpopular.com\/wp-content\/uploads\/2021\/09\/4e1d3310914f692107ea264454534637-1-193x300.jpg 193w, https:\/\/diarioelpopular.com\/wp-content\/uploads\/2021\/09\/4e1d3310914f692107ea264454534637-1-768x1194.jpg 768w, https:\/\/diarioelpopular.com\/wp-content\/uploads\/2021\/09\/4e1d3310914f692107ea264454534637-1-47x73.jpg 47w, https:\/\/diarioelpopular.com\/wp-content\/uploads\/2021\/09\/4e1d3310914f692107ea264454534637-1.jpg 659w\" sizes=\"auto, (max-width: 636px) 100vw, 636px\" \/><p id=\"caption-attachment-499717\" class=\"wp-caption-text\"><em>El 94,5% de los venezolanos en la pobreza<\/em><\/p><\/div>\n<h4><em><strong>&#8220;Llegamos ya a lo que podr\u00eda ser el techo de la pobreza total&#8221;<\/strong><\/em><\/h4>\n<p><em><strong>CARACAS 30 SEPT &#8211;<\/strong><\/em> Un total de 94,5% de la poblaci\u00f3n de Venezuela est\u00e1 en situaci\u00f3n de pobreza, mientras que el 76,6% est\u00e1 en la pobreza extrema en medio de la emergencia humanitaria agravada por la crisis de movilidad, y la pandemia del Covid-19, revel\u00f3 hoy la Encuesta Nacional de Condiciones de Vida de la poblaci\u00f3n venezolana (Encovi) 2021.<br \/>\nEl estudio realizado por la Universidad Cat\u00f3lica Andr\u00e9s Bello y difundido este mi\u00e9rcoles precis\u00f3 que a pesar de que en 2019-2020 &#8220;hubo una reducci\u00f3n de la pobreza, producto del cambio de pol\u00edtica social, la crisis de movilidad relacionada con la escasez de gasolina y el otorgamiento de los diferentes bonos ha hecho que la pobreza extrema tenga un repunte&#8221;.<br \/>\n&#8220;Llegamos ya a lo que podr\u00eda ser el techo de la pobreza total. M\u00e1s del 94% no va a crecer la pobreza, ese es su m\u00e1ximo posible, pero tenemos un 5% de la poblaci\u00f3n que tiene como indexar cuando hay inflaci\u00f3n o mantener su nivel de ingreso a pesar de la recesi\u00f3n&#8221;, afirm\u00f3 el soci\u00f3logo Luis Pedro Espa\u00f1a, encargado al presentar a los periodistas el informe junto a Anitza Freitez, coordinadora del proyecto Encovi.<br \/>\nIndic\u00f3 que la pobreza multidimensional lleg\u00f3 a 65,2%, y &#8220;empeor\u00f3 en vivienda educaci\u00f3n y servicios&#8221;.<br \/>\n&#8220;En el caso de las viviendas se precariz\u00f3 el tipo de tenencia y eso es un coletazo de la migraci\u00f3n. Creci\u00f3 el n\u00famero de personas que est\u00e1n en viviendas prestadas que tienen funciones de cuidadores, en t\u00e9rminos social, eso es precario porque cuando el due\u00f1o regrese al pa\u00eds tienen que salir de esa casa&#8221;, dijo.<br \/>\nIgualmente, sostuvo en cuanto a los servicios, el de agua y el de recolecci\u00f3n sanitaria &#8220;empeor\u00f3 m\u00e1s que en el 2020-2019 y eso tiene que ver con la crisis el\u00e9ctrica&#8221;.<br \/>\nEl experto destac\u00f3 que Venezuela &#8220;es el pa\u00eds m\u00e1s pobre de Latinoam\u00e9rica, con un techo de pobreza de 33% y de pobreza extrema de 9%&#8221;.<br \/>\n&#8220;Hay un punto en el cual el crecimiento econ\u00f3mico deja de reducir pobreza en Venezuela por lo que se necesitan pol\u00edticas sociales que lo hagan&#8221;, enfatiz\u00f3.<br \/>\nEn este sentido destac\u00f3 que &#8220;salir de la pobreza depende de las oportunidades y de su acceso a ellas&#8221;, pero parad\u00f3jicamente en el pa\u00eds &#8220;hay mucha gente capacitada que no tiene d\u00f3nde trabajar&#8221;.<br \/>\n&#8220;Hay 7,6 millones de personas ocupadas laboralmente, pero actualmente existen 8,1 millones de personas que, si tuvieran oportunidades laborales, trabajar\u00edan. El problema no son los venezolanos, el problema son las instituciones&#8221;, asever\u00f3.<br \/>\nAdem\u00e1s, refiri\u00f3 que &#8220;la gente est\u00e1 dejando de trabajar porque el costo de oportunidad que representa, sobre todo para las mujeres y los j\u00f3venes mayores, comienza a ser m\u00e1s costoso ir a trabajar que la remuneraci\u00f3n que reciben&#8221;.<br \/>\n&#8220;La remuneraci\u00f3n por hora trabajada entre no pobres y pobres extremos es de 3,38 $ vs. 0,63 $ (2,75 $ de brecha). Esta diferencia es mayor entre las mujeres (brecha de 3,14 $) que entre hombres (2,54 $). Es significativo que la remuneraci\u00f3n promedio por hora de las mujeres no pobres es mayor que la de los hombres en 0,45 $ la hora&#8221;, puntualiz\u00f3.<br \/>\nA su vez Freitez, manifest\u00f3 que &#8220;las condiciones de vida de la poblaci\u00f3n son producto de situaciones relacionadas con la p\u00e9rdida de la institucionalidad, cambios econ\u00f3micos y demogr\u00e1ficos&#8221;.<br \/>\n&#8220;Tenemos un pa\u00eds m\u00e1s empobrecido, m\u00e1s peque\u00f1o en t\u00e9rminos demogr\u00e1ficos; con severos problemas de pobreza, desigualdad, educaci\u00f3n y empleo&#8221;, afirm\u00f3.<br \/>\nAdem\u00e1s, destac\u00f3 que el tama\u00f1o de la poblaci\u00f3n se redujo a 28,7 millones, por lo que el crecimiento demogr\u00e1fico en el \u00faltimo quinquenio fue negativo en -1,1%.<br \/>\n&#8220;Somos menos porque poco m\u00e1s de 4 millones de personas dejaron el pa\u00eds en el per\u00edodo 2015-2020 y porque hay 340 mil nacimientos que no se produjeron, debido a que migraron las potenciales madres&#8221;, sostuvo.<br \/>\nAdvirti\u00f3 que los pron\u00f3sticos previos a la crisis daban una esperanza de vida de m\u00e1s de 83 a\u00f1os para el 2050, ahora se calcula 76,6.<br \/>\nLa muestra ENCOVI naci\u00f3 en 2014 para llenar el vac\u00edo sobre los indicadores de pobreza e ingresos, entre otros, que de manera oficial no se publican desde 2013 en esta naci\u00f3n sudamericana.<\/p>\n","protected":false},"excerpt":{"rendered":"<p>&#8220;Llegamos ya a lo que podr\u00eda ser el techo de la pobreza total&#8221; CARACAS 30 SEPT &#8211; Un total de 94,5% de la poblaci\u00f3n de&hellip;<\/p>\n","protected":false},"author":99,"featured_media":499717,"comment_status":"open","ping_status":"open","sticky":false,"template":"","format":"standard","meta":{"footnotes":""},"categories":[23],"tags":[],"class_list":["post-499715","post","type-post","status-publish","format-standard","has-post-thumbnail","hentry","category-latinoamerica"],"_links":{"self":[{"href":"https:\/\/diarioelpopular.com\/index.php\/wp-json\/wp\/v2\/posts\/499715","targetHints":{"allow":["GET"]}}],"collection":[{"href":"https:\/\/diarioelpopular.com\/index.php\/wp-json\/wp\/v2\/posts"}],"about":[{"href":"https:\/\/diarioelpopular.com\/index.php\/wp-json\/wp\/v2\/types\/post"}],"author":[{"embeddable":true,"href":"https:\/\/diarioelpopular.com\/index.php\/wp-json\/wp\/v2\/users\/99"}],"replies":[{"embeddable":true,"href":"https:\/\/diarioelpopular.com\/index.php\/wp-json\/wp\/v2\/comments?post=499715"}],"version-history":[{"count":1,"href":"https:\/\/diarioelpopular.com\/index.php\/wp-json\/wp\/v2\/posts\/499715\/revisions"}],"predecessor-version":[{"id":499718,"href":"https:\/\/diarioelpopular.com\/index.php\/wp-json\/wp\/v2\/posts\/499715\/revisions\/499718"}],"wp:featuredmedia":[{"embeddable":true,"href":"https:\/\/diarioelpopular.com\/index.php\/wp-json\/wp\/v2\/media\/499717"}],"wp:attachment":[{"href":"https:\/\/diarioelpopular.com\/index.php\/wp-json\/wp\/v2\/media?parent=499715"}],"wp:term":[{"taxonomy":"category","embeddable":true,"href":"https:\/\/diarioelpopular.com\/index.php\/wp-json\/wp\/v2\/categories?post=499715"},{"taxonomy":"post_tag","embeddable":true,"href":"https:\/\/diarioelpopular.com\/index.php\/wp-json\/wp\/v2\/tags?post=499715"}],"curies":[{"name":"wp","href":"https:\/\/api.w.org\/{rel}","templated":true}]}}