{"id":499720,"date":"2021-09-30T09:59:06","date_gmt":"2021-09-30T13:59:06","guid":{"rendered":"https:\/\/diarioelpopular.com\/?p=499720"},"modified":"2021-09-30T09:59:06","modified_gmt":"2021-09-30T13:59:06","slug":"ecuador-carceles-en-estado-de-emergencia","status":"publish","type":"post","link":"https:\/\/diarioelpopular.com\/index.php\/2021\/09\/30\/ecuador-carceles-en-estado-de-emergencia\/","title":{"rendered":"Ecuador: C\u00e1rceles en estado de emergencia"},"content":{"rendered":"<div id=\"attachment_499721\" style=\"width: 646px\" class=\"wp-caption alignnone\"><img loading=\"lazy\" decoding=\"async\" aria-describedby=\"caption-attachment-499721\" class=\"size-custom-full-size wp-image-499721\" src=\"https:\/\/diarioelpopular.com\/wp-content\/uploads\/2021\/09\/a66c58848e0364605a83905d01be4c2d-636x425.jpg\" alt=\"\" width=\"636\" height=\"425\" srcset=\"https:\/\/diarioelpopular.com\/wp-content\/uploads\/2021\/09\/a66c58848e0364605a83905d01be4c2d-636x425.jpg 636w, https:\/\/diarioelpopular.com\/wp-content\/uploads\/2021\/09\/a66c58848e0364605a83905d01be4c2d-300x200.jpg 300w, https:\/\/diarioelpopular.com\/wp-content\/uploads\/2021\/09\/a66c58848e0364605a83905d01be4c2d-768x513.jpg 768w, https:\/\/diarioelpopular.com\/wp-content\/uploads\/2021\/09\/a66c58848e0364605a83905d01be4c2d-109x73.jpg 109w, https:\/\/diarioelpopular.com\/wp-content\/uploads\/2021\/09\/a66c58848e0364605a83905d01be4c2d.jpg 945w\" sizes=\"auto, (max-width: 636px) 100vw, 636px\" \/><p id=\"caption-attachment-499721\" class=\"wp-caption-text\"><em>C\u00e1rceles en estado de emergencia en Ecuador<\/em><\/p><\/div>\n<p><em><strong>QUITO, 30 SET &#8211;<\/strong><\/em> El presidente de Ecuador, Guillermo Lasso, anunci\u00f3 haber decidido decretar el estado de emergencia del sistema penitenciario por 60 d\u00edas, luego de los enfrentamientos ocurridos en el penal Litoral de Guayaquil que produjeron un saldo provisional de al menos 100 muertos y 52 heridos.<br \/>\nEl jefe de Estado tambi\u00e9n anunci\u00f3 que quer\u00eda ir a la ciudad portuaria para conocer personalmente la situaci\u00f3n.<br \/>\nSobre la base de la introducci\u00f3n del estado de emergencia se suspenden para los reclusos de todos los centros de detenci\u00f3n ecuatorianos los derechos de libertad de asociaci\u00f3n y reuni\u00f3n.<br \/>\nSeg\u00fan medios de Quito, el saldo de los enfrentamientos entre pandillas dentro del penal de Guayaquil podr\u00eda agravarse hasta al menos 110 muertos.<br \/>\nPero ya el n\u00famero de v\u00edctimas es muy superior a aquella de 79 muertos causada por los disturbios en cuatro c\u00e1rceles ecuatorianas en febrero pasado.<br \/>\nLa Fiscal\u00eda de Ecuador abri\u00f3 una investigaci\u00f3n sobre la violencia en la prisi\u00f3n Penitenciaria del Litoral de Guayaquil que provoc\u00f3 al menos un centenar de muertes entre los reclusos, seg\u00fan el \u00faltimo informe difundido por la Polic\u00eda y el Servicio Nacional para la Atenci\u00f3n Global de las Personas Privadas de la LIbertad (SNAI), citado por el portal del diario El Comercio.<br \/>\nLa Fiscal\u00eda comunic\u00f3 que seis de los detenidos fallecidos &#8220;fueron decapitados&#8221;, mientras los heridos fueron atacados con armas cortantes y de fuego.<br \/>\nLas autoridades indicaron que los heridos son 48. Despu\u00e9s de que los agentes de polic\u00eda ingresaron a la penitenciaria, funcionarios de medicina legal y de la polic\u00eda efectuaron la remoci\u00f3n de los cuerpos y recogieron los primeros indicios acerca de lo ocurrido.<br \/>\nLas primeras investigaciones indican que esta nueva masacre fue producida por un choque entre miembros de las bandas criminales de Los Choneros, Los Lagartos y Los Tiguerones.<br \/>\nDesde hace tiempo en Ecuador la situaci\u00f3n de las c\u00e1rceles es explosiva, y esta \u00faltima masacre es la segunda con el mayor n\u00famero de v\u00edctimas registrada este a\u00f1o en una prisi\u00f3n del pa\u00eds.<br \/>\nLa m\u00e1s violenta se verific\u00f3 el 23 de febrero pasado en las c\u00e1rceles de Guayaquil, Cuenca y Latacunga. En aquella ocasi\u00f3n el saldo fue de 79 muertos.<\/p>\n","protected":false},"excerpt":{"rendered":"<p>QUITO, 30 SET &#8211; El presidente de Ecuador, Guillermo Lasso, anunci\u00f3 haber decidido decretar el estado de emergencia del sistema penitenciario por 60 d\u00edas, luego&hellip;<\/p>\n","protected":false},"author":99,"featured_media":499721,"comment_status":"open","ping_status":"open","sticky":false,"template":"","format":"standard","meta":{"footnotes":""},"categories":[23],"tags":[],"class_list":["post-499720","post","type-post","status-publish","format-standard","has-post-thumbnail","hentry","category-latinoamerica"],"_links":{"self":[{"href":"https:\/\/diarioelpopular.com\/index.php\/wp-json\/wp\/v2\/posts\/499720","targetHints":{"allow":["GET"]}}],"collection":[{"href":"https:\/\/diarioelpopular.com\/index.php\/wp-json\/wp\/v2\/posts"}],"about":[{"href":"https:\/\/diarioelpopular.com\/index.php\/wp-json\/wp\/v2\/types\/post"}],"author":[{"embeddable":true,"href":"https:\/\/diarioelpopular.com\/index.php\/wp-json\/wp\/v2\/users\/99"}],"replies":[{"embeddable":true,"href":"https:\/\/diarioelpopular.com\/index.php\/wp-json\/wp\/v2\/comments?post=499720"}],"version-history":[{"count":1,"href":"https:\/\/diarioelpopular.com\/index.php\/wp-json\/wp\/v2\/posts\/499720\/revisions"}],"predecessor-version":[{"id":499722,"href":"https:\/\/diarioelpopular.com\/index.php\/wp-json\/wp\/v2\/posts\/499720\/revisions\/499722"}],"wp:featuredmedia":[{"embeddable":true,"href":"https:\/\/diarioelpopular.com\/index.php\/wp-json\/wp\/v2\/media\/499721"}],"wp:attachment":[{"href":"https:\/\/diarioelpopular.com\/index.php\/wp-json\/wp\/v2\/media?parent=499720"}],"wp:term":[{"taxonomy":"category","embeddable":true,"href":"https:\/\/diarioelpopular.com\/index.php\/wp-json\/wp\/v2\/categories?post=499720"},{"taxonomy":"post_tag","embeddable":true,"href":"https:\/\/diarioelpopular.com\/index.php\/wp-json\/wp\/v2\/tags?post=499720"}],"curies":[{"name":"wp","href":"https:\/\/api.w.org\/{rel}","templated":true}]}}