{"id":499757,"date":"2021-10-06T12:46:02","date_gmt":"2021-10-06T16:46:02","guid":{"rendered":"https:\/\/diarioelpopular.com\/?p=499757"},"modified":"2021-10-06T12:46:02","modified_gmt":"2021-10-06T16:46:02","slug":"la-vacuna-covid-19-es-obligatoria-para-los-trabajadores-federales-a-fines-de-octubre-anuncia-trudeau","status":"publish","type":"post","link":"https:\/\/diarioelpopular.com\/index.php\/2021\/10\/06\/la-vacuna-covid-19-es-obligatoria-para-los-trabajadores-federales-a-fines-de-octubre-anuncia-trudeau\/","title":{"rendered":"La vacuna COVID-19 es obligatoria para los trabajadores federales a fines de octubre, anuncia Trudeau"},"content":{"rendered":"<p><img loading=\"lazy\" decoding=\"async\" class=\"alignnone size-custom-full-size wp-image-499758\" src=\"https:\/\/diarioelpopular.com\/wp-content\/uploads\/2021\/10\/image-3-636x357.jpg\" alt=\"\" width=\"636\" height=\"357\" srcset=\"https:\/\/diarioelpopular.com\/wp-content\/uploads\/2021\/10\/image-3-636x357.jpg 636w, https:\/\/diarioelpopular.com\/wp-content\/uploads\/2021\/10\/image-3-300x169.jpg 300w, https:\/\/diarioelpopular.com\/wp-content\/uploads\/2021\/10\/image-3-768x431.jpg 768w, https:\/\/diarioelpopular.com\/wp-content\/uploads\/2021\/10\/image-3-130x73.jpg 130w, https:\/\/diarioelpopular.com\/wp-content\/uploads\/2021\/10\/image-3.jpg 940w\" sizes=\"auto, (max-width: 636px) 100vw, 636px\" \/><\/p>\n<h4><em><strong>Los empleados federales deben estar completamente vacunados contra COVID-19 antes de fin de mes para continuar trabajando, anunci\u00f3 formalmente el mi\u00e9rcoles el gobierno.<\/strong><\/em><\/h4>\n<p><em><strong>OTTAWA.-<\/strong><\/em> Los empleados p\u00fablicos deben demostrar que est\u00e1n completamente vacunados antes del 29 de octubre o enfrentar\u00e1n una suspensi\u00f3n administrativa sin goce de sueldo, dijo la viceprimera ministra Chrystia Freeland. La Real Polic\u00eda Montada de Canad\u00e1 y la Agencia Canadiense de Servicios Fronterizos estar\u00e1n entre los sectores afectados.<\/p>\n<p>Se espera que la acci\u00f3n disciplinaria comience el 15 de noviembre. La pol\u00edtica tambi\u00e9n se aplica a quienes trabajan desde casa y fuera del pa\u00eds.<\/p>\n<p>\u201cPara ser claros, la pol\u00edtica es a partir del 29 de octubre, si quieres trabajar para el Gobierno de Canad\u00e1, lo que significa que el pueblo de Canad\u00e1, tienes que estar completamente vacunado\u201d, dijo.<br \/>\nLa pol\u00edtica de vacunaci\u00f3n obligatoria sigue una promesa que hizo el primer ministro Justin Trudeau en agosto antes de convocar las elecciones de verano.<\/p>\n<p>Freeland dijo que el gobierno tambi\u00e9n est\u00e1 trabajando con empleadores de compa\u00f1\u00edas a\u00e9reas y ferroviarias para desarrollar sus propias pol\u00edticas de vacunas obligatorias para fin de mes.<br \/>\nLa declaraci\u00f3n de vacunaci\u00f3n de los funcionarios p\u00fablicos ser\u00e1 rastreada y auditada por departamentos individuales, y los gerentes pueden solicitar prueba de vacunaci\u00f3n en cualquier momento.<\/p>\n<p>Los empleados que proporcionen documentos falsos se enfrentar\u00e1n a un castigo, incluido el despido.<\/p>\n<p>A las personas que solo han recibido una dosis se les dar\u00e1n 10 semanas para recibir la siguiente antes de que se les conceda una licencia sin goce de sueldo. No se les permitir\u00e1 volver al trabajo hasta que est\u00e9n vacunados o la pol\u00edtica ya no est\u00e9 en vigor.<br \/>\nAdem\u00e1s, Trudeau dijo que la vacunaci\u00f3n ser\u00e1 obligatoria para cualquier persona mayor de 12 a\u00f1os en un avi\u00f3n o tren en Canad\u00e1 a finales de mes.<\/p>\n<p>&#8220;Si ha hecho lo correcto y se ha vacunado, se merece la libertad de estar a salvo del COVID&#8221;, dijo. &#8220;Estas medidas de viaje, junto con la vacunaci\u00f3n obligatoria para los empleados federales, son algunas de las m\u00e1s fuertes del mundo&#8221;.<\/p>\n<p>En cuanto a los viajes, habr\u00e1 un per\u00edodo durante el cual las personas que est\u00e1n en proceso de vacunaci\u00f3n pueden presentar una prueba de COVID-19 negativa, pero para fines de noviembre, las pruebas ya no ser\u00e1n una opci\u00f3n antes de abordar.<br \/>\nAdem\u00e1s, Trudeau dijo que la vacunaci\u00f3n ser\u00e1 obligatoria para cualquier persona mayor de 12 a\u00f1os en un avi\u00f3n o tren en Canad\u00e1 a finales de mes.<\/p>\n<p>&#8220;Si ha hecho lo correcto y se ha vacunado, se merece la libertad de estar a salvo del COVID&#8221;, dijo. &#8220;Estas medidas de viaje, junto con la vacunaci\u00f3n obligatoria para los empleados federales, son algunas de las m\u00e1s fuertes del mundo&#8221;.<\/p>\n<p>En cuanto a los viajes, habr\u00e1 un per\u00edodo durante el cual las personas que est\u00e1n en proceso de vacunaci\u00f3n pueden presentar una prueba de COVID-19 negativa, pero para fines de noviembre, las pruebas ya no ser\u00e1n una opci\u00f3n antes de abordar.<br \/>\nTrudeau tambi\u00e9n dijo que el gobierno casi ha terminado con su pasaporte de vacunas para viajes internacionales y cubrir\u00e1 los costos de las provincias que implementen programas de prueba de vacunaci\u00f3n.<\/p>\n<p>El gobierno tambi\u00e9n est\u00e1 trabajando en una legislaci\u00f3n para tipificar como delito amenazar o acosar a los trabajadores de la salud.<\/p>\n","protected":false},"excerpt":{"rendered":"<p>Los empleados federales deben estar completamente vacunados contra COVID-19 antes de fin de mes para continuar trabajando, anunci\u00f3 formalmente el mi\u00e9rcoles el gobierno. OTTAWA.- Los&hellip;<\/p>\n","protected":false},"author":99,"featured_media":499758,"comment_status":"open","ping_status":"open","sticky":false,"template":"","format":"standard","meta":{"footnotes":""},"categories":[21,11191],"tags":[],"class_list":["post-499757","post","type-post","status-publish","format-standard","has-post-thumbnail","hentry","category-canada","category-top-news"],"_links":{"self":[{"href":"https:\/\/diarioelpopular.com\/index.php\/wp-json\/wp\/v2\/posts\/499757","targetHints":{"allow":["GET"]}}],"collection":[{"href":"https:\/\/diarioelpopular.com\/index.php\/wp-json\/wp\/v2\/posts"}],"about":[{"href":"https:\/\/diarioelpopular.com\/index.php\/wp-json\/wp\/v2\/types\/post"}],"author":[{"embeddable":true,"href":"https:\/\/diarioelpopular.com\/index.php\/wp-json\/wp\/v2\/users\/99"}],"replies":[{"embeddable":true,"href":"https:\/\/diarioelpopular.com\/index.php\/wp-json\/wp\/v2\/comments?post=499757"}],"version-history":[{"count":1,"href":"https:\/\/diarioelpopular.com\/index.php\/wp-json\/wp\/v2\/posts\/499757\/revisions"}],"predecessor-version":[{"id":499759,"href":"https:\/\/diarioelpopular.com\/index.php\/wp-json\/wp\/v2\/posts\/499757\/revisions\/499759"}],"wp:featuredmedia":[{"embeddable":true,"href":"https:\/\/diarioelpopular.com\/index.php\/wp-json\/wp\/v2\/media\/499758"}],"wp:attachment":[{"href":"https:\/\/diarioelpopular.com\/index.php\/wp-json\/wp\/v2\/media?parent=499757"}],"wp:term":[{"taxonomy":"category","embeddable":true,"href":"https:\/\/diarioelpopular.com\/index.php\/wp-json\/wp\/v2\/categories?post=499757"},{"taxonomy":"post_tag","embeddable":true,"href":"https:\/\/diarioelpopular.com\/index.php\/wp-json\/wp\/v2\/tags?post=499757"}],"curies":[{"name":"wp","href":"https:\/\/api.w.org\/{rel}","templated":true}]}}