{"id":499780,"date":"2021-10-07T11:21:42","date_gmt":"2021-10-07T15:21:42","guid":{"rendered":"https:\/\/diarioelpopular.com\/?p=499780"},"modified":"2021-10-07T11:21:42","modified_gmt":"2021-10-07T15:21:42","slug":"peru-presidente-designa-a-mirtha-vasquez-nueva-premier","status":"publish","type":"post","link":"https:\/\/diarioelpopular.com\/index.php\/2021\/10\/07\/peru-presidente-designa-a-mirtha-vasquez-nueva-premier\/","title":{"rendered":"Per\u00fa: Presidente designa a Mirtha V\u00e1squez nueva premier"},"content":{"rendered":"<div id=\"attachment_499781\" style=\"width: 160px\" class=\"wp-caption alignnone\"><img loading=\"lazy\" decoding=\"async\" aria-describedby=\"caption-attachment-499781\" class=\"size-thumbnail wp-image-499781\" src=\"https:\/\/diarioelpopular.com\/wp-content\/uploads\/2021\/10\/06589b29c6438e4fc12d0677f51694ce-150x150.jpg\" alt=\"\" width=\"150\" height=\"150\" \/><p id=\"caption-attachment-499781\" class=\"wp-caption-text\">Mirtha Vasquez, nueva primera ministra de Per\u00fa<\/p><\/div>\n<h4><em><strong>Tras la dimisi\u00f3n de Guido Bellido<\/strong><\/em><\/h4>\n<p><em><strong>LIMA, 07 OCT &#8211;<\/strong><\/em> El presidente peruano, Pedro Castillo, design\u00f3 la noche del mi\u00e9rcoles a Mirtha V\u00e1squez como nueva primera ministra del pa\u00eds, tras la renuncia &#8220;irrevocable&#8221; presentada por Guido Bellido.<br \/>\nLo inform\u00f3 la agencia de prensa estatal Andina.<br \/>\nLa decisi\u00f3n de Castillo de asignar a V\u00e1squez la presidencia del consejo de ministros se adopt\u00f3 luego de la publicaci\u00f3n por parte del portal Epicentro TV de unas charlas seg\u00fan las cuales el exprimer ministro Bellido promov\u00eda la sustituci\u00f3n del canciller, \u00d3scar Ma\u00fartua.<br \/>\nV\u00e1squez, activista feminista y abogada ambientalista de 46 a\u00f1os, es miembro del partido Frente Amplio, y fue designada el a\u00f1o pasado por el presidente interino Francisco Sagasti como presidenta del Congreso (parlamento unilateral).<br \/>\nLos principales ministros del nuevo gobierno son: Walter Ayala (Defensa), Oscar Ma\u00fartua (Exterior), Pedro Francke (Econom\u00eda y Finanzas), Luis Roberto Barranzuela Vite (Interior) y An\u00edbal Torres (Justicia).<br \/>\nAl comentar el actual momento pol\u00edtico, Castillo argument\u00f3 en Twitter que &#8220;el nuevo gobierno buscar\u00e1 promover el di\u00e1logo, la gobernabilidad y el trabajo en equipo&#8221;.<br \/>\n&#8220;Nuestro gran objetivo es luchar por los m\u00e1s vulnerables y lo lograremos&#8221;, concluy\u00f3.<\/p>\n","protected":false},"excerpt":{"rendered":"<p>Tras la dimisi\u00f3n de Guido Bellido LIMA, 07 OCT &#8211; El presidente peruano, Pedro Castillo, design\u00f3 la noche del mi\u00e9rcoles a Mirtha V\u00e1squez como nueva&hellip;<\/p>\n","protected":false},"author":99,"featured_media":499781,"comment_status":"open","ping_status":"open","sticky":false,"template":"","format":"standard","meta":{"footnotes":""},"categories":[23],"tags":[],"class_list":["post-499780","post","type-post","status-publish","format-standard","has-post-thumbnail","hentry","category-latinoamerica"],"_links":{"self":[{"href":"https:\/\/diarioelpopular.com\/index.php\/wp-json\/wp\/v2\/posts\/499780","targetHints":{"allow":["GET"]}}],"collection":[{"href":"https:\/\/diarioelpopular.com\/index.php\/wp-json\/wp\/v2\/posts"}],"about":[{"href":"https:\/\/diarioelpopular.com\/index.php\/wp-json\/wp\/v2\/types\/post"}],"author":[{"embeddable":true,"href":"https:\/\/diarioelpopular.com\/index.php\/wp-json\/wp\/v2\/users\/99"}],"replies":[{"embeddable":true,"href":"https:\/\/diarioelpopular.com\/index.php\/wp-json\/wp\/v2\/comments?post=499780"}],"version-history":[{"count":1,"href":"https:\/\/diarioelpopular.com\/index.php\/wp-json\/wp\/v2\/posts\/499780\/revisions"}],"predecessor-version":[{"id":499782,"href":"https:\/\/diarioelpopular.com\/index.php\/wp-json\/wp\/v2\/posts\/499780\/revisions\/499782"}],"wp:featuredmedia":[{"embeddable":true,"href":"https:\/\/diarioelpopular.com\/index.php\/wp-json\/wp\/v2\/media\/499781"}],"wp:attachment":[{"href":"https:\/\/diarioelpopular.com\/index.php\/wp-json\/wp\/v2\/media?parent=499780"}],"wp:term":[{"taxonomy":"category","embeddable":true,"href":"https:\/\/diarioelpopular.com\/index.php\/wp-json\/wp\/v2\/categories?post=499780"},{"taxonomy":"post_tag","embeddable":true,"href":"https:\/\/diarioelpopular.com\/index.php\/wp-json\/wp\/v2\/tags?post=499780"}],"curies":[{"name":"wp","href":"https:\/\/api.w.org\/{rel}","templated":true}]}}