{"id":499783,"date":"2021-10-07T11:24:17","date_gmt":"2021-10-07T15:24:17","guid":{"rendered":"https:\/\/diarioelpopular.com\/?p=499783"},"modified":"2021-10-07T11:24:17","modified_gmt":"2021-10-07T15:24:17","slug":"presidente-ecuador-respondera-al-parlamento","status":"publish","type":"post","link":"https:\/\/diarioelpopular.com\/index.php\/2021\/10\/07\/presidente-ecuador-respondera-al-parlamento\/","title":{"rendered":"Presidente Ecuador responder\u00e1 al Parlamento"},"content":{"rendered":"<div id=\"attachment_499784\" style=\"width: 486px\" class=\"wp-caption alignnone\"><img loading=\"lazy\" decoding=\"async\" aria-describedby=\"caption-attachment-499784\" class=\"size-custom-full-size wp-image-499784\" src=\"https:\/\/diarioelpopular.com\/wp-content\/uploads\/2021\/10\/bfc50ed79af68463f4ecf4629d652950.jpg\" alt=\"\" width=\"476\" height=\"343\" srcset=\"https:\/\/diarioelpopular.com\/wp-content\/uploads\/2021\/10\/bfc50ed79af68463f4ecf4629d652950.jpg 476w, https:\/\/diarioelpopular.com\/wp-content\/uploads\/2021\/10\/bfc50ed79af68463f4ecf4629d652950-300x216.jpg 300w, https:\/\/diarioelpopular.com\/wp-content\/uploads\/2021\/10\/bfc50ed79af68463f4ecf4629d652950-101x73.jpg 101w\" sizes=\"auto, (max-width: 476px) 100vw, 476px\" \/><p id=\"caption-attachment-499784\" class=\"wp-caption-text\">Guillermo Lasso<br \/>(foto: EPA)<\/p><\/div>\n<h4><em><strong>Lasso dijo que siempre se manej\u00f3 &#8220;en cumplimiento de la ley&#8221;<\/strong><\/em><\/h4>\n<p><em><strong>QUITO, 07 OCT &#8211;<\/strong> <\/em>El presidente de Ecuador, Guillermo Lasso, envi\u00f3 una carta a la Comisi\u00f3n Fiscalizadora del Congreso (Parlamento unicameral), en la que confirma que est\u00e1 dispuesto a responder todas las preguntas que se le planteen sobre las revelaciones que sobre \u00e9l aparecieron en la reciente publicaci\u00f3n de los &#8220;Pandora Papers&#8221;.<br \/>\nLo inform\u00f3 hoy el diario Ultima Hora.<br \/>\nD\u00edas atr\u00e1s el presidente de la Comisi\u00f3n, Fernando Villavicencio, hab\u00eda instado al jefe de Estado a aclarar las dudas que suscita la investigaci\u00f3n period\u00edstica sobre para\u00edsos fiscales a partir de la publicaci\u00f3n de millones de documentos comprometedores para miles de personalidades de todo el mundo.<br \/>\n&#8220;Como funcionario p\u00fablico -escribi\u00f3 Lasso en la misiva dada a conocer el mi\u00e9rcoles- es mi obligaci\u00f3n aclarar cualquier inquietud que pueda tener el pueblo ecuatoriano&#8221;.<br \/>\nLuego de haber asegurado que no escondi\u00f3 nada y que siempre se movi\u00f3 &#8220;en Cumplimiento de la ley&#8221;, el mandatario invit\u00f3 a los integrantes de la Comisi\u00f3n Fiscalizadora a acudir al palacio presidencial de Carondelet para interrogarlo.<\/p>\n","protected":false},"excerpt":{"rendered":"<p>Lasso dijo que siempre se manej\u00f3 &#8220;en cumplimiento de la ley&#8221; QUITO, 07 OCT &#8211; El presidente de Ecuador, Guillermo Lasso, envi\u00f3 una carta a&hellip;<\/p>\n","protected":false},"author":99,"featured_media":499784,"comment_status":"open","ping_status":"open","sticky":false,"template":"","format":"standard","meta":{"footnotes":""},"categories":[23],"tags":[],"class_list":["post-499783","post","type-post","status-publish","format-standard","has-post-thumbnail","hentry","category-latinoamerica"],"_links":{"self":[{"href":"https:\/\/diarioelpopular.com\/index.php\/wp-json\/wp\/v2\/posts\/499783","targetHints":{"allow":["GET"]}}],"collection":[{"href":"https:\/\/diarioelpopular.com\/index.php\/wp-json\/wp\/v2\/posts"}],"about":[{"href":"https:\/\/diarioelpopular.com\/index.php\/wp-json\/wp\/v2\/types\/post"}],"author":[{"embeddable":true,"href":"https:\/\/diarioelpopular.com\/index.php\/wp-json\/wp\/v2\/users\/99"}],"replies":[{"embeddable":true,"href":"https:\/\/diarioelpopular.com\/index.php\/wp-json\/wp\/v2\/comments?post=499783"}],"version-history":[{"count":1,"href":"https:\/\/diarioelpopular.com\/index.php\/wp-json\/wp\/v2\/posts\/499783\/revisions"}],"predecessor-version":[{"id":499785,"href":"https:\/\/diarioelpopular.com\/index.php\/wp-json\/wp\/v2\/posts\/499783\/revisions\/499785"}],"wp:featuredmedia":[{"embeddable":true,"href":"https:\/\/diarioelpopular.com\/index.php\/wp-json\/wp\/v2\/media\/499784"}],"wp:attachment":[{"href":"https:\/\/diarioelpopular.com\/index.php\/wp-json\/wp\/v2\/media?parent=499783"}],"wp:term":[{"taxonomy":"category","embeddable":true,"href":"https:\/\/diarioelpopular.com\/index.php\/wp-json\/wp\/v2\/categories?post=499783"},{"taxonomy":"post_tag","embeddable":true,"href":"https:\/\/diarioelpopular.com\/index.php\/wp-json\/wp\/v2\/tags?post=499783"}],"curies":[{"name":"wp","href":"https:\/\/api.w.org\/{rel}","templated":true}]}}